{"id":31682,"date":"2020-07-29T14:22:30","date_gmt":"2020-07-29T14:22:30","guid":{"rendered":"https:\/\/jorgezanoni.com.br\/2019\/?p=31682"},"modified":"2020-07-29T14:22:30","modified_gmt":"2020-07-29T14:22:30","slug":"policia-militar-prende-tres-homens-por-trafico-de-drogas-em-junqueiropolis","status":"publish","type":"post","link":"https:\/\/jorgezanoni.com.br\/2019\/policia-militar-prende-tres-homens-por-trafico-de-drogas-em-junqueiropolis\/","title":{"rendered":"Pol\u00edcia Militar prende tr\u00eas homens por Tr\u00e1fico de Drogas em Junqueir\u00f3polis"},"content":{"rendered":"<p style=\"text-align: justify;\"><strong>TIROC\u00cdNIO E FARO, PARCERIA QUE LEVA PARA A PRIS\u00c3O TR\u00caS HOMENS POR TR\u00c1FICO DE DROGAS EM JUNQUEIR\u00d3POLIS.<\/strong><\/p>\n<p>Na data de ontem (28) por volta das 14h30min em patrulhamento de For\u00e7a T\u00e1tica pela cidade de Junqueir\u00f3polis, atrav\u00e9s de den\u00fancia \u00e0 equipe policial, que nesta data em hora incerta um homem de 18 anos levaria um quilo de maconha para um outro de 19 anos.<br \/>\nEm abordagem aos indiciados (19 e 22 anos)\u00a0<span class=\"text_exposed_show\">foi localizado uma por\u00e7\u00e3o de maconha e informado que o indiciado ainda levaria o combinado e que a droga poderia estar em um ve\u00edculo Saveiro.<br \/>\nDe posse das informa\u00e7\u00f5es foi realizado buscas e ao ser localizado o referido ve\u00edculo nada de il\u00edcito foi encontrado, mas o indiciado, confessou ter uma por\u00e7\u00e3o de maconha no fundo da casa de sua vizinha.<br \/>\nCom o apoio do Canil (c\u00e3o &#8220;Emy&#8221;) foi localizado a droga, que foi localizada pr\u00f3ximo ao muro, totalizando 0,240kg do entorpecente e mais uma balan\u00e7a de precis\u00e3o.<br \/>\nFoi dado voz de pris\u00e3o aos indiciados onde permaneceram presos \u00e0 disposi\u00e7\u00e3o da Justi\u00e7a.<\/p>\n<p>Pol\u00edcia Militar, a For\u00e7a P\u00fablica de S\u00e3o Paulo!<\/p>\n<p><a class=\"_58cn\" href=\"https:\/\/www.facebook.com\/hashtag\/25bpmi?__eep__=6&amp;epa=HASHTAG\" data-ft=\"{&quot;type&quot;:104,&quot;tn&quot;:&quot;*N&quot;}\">#25BPMI<\/a><br \/>\n<a class=\"_58cn\" href=\"https:\/\/www.facebook.com\/hashtag\/policiamilitarsp?__eep__=6&amp;epa=HASHTAG\" data-ft=\"{&quot;type&quot;:104,&quot;tn&quot;:&quot;*N&quot;}\">#POLICIAMILITARSP<\/a><br \/>\n<a class=\"_58cn\" href=\"https:\/\/www.facebook.com\/hashtag\/afor%C3%A7ap%C3%BAblicades%C3%A3opaulo?__eep__=6&amp;epa=HASHTAG\" data-ft=\"{&quot;type&quot;:104,&quot;tn&quot;:&quot;*N&quot;}\">#AFOR\u00c7AP\u00daBLICADES\u00c3OPAULO<\/a><br \/>\nCOMUNICA\u00c7\u00c3O SOCIAL DO 25BPMI e regi\u00e3o<\/span><\/p>\n","protected":false},"excerpt":{"rendered":"<p>TIROC\u00cdNIO E FARO, PARCERIA QUE LEVA PARA A PRIS\u00c3O TR\u00caS HOMENS POR TR\u00c1FICO DE DROGAS EM JUNQUEIR\u00d3POLIS. Na data de ontem (28) por volta das 14h30min em patrulhamento de For\u00e7a T\u00e1tica pela cidade de Junqueir\u00f3polis, atrav\u00e9s de den\u00fancia \u00e0 equipe policial, que nesta data em hora incerta um homem de 18 anos levaria um quilo [&hellip;]<\/p>\n","protected":false},"author":1,"featured_media":31683,"comment_status":"closed","ping_status":"open","sticky":false,"template":"","format":"standard","meta":{"footnotes":""},"categories":[110,2],"tags":[],"class_list":["post-31682","post","type-post","status-publish","format-standard","has-post-thumbnail","hentry","category-noticiasdestaque","category-policial"],"_links":{"self":[{"href":"https:\/\/jorgezanoni.com.br\/2019\/wp-json\/wp\/v2\/posts\/31682","targetHints":{"allow":["GET"]}}],"collection":[{"href":"https:\/\/jorgezanoni.com.br\/2019\/wp-json\/wp\/v2\/posts"}],"about":[{"href":"https:\/\/jorgezanoni.com.br\/2019\/wp-json\/wp\/v2\/types\/post"}],"author":[{"embeddable":true,"href":"https:\/\/jorgezanoni.com.br\/2019\/wp-json\/wp\/v2\/users\/1"}],"replies":[{"embeddable":true,"href":"https:\/\/jorgezanoni.com.br\/2019\/wp-json\/wp\/v2\/comments?post=31682"}],"version-history":[{"count":0,"href":"https:\/\/jorgezanoni.com.br\/2019\/wp-json\/wp\/v2\/posts\/31682\/revisions"}],"wp:featuredmedia":[{"embeddable":true,"href":"https:\/\/jorgezanoni.com.br\/2019\/wp-json\/wp\/v2\/media\/31683"}],"wp:attachment":[{"href":"https:\/\/jorgezanoni.com.br\/2019\/wp-json\/wp\/v2\/media?parent=31682"}],"wp:term":[{"taxonomy":"category","embeddable":true,"href":"https:\/\/jorgezanoni.com.br\/2019\/wp-json\/wp\/v2\/categories?post=31682"},{"taxonomy":"post_tag","embeddable":true,"href":"https:\/\/jorgezanoni.com.br\/2019\/wp-json\/wp\/v2\/tags?post=31682"}],"curies":[{"name":"wp","href":"https:\/\/api.w.org\/{rel}","templated":true}]}}