{"id":31645,"date":"2020-07-29T00:43:08","date_gmt":"2020-07-29T00:43:08","guid":{"rendered":"https:\/\/jorgezanoni.com.br\/2019\/?p=31645"},"modified":"2020-07-29T00:43:08","modified_gmt":"2020-07-29T00:43:08","slug":"capivara-passeia-pelo-centro-de-adamantina-e-e-capturada-pelos-bombeiros-depois-de-invadir-loja-de-colchoes","status":"publish","type":"post","link":"https:\/\/jorgezanoni.com.br\/2019\/capivara-passeia-pelo-centro-de-adamantina-e-e-capturada-pelos-bombeiros-depois-de-invadir-loja-de-colchoes\/","title":{"rendered":"Capivara &#8216;passeia&#8217; pelo Centro de Adamantina e \u00e9 capturada pelos bombeiros depois de invadir loja de colch\u00f5es"},"content":{"rendered":"<h2 class=\"content-head__subtitle\" style=\"text-align: justify;\"><strong>Corpora\u00e7\u00e3o utilizou rede, camb\u00e3o e uma gaiola para conter o animal, que n\u00e3o estava ferido, mas recebeu cuidados veterin\u00e1rios antes de ser solto em seu habitat natural.<\/strong><\/h2>\n<div class=\"mc-column content-text active-extra-styles \" data-block-type=\"unstyled\" data-block-weight=\"36\" data-block-id=\"2\">\n<p class=\"content-text__container \" data-track-category=\"Link no Texto\" data-track-links=\"\">O Corpo de Bombeiros capturou uma capivara depois que o animal silvestre invadiu uma loja de colch\u00f5es no Centro de\u00a0<a href=\"https:\/\/g1.globo.com\/sp\/presidente-prudente-regiao\/cidade\/adamantina\/\">Adamantina (SP)<\/a>, nesta ter\u00e7a-feira (28), por volta das 16h30\u00a0<em>(<\/em><strong><em>veja o v\u00eddeo no final da reportagem<\/em><\/strong><em>).<\/em><\/p>\n<\/div>\n<div class=\"wall protected-content\">\n<div class=\"mc-column content-text active-extra-styles \" data-block-type=\"unstyled\" data-block-weight=\"24\" data-block-id=\"3\">\n<p class=\"content-text__container \" data-track-category=\"Link no Texto\" data-track-links=\"\">A equipe foi acionada por um morador que avistou a capivara, de aproximadamente 60 quilos, em um terreno pr\u00f3ximo ao Centro da cidade.<\/p>\n<\/div>\n<div class=\"mc-column content-text active-extra-styles \" data-block-type=\"unstyled\" data-block-weight=\"36\" data-block-id=\"4\">\n<p class=\"content-text__container \" data-track-category=\"Link no Texto\" data-track-links=\"\">Segundo a corpora\u00e7\u00e3o, o animal acabou se deslocando do terreno para a \u00e1rea central, onde passou por ruas e avenidas at\u00e9 chegar em uma loja de colch\u00f5es, localizada na Avenida Capit\u00e3o Jos\u00e9 Ant\u00f4nio de Oliveira.<\/p>\n<\/div>\n<div class=\"mc-column content-text active-extra-styles \" data-block-type=\"unstyled\" data-block-weight=\"14\" data-block-id=\"5\">\n<p class=\"content-text__container \" data-track-category=\"Link no Texto\" data-track-links=\"\">O animal foi contido pelos bombeiros com uma rede, camb\u00e3o e uma gaiola.<\/p>\n<\/div>\n<div class=\"mc-column content-text active-extra-styles \" data-block-type=\"unstyled\" data-block-weight=\"16\" data-block-id=\"6\">\n<p class=\"content-text__container \" data-track-category=\"Link no Texto\" data-track-links=\"\">A capivara n\u00e3o estava feriada, mas foi levada para uma cl\u00ednica veterin\u00e1ria para avalia\u00e7\u00e3o m\u00e9dica.<\/p>\n<\/div>\n<div class=\"mc-column content-text active-extra-styles \" data-block-type=\"unstyled\" data-block-weight=\"21\" data-block-id=\"7\">\n<p class=\"content-text__container \" data-track-category=\"Link no Texto\" data-track-links=\"\">Ainda de acordo com a corpora\u00e7\u00e3o, a capivara ser\u00e1 solta em uma \u00c1rea de Preserva\u00e7\u00e3o Permanente, no bairro Aidel\u00e2ndia, em Adamantina.<\/p>\n<div class=\"row medium-uncollapsed content-media content-video \" data-block-type=\"backstage-video\" data-block-id=\"8\">\n<div class=\"content-media__container column medium-22 large-20 medium-centered\">\n<p class=\"content-media__description\">Capivara \u00e9 resgatada em loja de colch\u00e3o em Adamantina<\/p>\n<\/div>\n<\/div>\n<div class=\"row medium-uncollapsed content-media content-photo\" data-block-type=\"backstage-photo\" data-block-id=\"10\">\n<div class=\"column medium-22 large-20 medium-centered content-media__container\">\n<figure><img decoding=\"async\" class=\"i-amphtml-fill-content i-amphtml-replaced-content\" src=\"https:\/\/s2.glbimg.com\/MflIp-50LaQ89gttlroFIR0jthI=\/0x0:1152x648\/1008x0\/smart\/filters:strip_icc()\/i.s3.glbimg.com\/v1\/AUTH_59edd422c0c84a879bd37670ae4f538a\/internal_photos\/bs\/2020\/K\/B\/PNV1LgQBGnhgjtU4GCxQ\/whatsapp-image-2020-07-28-at-18.11.07-2-.jpeg\" srcset=\"\" alt=\"Capivara foi capturada no Centro de Adamantina \u2014 Foto: Diego Fernandes Silva\/Adamantina Net\" \/><\/figure>\n<p class=\"content-media__description \">Capivara foi capturada no Centro de Adamantina \u2014 Foto: Diego Fernandes Silva\/Adamantina Net<\/p>\n<\/div>\n<\/div>\n<div class=\"row medium-uncollapsed content-media content-photo\" data-block-type=\"backstage-photo\" data-block-id=\"11\">\n<div class=\"column medium-22 large-20 medium-centered content-media__container\">\n<figure><img decoding=\"async\" class=\"i-amphtml-fill-content i-amphtml-replaced-content\" src=\"https:\/\/s2.glbimg.com\/j1IF40ZKcHh1exZpqPbWfMQmMGE=\/0x0:1152x560\/1008x0\/smart\/filters:strip_icc()\/i.s3.glbimg.com\/v1\/AUTH_59edd422c0c84a879bd37670ae4f538a\/internal_photos\/bs\/2020\/X\/D\/L8ocIrQcOzIsIcIFboqQ\/whatsapp-image-2020-07-28-at-18.11.07.jpeg\" srcset=\"\" alt=\"Capivara foi capturada no Centro de Adamantina \u2014 Foto: Diego Fernandes Silva\/Adamantina Net\" \/><\/figure>\n<p class=\"content-media__description \">Capivara foi capturada no Centro de Adamantina \u2014 Foto: Diego Fernandes Silva\/Adamantina Net<\/p>\n<\/div>\n<\/div>\n<div class=\"row medium-uncollapsed content-media content-photo\" data-block-type=\"backstage-photo\" data-block-id=\"12\">\n<div class=\"column medium-22 large-20 medium-centered content-media__container\">\n<figure><img decoding=\"async\" class=\"i-amphtml-fill-content i-amphtml-replaced-content\" src=\"https:\/\/s2.glbimg.com\/1enTDXoO_ziw3ff4OluvbPwPolg=\/0x0:1152x648\/1008x0\/smart\/filters:strip_icc()\/i.s3.glbimg.com\/v1\/AUTH_59edd422c0c84a879bd37670ae4f538a\/internal_photos\/bs\/2020\/m\/h\/i4kLoySsGRU3f42UVNog\/whatsapp-image-2020-07-28-at-18.11.07-1-.jpeg\" srcset=\"\" alt=\"Capivara foi capturada no Centro de Adamantina \u2014 Foto: Diego Fernandes Silva\/Adamantina Net\" \/><\/figure>\n<p class=\"content-media__description \">Capivara foi capturada no Centro de Adamantina \u2014 Foto: Diego Fernandes Silva\/Adamantina Net<\/p>\n<p>Fonte: G1<\/p>\n<p><strong>VEJA VIDEOS DE INTERNAUTAS:<\/strong><\/p>\n<div style=\"width: 640px;\" class=\"wp-video\"><video class=\"wp-video-shortcode\" id=\"video-31645-1\" width=\"640\" height=\"352\" preload=\"metadata\" controls=\"controls\"><source type=\"video\/mp4\" src=\"https:\/\/jorgezanoni.com.br\/2019\/wp-content\/uploads\/2020\/07\/WhatsApp-Video-2020-07-28-at-18.37.25-1.mp4?_=1\" \/><a href=\"https:\/\/jorgezanoni.com.br\/2019\/wp-content\/uploads\/2020\/07\/WhatsApp-Video-2020-07-28-at-18.37.25-1.mp4\">https:\/\/jorgezanoni.com.br\/2019\/wp-content\/uploads\/2020\/07\/WhatsApp-Video-2020-07-28-at-18.37.25-1.mp4<\/a><\/video><\/div>\n<div style=\"width: 640px;\" class=\"wp-video\"><video class=\"wp-video-shortcode\" id=\"video-31645-2\" width=\"640\" height=\"352\" preload=\"metadata\" controls=\"controls\"><source type=\"video\/mp4\" src=\"https:\/\/jorgezanoni.com.br\/2019\/wp-content\/uploads\/2020\/07\/WhatsApp-Video-2020-07-28-at-18.37.25.mp4?_=2\" \/><a href=\"https:\/\/jorgezanoni.com.br\/2019\/wp-content\/uploads\/2020\/07\/WhatsApp-Video-2020-07-28-at-18.37.25.mp4\">https:\/\/jorgezanoni.com.br\/2019\/wp-content\/uploads\/2020\/07\/WhatsApp-Video-2020-07-28-at-18.37.25.mp4<\/a><\/video><\/div>\n<div style=\"width: 640px;\" class=\"wp-video\"><video class=\"wp-video-shortcode\" id=\"video-31645-3\" width=\"640\" height=\"352\" preload=\"metadata\" controls=\"controls\"><source type=\"video\/mp4\" src=\"https:\/\/jorgezanoni.com.br\/2019\/wp-content\/uploads\/2020\/07\/WhatsApp-Video-2020-07-28-at-18.37.24.mp4?_=3\" \/><a href=\"https:\/\/jorgezanoni.com.br\/2019\/wp-content\/uploads\/2020\/07\/WhatsApp-Video-2020-07-28-at-18.37.24.mp4\">https:\/\/jorgezanoni.com.br\/2019\/wp-content\/uploads\/2020\/07\/WhatsApp-Video-2020-07-28-at-18.37.24.mp4<\/a><\/video><\/div>\n<\/div>\n<\/div>\n<\/div>\n<\/div>\n","protected":false},"excerpt":{"rendered":"<p>Corpora\u00e7\u00e3o utilizou rede, camb\u00e3o e uma gaiola para conter o animal, que n\u00e3o estava ferido, mas recebeu cuidados veterin\u00e1rios antes de ser solto em seu habitat natural. O Corpo de Bombeiros capturou uma capivara depois que o animal silvestre invadiu uma loja de colch\u00f5es no Centro de\u00a0Adamantina (SP), nesta ter\u00e7a-feira (28), por volta das 16h30\u00a0(veja [&hellip;]<\/p>\n","protected":false},"author":1,"featured_media":31650,"comment_status":"closed","ping_status":"open","sticky":false,"template":"","format":"video","meta":{"footnotes":""},"categories":[176,110,169],"tags":[],"class_list":["post-31645","post","type-post","status-publish","format-video","has-post-thumbnail","hentry","category-meioambienteeagricultura","category-noticiasdestaque","category-videos","post_format-post-format-video"],"_links":{"self":[{"href":"https:\/\/jorgezanoni.com.br\/2019\/wp-json\/wp\/v2\/posts\/31645","targetHints":{"allow":["GET"]}}],"collection":[{"href":"https:\/\/jorgezanoni.com.br\/2019\/wp-json\/wp\/v2\/posts"}],"about":[{"href":"https:\/\/jorgezanoni.com.br\/2019\/wp-json\/wp\/v2\/types\/post"}],"author":[{"embeddable":true,"href":"https:\/\/jorgezanoni.com.br\/2019\/wp-json\/wp\/v2\/users\/1"}],"replies":[{"embeddable":true,"href":"https:\/\/jorgezanoni.com.br\/2019\/wp-json\/wp\/v2\/comments?post=31645"}],"version-history":[{"count":0,"href":"https:\/\/jorgezanoni.com.br\/2019\/wp-json\/wp\/v2\/posts\/31645\/revisions"}],"wp:featuredmedia":[{"embeddable":true,"href":"https:\/\/jorgezanoni.com.br\/2019\/wp-json\/wp\/v2\/media\/31650"}],"wp:attachment":[{"href":"https:\/\/jorgezanoni.com.br\/2019\/wp-json\/wp\/v2\/media?parent=31645"}],"wp:term":[{"taxonomy":"category","embeddable":true,"href":"https:\/\/jorgezanoni.com.br\/2019\/wp-json\/wp\/v2\/categories?post=31645"},{"taxonomy":"post_tag","embeddable":true,"href":"https:\/\/jorgezanoni.com.br\/2019\/wp-json\/wp\/v2\/tags?post=31645"}],"curies":[{"name":"wp","href":"https:\/\/api.w.org\/{rel}","templated":true}]}}