{"id":31621,"date":"2020-07-28T16:10:47","date_gmt":"2020-07-28T16:10:47","guid":{"rendered":"https:\/\/jorgezanoni.com.br\/2019\/?p=31621"},"modified":"2020-07-28T16:10:47","modified_gmt":"2020-07-28T16:10:47","slug":"morre-a-funcionaria-publica-marines-gonzales","status":"publish","type":"post","link":"https:\/\/jorgezanoni.com.br\/2019\/morre-a-funcionaria-publica-marines-gonzales\/","title":{"rendered":"Morre a funcion\u00e1ria p\u00fablica Marines Gonzales"},"content":{"rendered":"<p style=\"text-align: justify;\">Comunicamos com pesar o falecimento de Marines Gonzales de 70 anos, ocorrido em hospital na cidade de Presidente Prudente.<\/p>\n<p style=\"text-align: justify;\">Foi professora da Unesp e atualmente trabalhava como Enfermeira da Vigil\u00e2ncia Epidemiol\u00f3gica do Estado.<\/p>\n<p style=\"text-align: justify;\">Marines \u00e9 irm\u00e3 do empres\u00e1rio Arcanjo Gonzales, Maristela Rossi e Catarina (in mem\u00f3ria).<\/p>\n<p style=\"text-align: justify;\">O seu corpo ser\u00e1 velado no Memorial Athia na Avenida Coronel Marcondes em Presidente Prudente a partir das 14:00 Horas, e o Sepultamento acontece \u00e0s 17:00 Horas no Cemit\u00e9rio da Paz naquela cidade.<\/p>\n<p style=\"text-align: justify;\">O Site JZ se solidariza com toda a Familia Gonzales pelo passamento da querida Marines.<\/p>\n<p style=\"text-align: justify;\">Jorge Zanoni<\/p>\n","protected":false},"excerpt":{"rendered":"<p>Comunicamos com pesar o falecimento de Marines Gonzales de 70 anos, ocorrido em hospital na cidade de Presidente Prudente. Foi professora da Unesp e atualmente trabalhava como Enfermeira da Vigil\u00e2ncia Epidemiol\u00f3gica do Estado. Marines \u00e9 irm\u00e3 do empres\u00e1rio Arcanjo Gonzales, Maristela Rossi e Catarina (in mem\u00f3ria). O seu corpo ser\u00e1 velado no Memorial Athia na [&hellip;]<\/p>\n","protected":false},"author":1,"featured_media":31622,"comment_status":"closed","ping_status":"open","sticky":false,"template":"","format":"standard","meta":{"footnotes":""},"categories":[178,110],"tags":[],"class_list":["post-31621","post","type-post","status-publish","format-standard","has-post-thumbnail","hentry","category-notadefalecimento","category-noticiasdestaque"],"_links":{"self":[{"href":"https:\/\/jorgezanoni.com.br\/2019\/wp-json\/wp\/v2\/posts\/31621","targetHints":{"allow":["GET"]}}],"collection":[{"href":"https:\/\/jorgezanoni.com.br\/2019\/wp-json\/wp\/v2\/posts"}],"about":[{"href":"https:\/\/jorgezanoni.com.br\/2019\/wp-json\/wp\/v2\/types\/post"}],"author":[{"embeddable":true,"href":"https:\/\/jorgezanoni.com.br\/2019\/wp-json\/wp\/v2\/users\/1"}],"replies":[{"embeddable":true,"href":"https:\/\/jorgezanoni.com.br\/2019\/wp-json\/wp\/v2\/comments?post=31621"}],"version-history":[{"count":0,"href":"https:\/\/jorgezanoni.com.br\/2019\/wp-json\/wp\/v2\/posts\/31621\/revisions"}],"wp:featuredmedia":[{"embeddable":true,"href":"https:\/\/jorgezanoni.com.br\/2019\/wp-json\/wp\/v2\/media\/31622"}],"wp:attachment":[{"href":"https:\/\/jorgezanoni.com.br\/2019\/wp-json\/wp\/v2\/media?parent=31621"}],"wp:term":[{"taxonomy":"category","embeddable":true,"href":"https:\/\/jorgezanoni.com.br\/2019\/wp-json\/wp\/v2\/categories?post=31621"},{"taxonomy":"post_tag","embeddable":true,"href":"https:\/\/jorgezanoni.com.br\/2019\/wp-json\/wp\/v2\/tags?post=31621"}],"curies":[{"name":"wp","href":"https:\/\/api.w.org\/{rel}","templated":true}]}}