{"id":31618,"date":"2020-07-28T15:53:43","date_gmt":"2020-07-28T15:53:43","guid":{"rendered":"https:\/\/jorgezanoni.com.br\/2019\/?p=31618"},"modified":"2020-07-28T15:53:43","modified_gmt":"2020-07-28T15:53:43","slug":"menino-morre-em-acidente-com-carreta-na-rodovia-euclides-da-cunha-em-santa-fe-do-sul","status":"publish","type":"post","link":"https:\/\/jorgezanoni.com.br\/2019\/menino-morre-em-acidente-com-carreta-na-rodovia-euclides-da-cunha-em-santa-fe-do-sul\/","title":{"rendered":"Menino morre em acidente com carreta na Rodovia Euclides da Cunha em Santa F\u00e9 do Sul"},"content":{"rendered":"<h2 class=\"content-head__subtitle\" style=\"text-align: justify;\"><strong>M\u00e3e e filho de 11 anos seguiam sentido Mato Grosso do Sul (MS) quando colidiram com uma carreta e o ve\u00edculo foi arremessado para o canteiro central.<\/strong><\/h2>\n<div class=\"mc-column content-text active-extra-styles \" data-block-type=\"unstyled\" data-block-weight=\"27\" data-block-id=\"2\">\n<p class=\"content-text__container \" style=\"text-align: justify;\" data-track-category=\"Link no Texto\" data-track-links=\"\">Um menino de 11 anos morreu em um acidente na Rodovia Euclides da Cunha, km 622, em Santa F\u00e9 do Sul (SP), na manh\u00e3 desta ter\u00e7a-feira (28).<\/p>\n<\/div>\n<div class=\"wall protected-content\">\n<div class=\"mc-column content-text active-extra-styles \" style=\"text-align: justify;\" data-block-type=\"unstyled\" data-block-weight=\"39\" data-block-id=\"3\">\n<p class=\"content-text__container \" data-track-category=\"Link no Texto\" data-track-links=\"\">De acordo com a Pol\u00edcia Rodovi\u00e1ria, a crian\u00e7a estava no carro com a m\u00e3e, que seguia sentido ao Mato Grosso do Sul (MS), quando houve uma colis\u00e3o lateral com uma carreta. O carro foi jogado para o canteiro central.<\/p>\n<\/div>\n<div class=\"mc-column content-text active-extra-styles \" style=\"text-align: justify;\" data-block-type=\"unstyled\" data-block-weight=\"43\" data-block-id=\"4\">\n<p class=\"content-text__container \" data-track-category=\"Link no Texto\" data-track-links=\"\">M\u00e3e e filho foram lan\u00e7ados para fora do ve\u00edculo. A m\u00e3e foi socorrida e encaminhada para a Santa Casa do munic\u00edpio e est\u00e1 em estado grave. O menino chegou a ser socorrido e encaminhado a Unidade de Pronto Atendimento (UPA), mas n\u00e3o resistiu.<\/p>\n<\/div>\n<div class=\"mc-column content-text active-extra-styles \" data-block-type=\"unstyled\" data-block-weight=\"15\" data-block-id=\"5\">\n<p class=\"content-text__container \" style=\"text-align: justify;\" data-track-category=\"Link no Texto\" data-track-links=\"\">Ainda de acordo com a pol\u00edcia, o motorista da carreta n\u00e3o parou para prestar socorro.<\/p>\n<p style=\"text-align: justify;\" data-track-category=\"Link no Texto\" data-track-links=\"\">Fonte: G1<\/p>\n<\/div>\n<\/div>\n","protected":false},"excerpt":{"rendered":"<p>M\u00e3e e filho de 11 anos seguiam sentido Mato Grosso do Sul (MS) quando colidiram com uma carreta e o ve\u00edculo foi arremessado para o canteiro central. Um menino de 11 anos morreu em um acidente na Rodovia Euclides da Cunha, km 622, em Santa F\u00e9 do Sul (SP), na manh\u00e3 desta ter\u00e7a-feira (28). De [&hellip;]<\/p>\n","protected":false},"author":1,"featured_media":31619,"comment_status":"closed","ping_status":"open","sticky":false,"template":"","format":"standard","meta":{"footnotes":""},"categories":[170,110],"tags":[],"class_list":["post-31618","post","type-post","status-publish","format-standard","has-post-thumbnail","hentry","category-acidentes","category-noticiasdestaque"],"_links":{"self":[{"href":"https:\/\/jorgezanoni.com.br\/2019\/wp-json\/wp\/v2\/posts\/31618","targetHints":{"allow":["GET"]}}],"collection":[{"href":"https:\/\/jorgezanoni.com.br\/2019\/wp-json\/wp\/v2\/posts"}],"about":[{"href":"https:\/\/jorgezanoni.com.br\/2019\/wp-json\/wp\/v2\/types\/post"}],"author":[{"embeddable":true,"href":"https:\/\/jorgezanoni.com.br\/2019\/wp-json\/wp\/v2\/users\/1"}],"replies":[{"embeddable":true,"href":"https:\/\/jorgezanoni.com.br\/2019\/wp-json\/wp\/v2\/comments?post=31618"}],"version-history":[{"count":0,"href":"https:\/\/jorgezanoni.com.br\/2019\/wp-json\/wp\/v2\/posts\/31618\/revisions"}],"wp:featuredmedia":[{"embeddable":true,"href":"https:\/\/jorgezanoni.com.br\/2019\/wp-json\/wp\/v2\/media\/31619"}],"wp:attachment":[{"href":"https:\/\/jorgezanoni.com.br\/2019\/wp-json\/wp\/v2\/media?parent=31618"}],"wp:term":[{"taxonomy":"category","embeddable":true,"href":"https:\/\/jorgezanoni.com.br\/2019\/wp-json\/wp\/v2\/categories?post=31618"},{"taxonomy":"post_tag","embeddable":true,"href":"https:\/\/jorgezanoni.com.br\/2019\/wp-json\/wp\/v2\/tags?post=31618"}],"curies":[{"name":"wp","href":"https:\/\/api.w.org\/{rel}","templated":true}]}}