{"id":31612,"date":"2020-07-28T14:55:52","date_gmt":"2020-07-28T14:55:52","guid":{"rendered":"https:\/\/jorgezanoni.com.br\/2019\/?p=31612"},"modified":"2020-07-28T15:40:08","modified_gmt":"2020-07-28T15:40:08","slug":"o-dia-do-agricultor-e-comemorado-hoje-28-de-julho","status":"publish","type":"post","link":"https:\/\/jorgezanoni.com.br\/2019\/o-dia-do-agricultor-e-comemorado-hoje-28-de-julho\/","title":{"rendered":"O\u00a0Dia do Agricultor\u00a0\u00e9 comemorado hoje,\u00a028 de julho"},"content":{"rendered":"<div class=\"col-xs-12 col-sm-8 holiday-detail-box\">\n<h1 style=\"text-align: justify;\">Dia do Agricultor<\/h1>\n<\/div>\n<div class=\"col-sm-8 list-holiday-box\">\n<div class=\"next-holiday-box\" style=\"text-align: justify;\">A data homenageia os profissionais que trabalham com o cultivo de &#8220;produtos da terra&#8221;, como frutas, hortali\u00e7as e vegetais.<\/div>\n<div id=\"sg-social-share-content\" class=\"holiday-content\">\n<p style=\"text-align: justify;\">O agricultor \u00e9 um dos principais motores da economia nacional, respons\u00e1vel por produzir alguns dos bens essenciais para o sustento do pa\u00eds.<\/p>\n<p style=\"text-align: justify;\"><img loading=\"lazy\" decoding=\"async\" src=\"https:\/\/s.calendarr.com\/upload\/datas\/di\/ad\/dia-do-agricultor_c.jpg\" alt=\"Agricultor feliz no terreno\" width=\"655\" height=\"368\" \/><\/p>\n<h2 style=\"text-align: justify;\">Homenagem ao Dia do Agricultor<\/h2>\n<p style=\"text-align: justify;\"><em>&#8220;O mais importante de suas conquistas \u00e9 que elas rendam prosperidade e muito mais felicidade por hectare! Parab\u00e9ns!&#8221;<\/em><\/p>\n<p style=\"text-align: justify;\"><em>&#8220;Construindo com qualidade uma agricultura forte, alimentando o mundo atrav\u00e9s de uma semeadura de dedica\u00e7\u00e3o e cuidado com o solo e com a vida. Cultivando amor pelo que faz e orgulhando a todos pelo que produz. Parab\u00e9ns, Agricultor!&#8221;<\/em><\/p>\n<p style=\"text-align: justify;\"><em>&#8220;Quem prestigia o nascer do sol e produz imensid\u00f5es para a multid\u00e3o, sabe o verdadeiro valor de um amigo da terra!&#8221;<\/em><\/p>\n<p><strong>VEJA O V\u00cdDEO:<\/strong><\/p>\n<div style=\"width: 400px;\" class=\"wp-video\"><video class=\"wp-video-shortcode\" id=\"video-31612-1\" width=\"400\" height=\"220\" preload=\"metadata\" controls=\"controls\"><source type=\"video\/mp4\" src=\"https:\/\/jorgezanoni.com.br\/2019\/wp-content\/uploads\/2020\/07\/WhatsApp-Video-2020-07-28-at-12.24.17.mp4?_=1\" \/><a href=\"https:\/\/jorgezanoni.com.br\/2019\/wp-content\/uploads\/2020\/07\/WhatsApp-Video-2020-07-28-at-12.24.17.mp4\">https:\/\/jorgezanoni.com.br\/2019\/wp-content\/uploads\/2020\/07\/WhatsApp-Video-2020-07-28-at-12.24.17.mp4<\/a><\/video><\/div>\n<h2 style=\"text-align: justify;\">Origem do Dia do Agricultor<\/h2>\n<p style=\"text-align: justify;\">O Dia do Agricultor foi criado atrav\u00e9s do\u00a0<strong>Decreto de Lei n\u00ba 48.630, de 27 de julho de 1960<\/strong>, em comemora\u00e7\u00e3o ao anivers\u00e1rio de 100 anos da funda\u00e7\u00e3o da Secretaria de Estado dos Neg\u00f3cios da Agricultura, Com\u00e9rcio e Obras P\u00fablicas, em 1860, por Dom Pedro II.<\/p>\n<p style=\"text-align: justify;\">O presidente Juscelino Kubitschek foi quem assinou a lei, acreditando serem os agricultores os principais respons\u00e1veis pelo crescimento econ\u00f4mico do Brasil, em meados do s\u00e9culo XX.<\/p>\n<p>Fonte: https:\/\/www.calendarr.com\/brasil\/dia-do-agricultor\/<\/p>\n<\/div>\n<\/div>\n","protected":false},"excerpt":{"rendered":"<p>Dia do Agricultor A data homenageia os profissionais que trabalham com o cultivo de &#8220;produtos da terra&#8221;, como frutas, hortali\u00e7as e vegetais. O agricultor \u00e9 um dos principais motores da economia nacional, respons\u00e1vel por produzir alguns dos bens essenciais para o sustento do pa\u00eds. Homenagem ao Dia do Agricultor &#8220;O mais importante de suas conquistas [&hellip;]<\/p>\n","protected":false},"author":1,"featured_media":31613,"comment_status":"closed","ping_status":"open","sticky":false,"template":"","format":"standard","meta":{"footnotes":""},"categories":[176,110],"tags":[],"class_list":["post-31612","post","type-post","status-publish","format-standard","has-post-thumbnail","hentry","category-meioambienteeagricultura","category-noticiasdestaque"],"_links":{"self":[{"href":"https:\/\/jorgezanoni.com.br\/2019\/wp-json\/wp\/v2\/posts\/31612","targetHints":{"allow":["GET"]}}],"collection":[{"href":"https:\/\/jorgezanoni.com.br\/2019\/wp-json\/wp\/v2\/posts"}],"about":[{"href":"https:\/\/jorgezanoni.com.br\/2019\/wp-json\/wp\/v2\/types\/post"}],"author":[{"embeddable":true,"href":"https:\/\/jorgezanoni.com.br\/2019\/wp-json\/wp\/v2\/users\/1"}],"replies":[{"embeddable":true,"href":"https:\/\/jorgezanoni.com.br\/2019\/wp-json\/wp\/v2\/comments?post=31612"}],"version-history":[{"count":0,"href":"https:\/\/jorgezanoni.com.br\/2019\/wp-json\/wp\/v2\/posts\/31612\/revisions"}],"wp:featuredmedia":[{"embeddable":true,"href":"https:\/\/jorgezanoni.com.br\/2019\/wp-json\/wp\/v2\/media\/31613"}],"wp:attachment":[{"href":"https:\/\/jorgezanoni.com.br\/2019\/wp-json\/wp\/v2\/media?parent=31612"}],"wp:term":[{"taxonomy":"category","embeddable":true,"href":"https:\/\/jorgezanoni.com.br\/2019\/wp-json\/wp\/v2\/categories?post=31612"},{"taxonomy":"post_tag","embeddable":true,"href":"https:\/\/jorgezanoni.com.br\/2019\/wp-json\/wp\/v2\/tags?post=31612"}],"curies":[{"name":"wp","href":"https:\/\/api.w.org\/{rel}","templated":true}]}}