{"id":31609,"date":"2020-07-28T14:36:23","date_gmt":"2020-07-28T14:36:23","guid":{"rendered":"https:\/\/jorgezanoni.com.br\/2019\/?p=31609"},"modified":"2020-07-28T14:36:23","modified_gmt":"2020-07-28T14:36:23","slug":"acidente-com-caminhao-deixa-vitima-grave-e-pista-interditada-em-martinopolis","status":"publish","type":"post","link":"https:\/\/jorgezanoni.com.br\/2019\/acidente-com-caminhao-deixa-vitima-grave-e-pista-interditada-em-martinopolis\/","title":{"rendered":"Acidente com caminh\u00e3o deixa v\u00edtima grave e pista interditada em Martin\u00f3polis"},"content":{"rendered":"<h2 class=\"content-head__subtitle\" style=\"text-align: justify;\"><strong>Al\u00e7a de acesso que liga a Rodovia Assis Chateaubriand \u00e0 Rodovia Homero Severo Lins est\u00e1 fechada para o tr\u00e1fego de ve\u00edculos.<\/strong><\/h2>\n<div class=\"mc-column content-text active-extra-styles \" data-block-type=\"unstyled\" data-block-weight=\"41\" data-block-id=\"2\">\n<p class=\"content-text__container \" style=\"text-align: justify;\" data-track-category=\"Link no Texto\" data-track-links=\"\">Um acidente de tr\u00e2nsito foi registrado na manh\u00e3 desta ter\u00e7a-feira (28) numa al\u00e7a de acesso que liga a Rodovia Assis Chateaubriand (SP-425) para a Rodovia Homero Severo Lins (SP-284), em\u00a0<a href=\"http:\/\/g1.globo.com\/sp\/presidente-prudente-regiao\/cidade\/martinopolis-sp.html\">Martin\u00f3polis<\/a>. O condutor do caminh\u00e3o envolvido sofreu les\u00f5es de natureza grave.<\/p>\n<\/div>\n<div class=\"wall protected-content\">\n<div class=\"mc-column content-text active-extra-styles \" style=\"text-align: justify;\" data-block-type=\"unstyled\" data-block-weight=\"12\" data-block-id=\"3\">\n<p class=\"content-text__container \" data-track-category=\"Link no Texto\" data-track-links=\"\">A ocorr\u00eancia segue em andamento e a al\u00e7a de acesso est\u00e1 interditada.<\/p>\n<\/div>\n<div class=\"mc-column content-text active-extra-styles \" style=\"text-align: justify;\" data-block-type=\"unstyled\" data-block-weight=\"49\" data-block-id=\"4\">\n<p class=\"content-text__container \" data-track-category=\"Link no Texto\" data-track-links=\"\">Conforme constatado no local pelo Policiamento Rodovi\u00e1rio, por meio de vest\u00edgios e posi\u00e7\u00e3o final do ve\u00edculo, o condutor efetuava manobra com o ve\u00edculo no interior do p\u00e1tio de uma empresa privada e, por motivos a serem esclarecidos, perdeu o controle da dire\u00e7\u00e3o e chocou-se contra o muro de conten\u00e7\u00e3o.<\/p>\n<\/div>\n<div class=\"mc-column content-text active-extra-styles \" style=\"text-align: justify;\" data-block-type=\"unstyled\" data-block-weight=\"25\" data-block-id=\"5\">\n<p class=\"content-text__container \" data-track-category=\"Link no Texto\" data-track-links=\"\">Na sequ\u00eancia, o ve\u00edculo invadiu a \u00e1rea lindeira do local e permaneceu imobilizado at\u00e9 a chegada dos \u00f3rg\u00e3os policiais, Corpo de Bombeiros e Concession\u00e1ria Eixo-SP.<\/p>\n<\/div>\n<div class=\"mc-column content-text active-extra-styles \" style=\"text-align: justify;\" data-block-type=\"unstyled\" data-block-weight=\"26\" data-block-id=\"6\">\n<p class=\"content-text__container \" data-track-category=\"Link no Texto\" data-track-links=\"\">O tr\u00e2nsito sofreu interrup\u00e7\u00f5es parciais para socorro da v\u00edtima, transbordo da carga e retirada do ve\u00edculo, sendo controlado com apoio do Policiamento Rodovi\u00e1rio e da Concession\u00e1ria.<\/p>\n<\/div>\n<div class=\"row medium-uncollapsed content-media content-photo\" style=\"text-align: justify;\" data-block-type=\"backstage-photo\" data-block-id=\"7\">\n<div class=\"mc-column content-media__container\">\n<figure><img decoding=\"async\" class=\"i-amphtml-fill-content i-amphtml-replaced-content\" src=\"https:\/\/s2.glbimg.com\/kvGCf-djExOdLm6PTGdQpyGy6BM=\/0x0:864x1152\/984x0\/smart\/filters:strip_icc()\/i.s3.glbimg.com\/v1\/AUTH_59edd422c0c84a879bd37670ae4f538a\/internal_photos\/bs\/2020\/C\/6\/Ib5cm3SwW9ZvbnBzOZaw\/t187fl5f202c679be47.jpeg\" sizes=\"(max-width: 1242px) 648px, 100vw\" srcset=\"https:\/\/s2.glbimg.com\/_D41TgKZ9YyvfeGpnGgPTR-Vcjg=\/0x0:864x1152\/1000x0\/smart\/filters:strip_icc()\/i.s3.glbimg.com\/v1\/AUTH_59edd422c0c84a879bd37670ae4f538a\/internal_photos\/bs\/2020\/C\/6\/Ib5cm3SwW9ZvbnBzOZaw\/t187fl5f202c679be47.jpeg 1000w, https:\/\/s2.glbimg.com\/kvGCf-djExOdLm6PTGdQpyGy6BM=\/0x0:864x1152\/984x0\/smart\/filters:strip_icc()\/i.s3.glbimg.com\/v1\/AUTH_59edd422c0c84a879bd37670ae4f538a\/internal_photos\/bs\/2020\/C\/6\/Ib5cm3SwW9ZvbnBzOZaw\/t187fl5f202c679be47.jpeg 984w, https:\/\/s2.glbimg.com\/smwIRyZicrzYh6tKT6Al4X7i3mw=\/0x0:864x1152\/640x0\/smart\/filters:strip_icc()\/i.s3.glbimg.com\/v1\/AUTH_59edd422c0c84a879bd37670ae4f538a\/internal_photos\/bs\/2020\/C\/6\/Ib5cm3SwW9ZvbnBzOZaw\/t187fl5f202c679be47.jpeg 640w, https:\/\/s2.glbimg.com\/uyFOq6I-7hqqEcK1kjMXUoFM7_k=\/0x0:864x1152\/600x0\/smart\/filters:strip_icc()\/i.s3.glbimg.com\/v1\/AUTH_59edd422c0c84a879bd37670ae4f538a\/internal_photos\/bs\/2020\/C\/6\/Ib5cm3SwW9ZvbnBzOZaw\/t187fl5f202c679be47.jpeg 600w\" alt=\"Acidente foi na al\u00e7a de acesso da SP-425 para a SP-284 \u2014 Foto: Amadeu Figueiredo\/Cedida\" \/><\/figure>\n<p class=\"content-media__description \">Acidente foi na al\u00e7a de acesso da SP-425 para a SP-284 \u2014 Foto: Amadeu Figueiredo\/Cedida<\/p>\n<\/div>\n<\/div>\n<div class=\"row medium-uncollapsed content-media content-photo\" data-block-type=\"backstage-photo\" data-block-id=\"9\">\n<div class=\"mc-column content-media__container\">\n<figure style=\"text-align: justify;\"><img decoding=\"async\" class=\"i-amphtml-fill-content i-amphtml-replaced-content\" src=\"https:\/\/s2.glbimg.com\/QCJWcDpQgwTSwTU1Z5LKzciFfp8=\/0x0:1152x864\/984x0\/smart\/filters:strip_icc()\/i.s3.glbimg.com\/v1\/AUTH_59edd422c0c84a879bd37670ae4f538a\/internal_photos\/bs\/2020\/O\/L\/sLRFHsTPuymj6Y8809eQ\/t187fl5f202c67ab6d1.jpeg\" sizes=\"(max-width: 1242px) 648px, 100vw\" srcset=\"https:\/\/s2.glbimg.com\/b4cpyiaw2TwiNC4AzGs6_5cXTec=\/0x0:1152x864\/1000x0\/smart\/filters:strip_icc()\/i.s3.glbimg.com\/v1\/AUTH_59edd422c0c84a879bd37670ae4f538a\/internal_photos\/bs\/2020\/O\/L\/sLRFHsTPuymj6Y8809eQ\/t187fl5f202c67ab6d1.jpeg 1000w, https:\/\/s2.glbimg.com\/QCJWcDpQgwTSwTU1Z5LKzciFfp8=\/0x0:1152x864\/984x0\/smart\/filters:strip_icc()\/i.s3.glbimg.com\/v1\/AUTH_59edd422c0c84a879bd37670ae4f538a\/internal_photos\/bs\/2020\/O\/L\/sLRFHsTPuymj6Y8809eQ\/t187fl5f202c67ab6d1.jpeg 984w, https:\/\/s2.glbimg.com\/SXLMG2PdwQ6YYukI0VIoYME0rv4=\/0x0:1152x864\/640x0\/smart\/filters:strip_icc()\/i.s3.glbimg.com\/v1\/AUTH_59edd422c0c84a879bd37670ae4f538a\/internal_photos\/bs\/2020\/O\/L\/sLRFHsTPuymj6Y8809eQ\/t187fl5f202c67ab6d1.jpeg 640w, https:\/\/s2.glbimg.com\/8DApVx4wauYHAynlD32TlSLm2QA=\/0x0:1152x864\/600x0\/smart\/filters:strip_icc()\/i.s3.glbimg.com\/v1\/AUTH_59edd422c0c84a879bd37670ae4f538a\/internal_photos\/bs\/2020\/O\/L\/sLRFHsTPuymj6Y8809eQ\/t187fl5f202c67ab6d1.jpeg 600w\" alt=\"Acidente foi na al\u00e7a de acesso da SP-425 para a SP-284 \u2014 Foto: Amadeu Figueiredo\/Cedida\" \/><\/figure>\n<p class=\"content-media__description \" style=\"text-align: justify;\">Acidente foi na al\u00e7a de acesso da SP-425 para a SP-284 \u2014 Foto: Amadeu Figueiredo\/Cedida<\/p>\n<p>Fonte: G1<\/p>\n<\/div>\n<\/div>\n<\/div>\n","protected":false},"excerpt":{"rendered":"<p>Al\u00e7a de acesso que liga a Rodovia Assis Chateaubriand \u00e0 Rodovia Homero Severo Lins est\u00e1 fechada para o tr\u00e1fego de ve\u00edculos. Um acidente de tr\u00e2nsito foi registrado na manh\u00e3 desta ter\u00e7a-feira (28) numa al\u00e7a de acesso que liga a Rodovia Assis Chateaubriand (SP-425) para a Rodovia Homero Severo Lins (SP-284), em\u00a0Martin\u00f3polis. O condutor do caminh\u00e3o [&hellip;]<\/p>\n","protected":false},"author":1,"featured_media":31610,"comment_status":"closed","ping_status":"open","sticky":false,"template":"","format":"standard","meta":{"footnotes":""},"categories":[170,110],"tags":[],"class_list":["post-31609","post","type-post","status-publish","format-standard","has-post-thumbnail","hentry","category-acidentes","category-noticiasdestaque"],"_links":{"self":[{"href":"https:\/\/jorgezanoni.com.br\/2019\/wp-json\/wp\/v2\/posts\/31609","targetHints":{"allow":["GET"]}}],"collection":[{"href":"https:\/\/jorgezanoni.com.br\/2019\/wp-json\/wp\/v2\/posts"}],"about":[{"href":"https:\/\/jorgezanoni.com.br\/2019\/wp-json\/wp\/v2\/types\/post"}],"author":[{"embeddable":true,"href":"https:\/\/jorgezanoni.com.br\/2019\/wp-json\/wp\/v2\/users\/1"}],"replies":[{"embeddable":true,"href":"https:\/\/jorgezanoni.com.br\/2019\/wp-json\/wp\/v2\/comments?post=31609"}],"version-history":[{"count":0,"href":"https:\/\/jorgezanoni.com.br\/2019\/wp-json\/wp\/v2\/posts\/31609\/revisions"}],"wp:featuredmedia":[{"embeddable":true,"href":"https:\/\/jorgezanoni.com.br\/2019\/wp-json\/wp\/v2\/media\/31610"}],"wp:attachment":[{"href":"https:\/\/jorgezanoni.com.br\/2019\/wp-json\/wp\/v2\/media?parent=31609"}],"wp:term":[{"taxonomy":"category","embeddable":true,"href":"https:\/\/jorgezanoni.com.br\/2019\/wp-json\/wp\/v2\/categories?post=31609"},{"taxonomy":"post_tag","embeddable":true,"href":"https:\/\/jorgezanoni.com.br\/2019\/wp-json\/wp\/v2\/tags?post=31609"}],"curies":[{"name":"wp","href":"https:\/\/api.w.org\/{rel}","templated":true}]}}