{"id":31595,"date":"2020-07-28T13:00:47","date_gmt":"2020-07-28T13:00:47","guid":{"rendered":"https:\/\/jorgezanoni.com.br\/2019\/?p=31595"},"modified":"2020-07-28T13:00:47","modified_gmt":"2020-07-28T13:00:47","slug":"duas-pessoas-morrem-no-mesmo-dia-por-covid-19-em-pacaembu","status":"publish","type":"post","link":"https:\/\/jorgezanoni.com.br\/2019\/duas-pessoas-morrem-no-mesmo-dia-por-covid-19-em-pacaembu\/","title":{"rendered":"Duas pessoas morrem no mesmo dia por Covid-19 em Pacaembu"},"content":{"rendered":"<p style=\"text-align: justify;\">Pacaembu teve um lament\u00e1vel in\u00edcio de semana na batalha contra a Covid-19 (novo coronav\u00edrus), j\u00e1 que nesta segunda-feira (27) o Boletim Informativo divulgado pela Secretaria Municipal de Sa\u00fade traz 3 novos casos positivos da doen\u00e7a, dos quais 2 foram a \u00f3bito e 1 precisou ser hospitalizado.<\/p>\n<p style=\"text-align: justify;\">Entre essas novas confirma\u00e7\u00f5es: uma paciente (sexo feminino), de 61 anos de idade, que estava no Hospital Regional de Mar\u00edlia, n\u00e3o resistiu e faleceu na manh\u00e3 de hoje: um paciente (sexo masculino), de 72 anos de idade, tamb\u00e9m n\u00e3o resistiu e faleceu na madrugada desta segunda; a terceira paciente, de 45 anos de idade, foi encaminhada para interna\u00e7\u00e3o a Santa Casa de Pacaembu.<\/p>\n<p style=\"text-align: justify;\"><img loading=\"lazy\" decoding=\"async\" class=\"aligncenter\" src=\"https:\/\/i0.wp.com\/pacaembu.sp.gov.br.177-126-176-85.weblinesistemas.com\/images\/imagesnoticias\/829\/principal_arquivos\/image001.jpg?resize=671%2C377\" width=\"671\" height=\"377\" \/><\/p>\n<p style=\"text-align: justify;\">O Boletim atualizado pela SMS \u00e0s 20h de ontem (27 de julho de 2020) mostra ainda que Pacaembu totaliza 260 notifica\u00e7\u00f5es: s\u00e3o 50 casos positivos \u2013 entre eles, 42 curados e 5 \u00f3bitos \u2013, 16 suspeitos aguardam resultados de exames; 5 monitorados esperam a coleta de material para exames; e 189 pacaembuenses tiveram resultado negativo para Covid-19.<\/p>\n<p style=\"text-align: justify;\">Pacientes com sintomas da doen\u00e7a devem entrar em contato, inicialmente pelo telefone 3862 1876, e depois se dirigirem \u00e0 sede do CAPS (Centro de Atendimento Psicossocial), localizada na Avenida Stelio Machado Loureiro, n\u00b0 1293 \u2013 centro.<\/p>\n<p style=\"text-align: justify;\">Fonte: Folha Regional\/Prefeitura de Pacaembu<\/p>\n","protected":false},"excerpt":{"rendered":"<p>Pacaembu teve um lament\u00e1vel in\u00edcio de semana na batalha contra a Covid-19 (novo coronav\u00edrus), j\u00e1 que nesta segunda-feira (27) o Boletim Informativo divulgado pela Secretaria Municipal de Sa\u00fade traz 3 novos casos positivos da doen\u00e7a, dos quais 2 foram a \u00f3bito e 1 precisou ser hospitalizado. Entre essas novas confirma\u00e7\u00f5es: uma paciente (sexo feminino), de [&hellip;]<\/p>\n","protected":false},"author":1,"featured_media":31596,"comment_status":"closed","ping_status":"open","sticky":false,"template":"","format":"standard","meta":{"footnotes":""},"categories":[178,110],"tags":[],"class_list":["post-31595","post","type-post","status-publish","format-standard","has-post-thumbnail","hentry","category-notadefalecimento","category-noticiasdestaque"],"_links":{"self":[{"href":"https:\/\/jorgezanoni.com.br\/2019\/wp-json\/wp\/v2\/posts\/31595","targetHints":{"allow":["GET"]}}],"collection":[{"href":"https:\/\/jorgezanoni.com.br\/2019\/wp-json\/wp\/v2\/posts"}],"about":[{"href":"https:\/\/jorgezanoni.com.br\/2019\/wp-json\/wp\/v2\/types\/post"}],"author":[{"embeddable":true,"href":"https:\/\/jorgezanoni.com.br\/2019\/wp-json\/wp\/v2\/users\/1"}],"replies":[{"embeddable":true,"href":"https:\/\/jorgezanoni.com.br\/2019\/wp-json\/wp\/v2\/comments?post=31595"}],"version-history":[{"count":0,"href":"https:\/\/jorgezanoni.com.br\/2019\/wp-json\/wp\/v2\/posts\/31595\/revisions"}],"wp:featuredmedia":[{"embeddable":true,"href":"https:\/\/jorgezanoni.com.br\/2019\/wp-json\/wp\/v2\/media\/31596"}],"wp:attachment":[{"href":"https:\/\/jorgezanoni.com.br\/2019\/wp-json\/wp\/v2\/media?parent=31595"}],"wp:term":[{"taxonomy":"category","embeddable":true,"href":"https:\/\/jorgezanoni.com.br\/2019\/wp-json\/wp\/v2\/categories?post=31595"},{"taxonomy":"post_tag","embeddable":true,"href":"https:\/\/jorgezanoni.com.br\/2019\/wp-json\/wp\/v2\/tags?post=31595"}],"curies":[{"name":"wp","href":"https:\/\/api.w.org\/{rel}","templated":true}]}}