{"id":31577,"date":"2020-07-27T23:59:39","date_gmt":"2020-07-27T23:59:39","guid":{"rendered":"https:\/\/jorgezanoni.com.br\/2019\/?p=31577"},"modified":"2020-07-28T00:01:08","modified_gmt":"2020-07-28T00:01:08","slug":"governo-de-sp-muda-regras-para-transicao-de-fases-do-plano-estadual-e-facilita-reabertura-de-atividades","status":"publish","type":"post","link":"https:\/\/jorgezanoni.com.br\/2019\/governo-de-sp-muda-regras-para-transicao-de-fases-do-plano-estadual-e-facilita-reabertura-de-atividades\/","title":{"rendered":"Governo de SP muda regras para transi\u00e7\u00e3o de fases do plano estadual e facilita reabertura de atividades"},"content":{"rendered":"<h2 class=\"content-head__subtitle\" style=\"text-align: justify;\"><strong>Mudan\u00e7a da fase amarela para a verde s\u00f3 era poss\u00edvel se regi\u00e3o tivesse at\u00e9 60% dos leitos de UTI de Covid-19 ocupados, mas com a mudan\u00e7a o percentual passou para valores entre 70% e 75%. Mudan\u00e7as come\u00e7am a valer a partir de sexta-feira (31).<\/strong><\/h2>\n<div class=\"mc-column content-text active-extra-styles \" data-block-type=\"unstyled\" data-block-weight=\"46\" data-block-id=\"2\">\n<p class=\"content-text__container \" style=\"text-align: justify;\" data-track-category=\"Link no Texto\" data-track-links=\"\">O governo de S\u00e3o Paulo alterou alguns crit\u00e9rios que determinam a transi\u00e7\u00e3o de fases no\u00a0<a href=\"https:\/\/g1.globo.com\/busca\/?q=Plano+S%C3%A3o+Paulo\">Plano S\u00e3o Paulo<\/a>, medida estabelecida pela gest\u00e3o estadual para determinar a flexibiliza\u00e7\u00e3o da quarentena e, com isso, liberar mais atividades. As mudan\u00e7as come\u00e7am a valer a partir de sexta-feira (31).<\/p>\n<\/div>\n<div class=\"wall protected-content\">\n<div class=\"mc-column content-text active-extra-styles \" style=\"text-align: justify;\" data-block-type=\"unstyled\" data-block-weight=\"94\" data-block-id=\"3\">\n<p class=\"content-text__container \" data-track-category=\"Link no Texto\" data-track-links=\"\">O\u00a0<a href=\"https:\/\/g1.globo.com\/sp\/sao-paulo\/noticia\/2020\/07\/27\/governo-de-sp-ira-alterar-taxa-minima-de-ocupacao-de-leitos-de-uti-para-transicao-de-fases-do-plano-estadual.ghtml\">G1 antecipou as<\/a>\u00a0<a href=\"https:\/\/g1.globo.com\/sp\/sao-paulo\/noticia\/2020\/07\/27\/governo-de-sp-ira-alterar-taxa-minima-de-ocupacao-de-leitos-de-uti-para-transicao-de-fases-do-plano-estadual.ghtml\">altera\u00e7\u00f5es<\/a>, s\u00e3o elas: taxa m\u00e1xima de ocupa\u00e7\u00e3o de leitos de UTI que permite que cidades avancem da fase amarela para a verde passou de 60% para um valor entre 70 e 75%; impossibilidade de regi\u00f5es avan\u00e7arem ou regredirem de fase por ponto percentual, pois foi criada uma margem de seguran\u00e7a; \u00f3bitos e interna\u00e7\u00f5es para cada 100 mil habitantes passaram a ser considerados como crit\u00e9rio de classifica\u00e7\u00e3o das regi\u00f5es; e passaram a ser necess\u00e1rios 28 dias de estabilidade para que uma regi\u00e3o mude da fase amarela para a verde.<\/p>\n<\/div>\n<div class=\"mc-column content-text active-extra-styles \" style=\"text-align: justify;\" data-block-type=\"unstyled\" data-block-weight=\"78\" data-block-id=\"4\">\n<p class=\"content-text__container \" data-track-category=\"Link no Texto\" data-track-links=\"\">A primeira mudan\u00e7a anunciada pelo governo foi a cria\u00e7\u00e3o de uma margem de erro para determinar a evolu\u00e7\u00e3o ou regress\u00e3o de uma regi\u00e3o no Plano S\u00e3o Paulo. Sendo assim, regi\u00f5es n\u00e3o poder\u00e3o mais mudar de fase por ponto percentual. No caso das ocupa\u00e7\u00e3o de leitos de UTI, a margem de erro \u00e9 de 2,5 pontos percentuais. J\u00e1 os crit\u00e9rios relacionados com a evolu\u00e7\u00e3o da pandemia como, por exemplo, novos casos e interna\u00e7\u00f5es, a margem \u00e9 de 0,1.<\/p>\n<\/div>\n<div class=\"mc-column content-text active-extra-styles \" style=\"text-align: justify;\" data-block-type=\"unstyled\" data-block-weight=\"67\" data-block-id=\"6\">\n<p class=\"content-text__container \" data-track-category=\"Link no Texto\" data-track-links=\"\">\u201cTemos melhores crit\u00e9rios de estabilidade atrav\u00e9s da inclus\u00e3o de margens de seguran\u00e7a, ou seja, por um ponto decimal a gente n\u00e3o vai avan\u00e7ar para uma fase nova, nem regredir da fase onde se encontra para exatamente trazer essa estabilidade. Isso vai estar bem descrito nas tabelas que v\u00e3o ser publicadas na atualiza\u00e7\u00e3o do decreto do plano S\u00e3o Paulo&#8221;, disse a secret\u00e1ria de desenvolvimento econ\u00f4mico Patr\u00edcia Ellen.<\/p>\n<\/div>\n<div class=\"row medium-uncollapsed content-media content-photo\" style=\"text-align: justify;\" data-block-type=\"backstage-photo\" data-block-id=\"7\">\n<div class=\"column medium-22 large-20 medium-centered content-media__container\">\n<figure><img decoding=\"async\" class=\"i-amphtml-fill-content i-amphtml-replaced-content\" src=\"https:\/\/s2.glbimg.com\/fCmGzKT5ibPIAxSt7VIrxMWAyOc=\/0x0:1599x826\/1008x0\/smart\/filters:strip_icc()\/i.s3.glbimg.com\/v1\/AUTH_59edd422c0c84a879bd37670ae4f538a\/internal_photos\/bs\/2020\/a\/h\/BdGMTDTiOiRRWNwsVuOg\/recalibragem.png\" srcset=\"\" alt=\"Governo de S\u00e3o Paulo anuncia ajustes nos crit\u00e9rios de classifica\u00e7\u00e3o do plano S\u00e3o Paulo. \u2014 Foto: Divulga\u00e7\u00e3o\/Governo do estado\" \/><\/figure>\n<p class=\"content-media__description \">Governo de S\u00e3o Paulo anuncia ajustes nos crit\u00e9rios de classifica\u00e7\u00e3o do plano S\u00e3o Paulo. \u2014 Foto: Divulga\u00e7\u00e3o\/Governo do estado<\/p>\n<\/div>\n<\/div>\n<div class=\"mc-column content-text active-extra-styles \" style=\"text-align: justify;\" data-block-type=\"unstyled\" data-block-weight=\"76\" data-block-id=\"8\">\n<p class=\"content-text__container \" data-track-category=\"Link no Texto\" data-track-links=\"\">Outro crit\u00e9rio alterado foi a taxa m\u00e1xima de ocupa\u00e7\u00e3o de leitos de UTI necess\u00e1ria para que as cidades avancem de fase. Anteriormente, era necess\u00e1rio que do total de leitos dispon\u00edveis para o tratamento da Covid-19, no m\u00e1ximo, 60% dos leitos estivessem ocupados para que a regi\u00e3o mudasse da fase verde para a amarela, agora o percentual \u00e9 entre 70 e 75%. O valor exato ainda ser\u00e1 decidido pelo Centro de conting\u00eancia do\u00a0<a href=\"https:\/\/g1.globo.com\/bemestar\/coronavirus\/\">coronav\u00edrus<\/a>\u00a0na ter\u00e7a-feira (28).<\/p>\n<\/div>\n<div class=\"mc-column content-text active-extra-styles \" style=\"text-align: justify;\" data-block-type=\"unstyled\" data-block-weight=\"44\" data-block-id=\"9\">\n<p class=\"content-text__container \" data-track-category=\"Link no Texto\" data-track-links=\"\">Tamb\u00e9m houve altera\u00e7\u00e3o nos crit\u00e9rios necess\u00e1rios para que uma regi\u00e3o mude da fase laranja para a amarela, anteriormente, era necess\u00e1rio que o local tivesse uma taxa m\u00e1xima de ocupa\u00e7\u00e3o de leitos de UTI de 70%, agora o percentual pode ser de at\u00e9 75%.<\/p>\n<\/div>\n<div class=\"mc-column content-text active-extra-styles \" style=\"text-align: justify;\" data-block-type=\"unstyled\" data-block-weight=\"61\" data-block-id=\"10\">\n<p class=\"content-text__container \" data-track-category=\"Link no Texto\" data-track-links=\"\">No entanto, de acordo com Patr\u00edcia Ellen, o aumento do percentual n\u00e3o significa que menos leitos estar\u00e3o dispon\u00edveis para a popula\u00e7\u00e3o. Segundo, a secret\u00e1ria, houve um crescimento no n\u00famero de equipamentos disponibilizados desde o in\u00edcio da pandemia os quais passaram de 3.600 para 9 mil leitos, entre p\u00fablicos e privados, sendo que 8.100 s\u00e3o somente de gest\u00e3o direta do estado.<\/p>\n<\/div>\n<div class=\"mc-column content-text active-extra-styles \" style=\"text-align: justify;\" data-block-type=\"unstyled\" data-block-weight=\"110\" data-block-id=\"12\">\n<p class=\"content-text__container \" data-track-category=\"Link no Texto\" data-track-links=\"\">&#8220;O limite era 60%, com 60% eu queria dizer que 40% da capacidade estava dispon\u00edvel, 40%, de 3.600 leitos, que foi quando n\u00f3s iniciamos queria dizer que n\u00f3s precis\u00e1vamos ter pelo menos 1.440 leitos dispon\u00edveis para ter seguran\u00e7a da gest\u00e3o da pandemia no estado. Agora, com os 25%, lembrando que a gente mais que dobrou a quantidade de leitos, n\u00f3s estamos dizendo que mesmo com 25%, a gente reduz de 40 para 25, mas a gente garante que vai ter pelo menos 2.275 leitos sempre dispon\u00edveis livres, porque mudou o nosso cen\u00e1rio com a amplia\u00e7\u00e3o dos leitos por habitantes e as pessoas precisam ser atendidas&#8221;, disse a secret\u00e1ria.<\/p>\n<\/div>\n<div class=\"mc-column content-text active-extra-styles \" style=\"text-align: justify;\" data-block-type=\"unstyled\" data-block-weight=\"11\" data-block-id=\"13\">\n<p class=\"content-text__container \" data-track-category=\"Link no Texto\" data-track-links=\"\"><strong>Principais altera\u00e7\u00f5es nos crit\u00e9rios de classifica\u00e7\u00e3o do Plano S\u00e3o Paulo:<\/strong><\/p>\n<\/div>\n<div class=\"mc-column content-text active-extra-styles\" style=\"text-align: justify;\" data-block-type=\"raw\" data-block-weight=\"113\" data-block-id=\"14\">\n<ul class=\"content-unordered-list\">\n<li>Taxa m\u00e1xima de ocupa\u00e7\u00e3o de UTI para uma regi\u00e3o passar da fase laranja para a amarela passou de 70% para 75%.<\/li>\n<li>Taxa m\u00e1xima de ocupa\u00e7\u00e3o de UTI para uma regi\u00e3o passar da fase amarela para a verde passou de 60% para um percentual entre 70% e 75% (ainda ser\u00e1 definido valor exato).<\/li>\n<li>Regi\u00f5es est\u00e3o impossibilitadas de avan\u00e7arem ou regredirem de fase por ponto percentual, por isso, a gest\u00e3o desenvolveu uma margem de erro;<\/li>\n<li>Foram acrescentados os crit\u00e9rios de \u00f3bito e interna\u00e7\u00e3o para cada 100 mil habitantes para que uma regi\u00e3o passe da fase amarela para a verde.<\/li>\n<li>Regi\u00f5es devem passar 28 dias consecutivos na fase amarela antes de evolu\u00edrem para a fase verde.<\/li>\n<\/ul>\n<\/div>\n<div class=\"mc-column content-text active-extra-styles\" style=\"text-align: justify;\" data-block-type=\"raw\" data-block-weight=\"7\" data-block-id=\"15\">\n<div class=\"content-intertitle\">\n<h2>Interna\u00e7\u00f5es e mortes por 100 mil habitantes<\/h2>\n<\/div>\n<\/div>\n<div class=\"mc-column content-text active-extra-styles \" style=\"text-align: justify;\" data-block-type=\"unstyled\" data-block-weight=\"41\" data-block-id=\"16\">\n<p class=\"content-text__container \" data-track-category=\"Link no Texto\" data-track-links=\"\">A secret\u00e1ria de desenvolvimento econ\u00f4mico, Patr\u00edcia Ellen, disse ainda que o estado passar\u00e1 a considerar como um dos crit\u00e9rios para a transi\u00e7\u00e3o da fase amarela para verde a quantidade de interna\u00e7\u00f5es e mortes a cada 100 mil habitantes no munic\u00edpio.<\/p>\n<\/div>\n<div class=\"mc-column content-text active-extra-styles \" style=\"text-align: justify;\" data-block-type=\"unstyled\" data-block-weight=\"81\" data-block-id=\"17\">\n<p class=\"content-text__container \" data-track-category=\"Link no Texto\" data-track-links=\"\">&#8220;O terceiro ponto \u00e9 a atualiza\u00e7\u00e3o na r\u00e9gua, principalmente, na transi\u00e7\u00e3o da fase amarela para a fase verde. Outros pa\u00edses e estados est\u00e3o em uma etapa mais avan\u00e7ada da pandemia que nos permitiu aprender que alguns crit\u00e9rios m\u00ednimos de n\u00fameros absolutos interna\u00e7\u00f5es a cada 100 mil habitantes, \u00f3bitos a cada 100 mil habitantes precisam ser adicionados nessa transi\u00e7\u00e3o para a fase verde e tamb\u00e9m algumas regras adicionais de estabilidade tamb\u00e9m precisam ser inclu\u00eddas e \u00e9 o que fizemos&#8221;, disse Patr\u00edcia.<\/p>\n<\/div>\n<div class=\"mc-column content-text active-extra-styles \" style=\"text-align: justify;\" data-block-type=\"unstyled\" data-block-weight=\"50\" data-block-id=\"19\">\n<p class=\"content-text__container \" data-track-category=\"Link no Texto\" data-track-links=\"\">A secret\u00e1ria afirmou ainda que nenhuma regi\u00e3o passar\u00e1 da fase amarela para a fase verde se tiver mais de 30 a 40 interna\u00e7\u00f5es a cada 100 mil habitantes e de 3 a 5 \u00f3bitos a cada 100 mil habitantes, o valor exato ainda ser\u00e1 definido pelo Centro de Conting\u00eancia.<\/p>\n<\/div>\n<div class=\"mc-column content-text active-extra-styles \" style=\"text-align: justify;\" data-block-type=\"unstyled\" data-block-weight=\"58\" data-block-id=\"20\">\n<p class=\"content-text__container \" data-track-category=\"Link no Texto\" data-track-links=\"\">\u201cNenhuma regi\u00e3o vai transacionar para verde se n\u00e3o alcan\u00e7ar menos do que 40 interna\u00e7\u00f5es a cada 100 mil habitantes , 5 \u00f3bitos a cada 100 mil habitantes. Ent\u00e3o, al\u00e9m da redu\u00e7\u00e3o \u00e9 necess\u00e1rio tamb\u00e9m alcan\u00e7ar esses n\u00fameros absolutos para mostrar que de fato a gente est\u00e1 entrando em uma fase mais segura da pandemia&#8221;, disse Patr\u00edcia.<\/p>\n<\/div>\n<div class=\"mc-column content-text active-extra-styles \" style=\"text-align: justify;\" data-block-type=\"unstyled\" data-block-weight=\"63\" data-block-id=\"21\">\n<p class=\"content-text__container \" data-track-category=\"Link no Texto\" data-track-links=\"\">Anteriormente, os cinco crit\u00e9rios utilizados para basear a classifica\u00e7\u00e3o das Divis\u00f5es Regionais de Sa\u00fade s\u00e3o: ocupa\u00e7\u00e3o de leitos de Unidade de Terapia Intensiva (UTIs); total de leitos por 100 mil habitantes; varia\u00e7\u00e3o de novas interna\u00e7\u00f5es, em compara\u00e7\u00e3o com a semana anterior; varia\u00e7\u00e3o de novos casos confirmados, em compara\u00e7\u00e3o com a semana anterior; varia\u00e7\u00e3o de novos \u00f3bitos confirmados, em compara\u00e7\u00e3o com a semana anterior.<\/p>\n<\/div>\n<div class=\"mc-column content-text active-extra-styles \" style=\"text-align: justify;\" data-block-type=\"unstyled\" data-block-weight=\"34\" data-block-id=\"22\">\n<p class=\"content-text__container \" data-track-category=\"Link no Texto\" data-track-links=\"\">Por fim, outro crit\u00e9rio adicionado na classifica\u00e7\u00e3o das regi\u00f5es no Plano S\u00e3o Paulo foi a estabilidade de pelo menos 28 dias consecutivos para que uma regi\u00e3o passe da fase amarela para a verde.<\/p>\n<\/div>\n<div class=\"mc-column content-text active-extra-styles \" data-block-type=\"unstyled\" data-block-weight=\"46\" data-block-id=\"23\">\n<p class=\"content-text__container \" style=\"text-align: justify;\" data-track-category=\"Link no Texto\" data-track-links=\"\">\u201cO \u00faltimo ponto que foi adicionado de estabilidade \u00e9 que uma regi\u00e3o n\u00e3o pode transicionar para o verde sem ficar, pelo menos, quatro semanas na fase amarela, para que essa transi\u00e7\u00e3o garanta essa estabilidade para que a gente tenha um controle respons\u00e1vel da pandemia&#8221;, disse.<\/p>\n<p style=\"text-align: justify;\" data-track-category=\"Link no Texto\" data-track-links=\"\">Fonte: https:\/\/g1.globo.com\/sp\/sao-paulo\/noticia\/2020\/07\/27\/governo-de-sp-muda-regras-para-transicao-de-fases-do-plano-estadual-e-facilita-reabertura-de-atividades.ghtml<\/p>\n<\/div>\n<\/div>\n","protected":false},"excerpt":{"rendered":"<p>Mudan\u00e7a da fase amarela para a verde s\u00f3 era poss\u00edvel se regi\u00e3o tivesse at\u00e9 60% dos leitos de UTI de Covid-19 ocupados, mas com a mudan\u00e7a o percentual passou para valores entre 70% e 75%. Mudan\u00e7as come\u00e7am a valer a partir de sexta-feira (31). O governo de S\u00e3o Paulo alterou alguns crit\u00e9rios que determinam a [&hellip;]<\/p>\n","protected":false},"author":1,"featured_media":31578,"comment_status":"closed","ping_status":"open","sticky":false,"template":"","format":"standard","meta":{"footnotes":""},"categories":[110,116],"tags":[],"class_list":["post-31577","post","type-post","status-publish","format-standard","has-post-thumbnail","hentry","category-noticiasdestaque","category-politicaeeconomia"],"_links":{"self":[{"href":"https:\/\/jorgezanoni.com.br\/2019\/wp-json\/wp\/v2\/posts\/31577","targetHints":{"allow":["GET"]}}],"collection":[{"href":"https:\/\/jorgezanoni.com.br\/2019\/wp-json\/wp\/v2\/posts"}],"about":[{"href":"https:\/\/jorgezanoni.com.br\/2019\/wp-json\/wp\/v2\/types\/post"}],"author":[{"embeddable":true,"href":"https:\/\/jorgezanoni.com.br\/2019\/wp-json\/wp\/v2\/users\/1"}],"replies":[{"embeddable":true,"href":"https:\/\/jorgezanoni.com.br\/2019\/wp-json\/wp\/v2\/comments?post=31577"}],"version-history":[{"count":0,"href":"https:\/\/jorgezanoni.com.br\/2019\/wp-json\/wp\/v2\/posts\/31577\/revisions"}],"wp:featuredmedia":[{"embeddable":true,"href":"https:\/\/jorgezanoni.com.br\/2019\/wp-json\/wp\/v2\/media\/31578"}],"wp:attachment":[{"href":"https:\/\/jorgezanoni.com.br\/2019\/wp-json\/wp\/v2\/media?parent=31577"}],"wp:term":[{"taxonomy":"category","embeddable":true,"href":"https:\/\/jorgezanoni.com.br\/2019\/wp-json\/wp\/v2\/categories?post=31577"},{"taxonomy":"post_tag","embeddable":true,"href":"https:\/\/jorgezanoni.com.br\/2019\/wp-json\/wp\/v2\/tags?post=31577"}],"curies":[{"name":"wp","href":"https:\/\/api.w.org\/{rel}","templated":true}]}}