{"id":31571,"date":"2020-07-27T23:32:03","date_gmt":"2020-07-27T23:32:03","guid":{"rendered":"https:\/\/jorgezanoni.com.br\/2019\/?p=31571"},"modified":"2020-07-27T23:32:03","modified_gmt":"2020-07-27T23:32:03","slug":"pai-e-bebe-morrem-apos-carro-capotar-no-trevo-de-acesso-a-florinea","status":"publish","type":"post","link":"https:\/\/jorgezanoni.com.br\/2019\/pai-e-bebe-morrem-apos-carro-capotar-no-trevo-de-acesso-a-florinea\/","title":{"rendered":"Pai e beb\u00ea morrem ap\u00f3s carro capotar no trevo de acesso a Flor\u00ednea"},"content":{"rendered":"<h2 class=\"content-head__subtitle\" style=\"text-align: justify;\"><strong>Segundo a Pol\u00edcia Rodovi\u00e1ria, o ve\u00edculo capotou ap\u00f3s passar por uma valeta na Rodovia Miguel Jubran (SP-333). Outras tr\u00eas pessoas foram socorridas com ferimentos.<\/strong><\/h2>\n<div class=\"mc-column content-text active-extra-styles \" data-block-type=\"unstyled\" data-block-weight=\"39\" data-block-id=\"2\">\n<p class=\"content-text__container \" style=\"text-align: justify;\" data-track-category=\"Link no Texto\" data-track-links=\"\">Um homem de 26 anos e o filho dele, um beb\u00ea de apenas dois meses, morreram ap\u00f3s o carro em que estavam capotar na Rodovia Milguel Jubran no trevo de acesso a Flor\u00ednea na noite deste s\u00e1bado (25).<\/p>\n<\/div>\n<div class=\"wall protected-content\">\n<div class=\"mc-column content-text active-extra-styles \" style=\"text-align: justify;\" data-block-type=\"unstyled\" data-block-weight=\"39\" data-block-id=\"3\">\n<p class=\"content-text__container \" data-track-category=\"Link no Texto\" data-track-links=\"\">De acordo com informa\u00e7\u00f5es da Pol\u00edcia Militar Rodovi\u00e1ria, o motorista do carro com placas de Assis teria perdido o controle do ve\u00edculo, no quil\u00f4metro 445 da rodovia, ele teria passado por uma valeta e capotado em seguida.<\/p>\n<\/div>\n<div class=\"row medium-uncollapsed content-media content-photo\" style=\"text-align: justify;\" data-block-type=\"backstage-photo\" data-block-id=\"4\">\n<div class=\"mc-column content-media__container\">\n<figure><img decoding=\"async\" class=\"i-amphtml-fill-content i-amphtml-replaced-content\" src=\"https:\/\/s2.glbimg.com\/C97rILQvoyRKBiDYxkVce9kkB6s=\/0x0:780x1040\/984x0\/smart\/filters:strip_icc()\/i.s3.glbimg.com\/v1\/AUTH_59edd422c0c84a879bd37670ae4f538a\/internal_photos\/bs\/2020\/J\/E\/fIR6AsSe2Lvu4ijTThtQ\/whatsapp-image-2020-07-26-at-10.38.10.jpeg\" sizes=\"(max-width: 1242px) 648px, 100vw\" srcset=\"https:\/\/s2.glbimg.com\/mZoizIputuQNVsHBlOFGpu0omOw=\/0x0:780x1040\/1000x0\/smart\/filters:strip_icc()\/i.s3.glbimg.com\/v1\/AUTH_59edd422c0c84a879bd37670ae4f538a\/internal_photos\/bs\/2020\/J\/E\/fIR6AsSe2Lvu4ijTThtQ\/whatsapp-image-2020-07-26-at-10.38.10.jpeg 1000w, https:\/\/s2.glbimg.com\/C97rILQvoyRKBiDYxkVce9kkB6s=\/0x0:780x1040\/984x0\/smart\/filters:strip_icc()\/i.s3.glbimg.com\/v1\/AUTH_59edd422c0c84a879bd37670ae4f538a\/internal_photos\/bs\/2020\/J\/E\/fIR6AsSe2Lvu4ijTThtQ\/whatsapp-image-2020-07-26-at-10.38.10.jpeg 984w, https:\/\/s2.glbimg.com\/wPvTii8MTzF7tJXbLatQnszp6_c=\/0x0:780x1040\/640x0\/smart\/filters:strip_icc()\/i.s3.glbimg.com\/v1\/AUTH_59edd422c0c84a879bd37670ae4f538a\/internal_photos\/bs\/2020\/J\/E\/fIR6AsSe2Lvu4ijTThtQ\/whatsapp-image-2020-07-26-at-10.38.10.jpeg 640w, https:\/\/s2.glbimg.com\/x62d6gSU4DyR8bS7q319cGVnxOk=\/0x0:780x1040\/600x0\/smart\/filters:strip_icc()\/i.s3.glbimg.com\/v1\/AUTH_59edd422c0c84a879bd37670ae4f538a\/internal_photos\/bs\/2020\/J\/E\/fIR6AsSe2Lvu4ijTThtQ\/whatsapp-image-2020-07-26-at-10.38.10.jpeg 600w\" alt=\"Pai e filho morreram ap\u00f3s o carro capotar na rodovia em Flor\u00ednea  \u2014 Foto: Arquivo pessoal\" \/><\/figure>\n<p class=\"content-media__description \">Pai e filho morreram ap\u00f3s o carro capotar na rodovia em Flor\u00ednea \u2014 Foto: Arquivo pessoal<\/p>\n<\/div>\n<\/div>\n<div class=\"mc-column content-text active-extra-styles \" data-block-type=\"unstyled\" data-block-weight=\"44\" data-block-id=\"5\">\n<p class=\"content-text__container \" style=\"text-align: justify;\" data-track-category=\"Link no Texto\" data-track-links=\"\">Jonathan Guimar\u00e3es dos Santos, de 26 anos, e O filho Yuri Dias dos Santos, de 2 meses n\u00e3o resistiram aos ferimentos e morreram no local. As outras tr\u00eas ocupantes do ve\u00edculo foram retiradas com diversos ferimentos e encaminhadas para a UPA de Assis.<\/p>\n<div class=\"mc-column content-text active-extra-styles \" style=\"text-align: justify;\" data-block-type=\"unstyled\" data-block-weight=\"63\" data-block-id=\"8\">\n<p class=\"content-text__container \" data-track-category=\"Link no Texto\" data-track-links=\"\">De acordo com a unidade de sa\u00fade, a m\u00e3e do beb\u00ea apresentava um trauma no abd\u00f4men, j\u00e1 as outras duas v\u00edtimas, uma jovem de 15 anos estava com suspeita de les\u00e3o na coluna e foi encaminhada para UTI e uma menina, de 4 anos, teria sofrido traumatismo cranioencef\u00e1lico grave. A adolescente e a crian\u00e7a foram transferidas para o Hospital Regional de Assis.<\/p>\n<\/div>\n<div class=\"mc-column content-text active-extra-styles \" style=\"text-align: justify;\" data-block-type=\"unstyled\" data-block-weight=\"27\" data-block-id=\"9\">\n<p class=\"content-text__container \" data-track-category=\"Link no Texto\" data-track-links=\"\">As causas do acidente ser\u00e3o investigadas. O enterro de Jonathan e Yuri foi realizado na tarde deste domingo (26) no Cemit\u00e9rio da Saudade em Assis.<\/p>\n<\/div>\n<div class=\"row medium-uncollapsed content-media content-photo\" data-block-type=\"backstage-photo\" data-block-id=\"10\">\n<div class=\"mc-column content-media__container\">\n<figure style=\"text-align: justify;\"><img decoding=\"async\" class=\"i-amphtml-fill-content i-amphtml-replaced-content\" src=\"https:\/\/s2.glbimg.com\/0_UZh4TyamfSqNwP2flICbymlrs=\/0x0:960x713\/984x0\/smart\/filters:strip_icc()\/i.s3.glbimg.com\/v1\/AUTH_59edd422c0c84a879bd37670ae4f538a\/internal_photos\/bs\/2020\/S\/B\/jRMMrkQH2sGY16gvBK3A\/whatsapp-image-2020-07-26-at-10.38.30.jpeg\" sizes=\"(max-width: 1242px) 648px, 100vw\" srcset=\"https:\/\/s2.glbimg.com\/WDHtUzVEU0kTvmVfJGrB3MIpjr0=\/0x0:960x713\/1000x0\/smart\/filters:strip_icc()\/i.s3.glbimg.com\/v1\/AUTH_59edd422c0c84a879bd37670ae4f538a\/internal_photos\/bs\/2020\/S\/B\/jRMMrkQH2sGY16gvBK3A\/whatsapp-image-2020-07-26-at-10.38.30.jpeg 1000w, https:\/\/s2.glbimg.com\/0_UZh4TyamfSqNwP2flICbymlrs=\/0x0:960x713\/984x0\/smart\/filters:strip_icc()\/i.s3.glbimg.com\/v1\/AUTH_59edd422c0c84a879bd37670ae4f538a\/internal_photos\/bs\/2020\/S\/B\/jRMMrkQH2sGY16gvBK3A\/whatsapp-image-2020-07-26-at-10.38.30.jpeg 984w, https:\/\/s2.glbimg.com\/co78RkWsFIynpyjHYU9AE7wgdNU=\/0x0:960x713\/640x0\/smart\/filters:strip_icc()\/i.s3.glbimg.com\/v1\/AUTH_59edd422c0c84a879bd37670ae4f538a\/internal_photos\/bs\/2020\/S\/B\/jRMMrkQH2sGY16gvBK3A\/whatsapp-image-2020-07-26-at-10.38.30.jpeg 640w, https:\/\/s2.glbimg.com\/WLqrreL-ACOI9NS1u_PYsdh3tLY=\/0x0:960x713\/600x0\/smart\/filters:strip_icc()\/i.s3.glbimg.com\/v1\/AUTH_59edd422c0c84a879bd37670ae4f538a\/internal_photos\/bs\/2020\/S\/B\/jRMMrkQH2sGY16gvBK3A\/whatsapp-image-2020-07-26-at-10.38.30.jpeg 600w\" alt=\"Tr\u00eas pessoas feridas foram socorridas e levadas para UPA de Assis  \u2014 Foto: Arquivo pessoal \" \/><\/figure>\n<p class=\"content-media__description \" style=\"text-align: justify;\">Tr\u00eas pessoas feridas foram socorridas e levadas para UPA de Assis \u2014 Foto: Arquivo pessoal<\/p>\n<p style=\"text-align: justify;\">Fonte:G1<\/p>\n<\/div>\n<\/div>\n<\/div>\n<\/div>\n","protected":false},"excerpt":{"rendered":"<p>Segundo a Pol\u00edcia Rodovi\u00e1ria, o ve\u00edculo capotou ap\u00f3s passar por uma valeta na Rodovia Miguel Jubran (SP-333). Outras tr\u00eas pessoas foram socorridas com ferimentos. Um homem de 26 anos e o filho dele, um beb\u00ea de apenas dois meses, morreram ap\u00f3s o carro em que estavam capotar na Rodovia Milguel Jubran no trevo de acesso [&hellip;]<\/p>\n","protected":false},"author":1,"featured_media":31572,"comment_status":"closed","ping_status":"open","sticky":false,"template":"","format":"standard","meta":{"footnotes":""},"categories":[170,110],"tags":[],"class_list":["post-31571","post","type-post","status-publish","format-standard","has-post-thumbnail","hentry","category-acidentes","category-noticiasdestaque"],"_links":{"self":[{"href":"https:\/\/jorgezanoni.com.br\/2019\/wp-json\/wp\/v2\/posts\/31571","targetHints":{"allow":["GET"]}}],"collection":[{"href":"https:\/\/jorgezanoni.com.br\/2019\/wp-json\/wp\/v2\/posts"}],"about":[{"href":"https:\/\/jorgezanoni.com.br\/2019\/wp-json\/wp\/v2\/types\/post"}],"author":[{"embeddable":true,"href":"https:\/\/jorgezanoni.com.br\/2019\/wp-json\/wp\/v2\/users\/1"}],"replies":[{"embeddable":true,"href":"https:\/\/jorgezanoni.com.br\/2019\/wp-json\/wp\/v2\/comments?post=31571"}],"version-history":[{"count":0,"href":"https:\/\/jorgezanoni.com.br\/2019\/wp-json\/wp\/v2\/posts\/31571\/revisions"}],"wp:featuredmedia":[{"embeddable":true,"href":"https:\/\/jorgezanoni.com.br\/2019\/wp-json\/wp\/v2\/media\/31572"}],"wp:attachment":[{"href":"https:\/\/jorgezanoni.com.br\/2019\/wp-json\/wp\/v2\/media?parent=31571"}],"wp:term":[{"taxonomy":"category","embeddable":true,"href":"https:\/\/jorgezanoni.com.br\/2019\/wp-json\/wp\/v2\/categories?post=31571"},{"taxonomy":"post_tag","embeddable":true,"href":"https:\/\/jorgezanoni.com.br\/2019\/wp-json\/wp\/v2\/tags?post=31571"}],"curies":[{"name":"wp","href":"https:\/\/api.w.org\/{rel}","templated":true}]}}