{"id":31568,"date":"2020-07-27T23:14:16","date_gmt":"2020-07-27T23:14:16","guid":{"rendered":"https:\/\/jorgezanoni.com.br\/2019\/?p=31568"},"modified":"2020-07-27T23:14:16","modified_gmt":"2020-07-27T23:14:16","slug":"jovem-de-25-anos-morre-apos-mergulhar-em-cachoeira-na-zona-rural-de-jau","status":"publish","type":"post","link":"https:\/\/jorgezanoni.com.br\/2019\/jovem-de-25-anos-morre-apos-mergulhar-em-cachoeira-na-zona-rural-de-jau\/","title":{"rendered":"Jovem de 25 anos morre ap\u00f3s mergulhar em cachoeira na zona rural de Ja\u00fa"},"content":{"rendered":"<h2 class=\"content-head__subtitle\" style=\"text-align: justify;\"><strong>Segundo a pol\u00edcia, ele estava no local com a namorada quando pulou na \u00e1gua e n\u00e3o conseguiu retornar \u00e0 superf\u00edcie.<\/strong><\/h2>\n<div class=\"mc-column content-text active-extra-styles \" data-block-type=\"unstyled\" data-block-weight=\"24\" data-block-id=\"2\">\n<p class=\"content-text__container \" style=\"text-align: justify;\" data-track-category=\"Link no Texto\" data-track-links=\"\">Um homem de 25 anos morreu depois de mergulhar em uma cachoeira na tarde deste domingo (26) na zona rural de Ja\u00fa (SP).<\/p>\n<\/div>\n<div class=\"wall protected-content\">\n<div class=\"mc-column content-text active-extra-styles \" style=\"text-align: justify;\" data-block-type=\"unstyled\" data-block-weight=\"22\" data-block-id=\"3\">\n<p class=\"content-text__container \" data-track-category=\"Link no Texto\" data-track-links=\"\">Segundo o boletim de ocorr\u00eancia, Murilo Henrique dos Santos estava na Cachoeira do Parati com a namorada quando sofreu o acidente.<\/p>\n<\/div>\n<div class=\"mc-column content-text active-extra-styles \" style=\"text-align: justify;\" data-block-type=\"unstyled\" data-block-weight=\"35\" data-block-id=\"4\">\n<p class=\"content-text__container \" data-track-category=\"Link no Texto\" data-track-links=\"\">Ela contou aos policiais que o jovem subiu em um barranco e pulou na \u00e1gua. Em seguida, ele apareceu na superf\u00edcie se debatendo e afundou, de acordo com o relato no registro policial.<\/p>\n<\/div>\n<div class=\"mc-column content-text active-extra-styles \" style=\"text-align: justify;\" data-block-type=\"unstyled\" data-block-weight=\"22\" data-block-id=\"5\">\n<p class=\"content-text__container \" data-track-category=\"Link no Texto\" data-track-links=\"\">O Corpo de Bombeiros e o Samu foram acionados para socorrer o rapaz, mas a morte dele foi constatada no local.<\/p>\n<\/div>\n<div class=\"mc-column content-text active-extra-styles \" style=\"text-align: justify;\" data-block-type=\"unstyled\" data-block-weight=\"34\" data-block-id=\"6\">\n<p class=\"content-text__container \" data-track-category=\"Link no Texto\" data-track-links=\"\">O corpo do jovem foi encaminhado ao Instituto M\u00e9dico Legal (IML) para exame necrosc\u00f3pico, que vai apontar as causas da morte. A per\u00edcia esteve na cachoeira e a Pol\u00edcia Civil investiga o caso.<\/p>\n<\/div>\n<div class=\"row medium-uncollapsed content-media content-photo\" data-block-type=\"backstage-photo\" data-block-id=\"7\">\n<div class=\"mc-column content-media__container\">\n<figure style=\"text-align: justify;\"><img decoding=\"async\" class=\"i-amphtml-fill-content i-amphtml-replaced-content\" src=\"https:\/\/s2.glbimg.com\/ViT5fjQYEW2oPIIzod-K7KMkONY=\/0x0:1280x720\/984x0\/smart\/filters:strip_icc()\/i.s3.glbimg.com\/v1\/AUTH_59edd422c0c84a879bd37670ae4f538a\/internal_photos\/bs\/2020\/M\/A\/W0yD1zSPqsmKUURklvMA\/whatsapp-image-2020-07-27-at-10.50.03.jpeg\" sizes=\"(max-width: 1242px) 648px, 100vw\" srcset=\"https:\/\/s2.glbimg.com\/ZWlrkkdUjhDpuDoCjj8ZjszYSOg=\/0x0:1280x720\/1000x0\/smart\/filters:strip_icc()\/i.s3.glbimg.com\/v1\/AUTH_59edd422c0c84a879bd37670ae4f538a\/internal_photos\/bs\/2020\/M\/A\/W0yD1zSPqsmKUURklvMA\/whatsapp-image-2020-07-27-at-10.50.03.jpeg 1000w, https:\/\/s2.glbimg.com\/ViT5fjQYEW2oPIIzod-K7KMkONY=\/0x0:1280x720\/984x0\/smart\/filters:strip_icc()\/i.s3.glbimg.com\/v1\/AUTH_59edd422c0c84a879bd37670ae4f538a\/internal_photos\/bs\/2020\/M\/A\/W0yD1zSPqsmKUURklvMA\/whatsapp-image-2020-07-27-at-10.50.03.jpeg 984w, https:\/\/s2.glbimg.com\/jc2xtlbs-J7b4rYCpAaDhcz5glg=\/0x0:1280x720\/640x0\/smart\/filters:strip_icc()\/i.s3.glbimg.com\/v1\/AUTH_59edd422c0c84a879bd37670ae4f538a\/internal_photos\/bs\/2020\/M\/A\/W0yD1zSPqsmKUURklvMA\/whatsapp-image-2020-07-27-at-10.50.03.jpeg 640w, https:\/\/s2.glbimg.com\/3-dkI_iEUvxpAIB8J63g9xK4hy0=\/0x0:1280x720\/600x0\/smart\/filters:strip_icc()\/i.s3.glbimg.com\/v1\/AUTH_59edd422c0c84a879bd37670ae4f538a\/internal_photos\/bs\/2020\/M\/A\/W0yD1zSPqsmKUURklvMA\/whatsapp-image-2020-07-27-at-10.50.03.jpeg 600w\" alt=\"Pol\u00edcia e os bombeiros foram acionados para atender a ocorr\u00eancia na cachoeira em Ja\u00fa  \u2014 Foto: Luizinho Andretto \/Divulga\u00e7\u00e3o \" \/><\/figure>\n<p class=\"content-media__description \" style=\"text-align: justify;\">Pol\u00edcia e os bombeiros foram acionados para atender a ocorr\u00eancia na cachoeira em Ja\u00fa \u2014 Foto: Luizinho Andretto \/Divulga\u00e7\u00e3o<\/p>\n<p>Fonte: G1<\/p>\n<\/div>\n<\/div>\n<\/div>\n","protected":false},"excerpt":{"rendered":"<p>Segundo a pol\u00edcia, ele estava no local com a namorada quando pulou na \u00e1gua e n\u00e3o conseguiu retornar \u00e0 superf\u00edcie. Um homem de 25 anos morreu depois de mergulhar em uma cachoeira na tarde deste domingo (26) na zona rural de Ja\u00fa (SP). Segundo o boletim de ocorr\u00eancia, Murilo Henrique dos Santos estava na Cachoeira [&hellip;]<\/p>\n","protected":false},"author":1,"featured_media":31569,"comment_status":"closed","ping_status":"open","sticky":false,"template":"","format":"standard","meta":{"footnotes":""},"categories":[110,2],"tags":[],"class_list":["post-31568","post","type-post","status-publish","format-standard","has-post-thumbnail","hentry","category-noticiasdestaque","category-policial"],"_links":{"self":[{"href":"https:\/\/jorgezanoni.com.br\/2019\/wp-json\/wp\/v2\/posts\/31568","targetHints":{"allow":["GET"]}}],"collection":[{"href":"https:\/\/jorgezanoni.com.br\/2019\/wp-json\/wp\/v2\/posts"}],"about":[{"href":"https:\/\/jorgezanoni.com.br\/2019\/wp-json\/wp\/v2\/types\/post"}],"author":[{"embeddable":true,"href":"https:\/\/jorgezanoni.com.br\/2019\/wp-json\/wp\/v2\/users\/1"}],"replies":[{"embeddable":true,"href":"https:\/\/jorgezanoni.com.br\/2019\/wp-json\/wp\/v2\/comments?post=31568"}],"version-history":[{"count":0,"href":"https:\/\/jorgezanoni.com.br\/2019\/wp-json\/wp\/v2\/posts\/31568\/revisions"}],"wp:featuredmedia":[{"embeddable":true,"href":"https:\/\/jorgezanoni.com.br\/2019\/wp-json\/wp\/v2\/media\/31569"}],"wp:attachment":[{"href":"https:\/\/jorgezanoni.com.br\/2019\/wp-json\/wp\/v2\/media?parent=31568"}],"wp:term":[{"taxonomy":"category","embeddable":true,"href":"https:\/\/jorgezanoni.com.br\/2019\/wp-json\/wp\/v2\/categories?post=31568"},{"taxonomy":"post_tag","embeddable":true,"href":"https:\/\/jorgezanoni.com.br\/2019\/wp-json\/wp\/v2\/tags?post=31568"}],"curies":[{"name":"wp","href":"https:\/\/api.w.org\/{rel}","templated":true}]}}