{"id":31564,"date":"2020-07-27T22:53:12","date_gmt":"2020-07-27T22:53:12","guid":{"rendered":"https:\/\/jorgezanoni.com.br\/2019\/?p=31564"},"modified":"2020-07-27T22:53:12","modified_gmt":"2020-07-27T22:53:12","slug":"bebe-com-sindrome-de-down-que-virou-fenomeno-na-web-tem-alta-e-volta-para-casa-apos-vencer-covid-19","status":"publish","type":"post","link":"https:\/\/jorgezanoni.com.br\/2019\/bebe-com-sindrome-de-down-que-virou-fenomeno-na-web-tem-alta-e-volta-para-casa-apos-vencer-covid-19\/","title":{"rendered":"Beb\u00ea com s\u00edndrome de Down que virou fen\u00f4meno na web tem alta e volta para casa ap\u00f3s vencer Covid-19"},"content":{"rendered":"<h2 class=\"content-head__subtitle\" style=\"text-align: justify;\"><strong>Conhecido como Super Chico, menino de Bauru (SP) que foi diagnosticado com coronav\u00edrus vai para casa ap\u00f3s 18 dias de interna\u00e7\u00e3o. Ele nasceu prematuro, passou por sete cirurgias e seu perfil no Instagram j\u00e1 tem cerca de 170 mil seguidores.<\/strong><\/h2>\n<div class=\"mc-column content-text active-extra-styles \" data-block-type=\"unstyled\" data-block-weight=\"51\" data-block-id=\"2\">\n<p class=\"content-text__container \" style=\"text-align: justify;\" data-track-category=\"Link no Texto\" data-track-links=\"\">O menino de 3 anos com s\u00edndrome de Down que ficou conhecido como<a href=\"https:\/\/g1.globo.com\/sp\/bauru-marilia\/noticia\/2019\/03\/21\/bebe-com-sindrome-de-down-e-fenomeno-na-web-com-fantasias-de-herois-nos-ensina-tanto-diz-mae.ghtml\">\u00a0Super Chico por sua aventura de vida desde o nascimento e por se transformar num fen\u00f4meno da web<\/a>\u00a0recebeu alta nesta segunda-feira (27) ap\u00f3s ficar 18 dias internado em um hospital particular de Bauru (SP) recuperando-se da Covid-19.<\/p>\n<\/div>\n<div class=\"wall protected-content\">\n<div class=\"mc-column content-text active-extra-styles \" style=\"text-align: justify;\" data-block-type=\"unstyled\" data-block-weight=\"46\" data-block-id=\"3\">\n<p class=\"content-text__container \" data-track-category=\"Link no Texto\" data-track-links=\"\">A mais nova aventura do garoto Francisco Guedes Bombini, que nasceu prematuro e desde ent\u00e3o precisou passar por sete cirurgias por causa de problemas renais, card\u00edacos e hipotireoidismo, teve in\u00edcio no \u00faltimo dia 9 de julho, com mais uma interna\u00e7\u00e3o, inicialmente para resolver problemas g\u00e1stricos.<\/p>\n<\/div>\n<div class=\"mc-column content-text active-extra-styles \" style=\"text-align: justify;\" data-block-type=\"unstyled\" data-block-weight=\"21\" data-block-id=\"4\">\n<p class=\"content-text__container \" data-track-category=\"Link no Texto\" data-track-links=\"\">No dia seguinte, na sexta-feira (10), Chico recebeu o<a href=\"https:\/\/g1.globo.com\/sp\/bauru-marilia\/noticia\/2020\/07\/12\/bebe-com-sindrome-de-down-que-virou-fenomeno-na-web-testa-positivo-para-coronavirus.ghtml\">\u00a0diagn\u00f3stico positivo para a Covid-19<\/a>, e precisou ficar internado na UTI.<\/p>\n<\/div>\n<div class=\"row medium-uncollapsed content-media content-photo\" style=\"text-align: justify;\" data-block-type=\"backstage-photo\" data-block-id=\"5\">\n<div class=\"column medium-22 large-20 medium-centered content-media__container\">\n<figure><img decoding=\"async\" class=\"i-amphtml-fill-content i-amphtml-replaced-content\" src=\"https:\/\/s2.glbimg.com\/QCwxEbfTYz4-TQzSq11h14_UaFs=\/0x0:2434x1200\/1008x0\/smart\/filters:strip_icc()\/i.s3.glbimg.com\/v1\/AUTH_59edd422c0c84a879bd37670ae4f538a\/internal_photos\/bs\/2020\/9\/U\/Hi3z5pSfKlvGzu1BOa1g\/chico.jpg\" srcset=\"\" alt=\"Super Chico ap\u00f3s receber alta da UTI e ir para quarto de enfermaria de hospital em Bauru: &quot;Voltou a ser um le\u00e3o&quot;, postou a m\u00e3e \u2014 Foto: Reprodu\u00e7\u00e3o\/Facebook\" \/><\/figure>\n<p class=\"content-media__description \">Super Chico ap\u00f3s receber alta da UTI e ir para quarto de enfermaria de hospital em Bauru: &#8220;Voltou a ser um le\u00e3o&#8221;, postou a m\u00e3e \u2014 Foto: Reprodu\u00e7\u00e3o\/Facebook<\/p>\n<\/div>\n<\/div>\n<div class=\"mc-column content-text active-extra-styles\" style=\"text-align: justify;\" data-block-type=\"raw\" data-block-weight=\"11\" data-block-id=\"7\">\n<ul class=\"content-unordered-list\">\n<li><a href=\"https:\/\/g1.globo.com\/sp\/bauru-marilia\/ao-vivo\/confira-as-ultimas-noticias-sobre-o-coronavirus-nas-regioes-de-bauru-e-marilia.ghtml\">Acompanhe ao VIVO as \u00faltimas not\u00edcias sobre o coronav\u00edrus na regi\u00e3o<\/a><\/li>\n<\/ul>\n<\/div>\n<div class=\"mc-column content-text active-extra-styles \" data-block-type=\"unstyled\" data-block-weight=\"44\" data-block-id=\"8\">\n<p class=\"content-text__container \" style=\"text-align: justify;\" data-track-category=\"Link no Texto\" data-track-links=\"\">A evolu\u00e7\u00e3o do tratamento foi boa e, na \u00faltima quarta-feira (22), a advogada Daniela Guedes Bombini, m\u00e3e do Chico, foi \u00e0s redes sociais para anunciar que o filho havia\u00a0<a href=\"https:\/\/g1.globo.com\/sp\/bauru-marilia\/noticia\/2020\/07\/22\/mae-de-bebe-com-sindrome-de-down-que-virou-fenomeno-na-web-celebra-alta-da-uti-chico-venceu-a-covid.ghtml\">vencido a Covid-19 e estava trocando a UTI por um quarto de enfermaria<\/a>.<\/p>\n<p style=\"text-align: justify;\" data-track-category=\"Link no Texto\" data-track-links=\"\">Fonte: https:\/\/g1.globo.com\/sp\/bauru-marilia\/noticia\/2020\/07\/27\/bebe-com-sindrome-de-down-que-virou-fenomeno-na-web-tem-alta-e-volta-para-casa-apos-vencer-covid-19.ghtml<\/p>\n<\/div>\n<\/div>\n","protected":false},"excerpt":{"rendered":"<p>Conhecido como Super Chico, menino de Bauru (SP) que foi diagnosticado com coronav\u00edrus vai para casa ap\u00f3s 18 dias de interna\u00e7\u00e3o. Ele nasceu prematuro, passou por sete cirurgias e seu perfil no Instagram j\u00e1 tem cerca de 170 mil seguidores. O menino de 3 anos com s\u00edndrome de Down que ficou conhecido como\u00a0Super Chico por [&hellip;]<\/p>\n","protected":false},"author":1,"featured_media":31566,"comment_status":"closed","ping_status":"open","sticky":false,"template":"","format":"standard","meta":{"footnotes":""},"categories":[110,122],"tags":[],"class_list":["post-31564","post","type-post","status-publish","format-standard","has-post-thumbnail","hentry","category-noticiasdestaque","category-saudeeducacaoeconcurso"],"_links":{"self":[{"href":"https:\/\/jorgezanoni.com.br\/2019\/wp-json\/wp\/v2\/posts\/31564","targetHints":{"allow":["GET"]}}],"collection":[{"href":"https:\/\/jorgezanoni.com.br\/2019\/wp-json\/wp\/v2\/posts"}],"about":[{"href":"https:\/\/jorgezanoni.com.br\/2019\/wp-json\/wp\/v2\/types\/post"}],"author":[{"embeddable":true,"href":"https:\/\/jorgezanoni.com.br\/2019\/wp-json\/wp\/v2\/users\/1"}],"replies":[{"embeddable":true,"href":"https:\/\/jorgezanoni.com.br\/2019\/wp-json\/wp\/v2\/comments?post=31564"}],"version-history":[{"count":0,"href":"https:\/\/jorgezanoni.com.br\/2019\/wp-json\/wp\/v2\/posts\/31564\/revisions"}],"wp:featuredmedia":[{"embeddable":true,"href":"https:\/\/jorgezanoni.com.br\/2019\/wp-json\/wp\/v2\/media\/31566"}],"wp:attachment":[{"href":"https:\/\/jorgezanoni.com.br\/2019\/wp-json\/wp\/v2\/media?parent=31564"}],"wp:term":[{"taxonomy":"category","embeddable":true,"href":"https:\/\/jorgezanoni.com.br\/2019\/wp-json\/wp\/v2\/categories?post=31564"},{"taxonomy":"post_tag","embeddable":true,"href":"https:\/\/jorgezanoni.com.br\/2019\/wp-json\/wp\/v2\/tags?post=31564"}],"curies":[{"name":"wp","href":"https:\/\/api.w.org\/{rel}","templated":true}]}}