{"id":31553,"date":"2020-07-27T16:29:43","date_gmt":"2020-07-27T16:29:43","guid":{"rendered":"https:\/\/jorgezanoni.com.br\/2019\/?p=31553"},"modified":"2020-07-27T16:30:57","modified_gmt":"2020-07-27T16:30:57","slug":"o-dia-nacional-do-motociclista-e-comemorado-hoje-27-de-julho","status":"publish","type":"post","link":"https:\/\/jorgezanoni.com.br\/2019\/o-dia-nacional-do-motociclista-e-comemorado-hoje-27-de-julho\/","title":{"rendered":"O\u00a0Dia Nacional do Motociclista\u00a0\u00e9 comemorado hoje, 27 de julho"},"content":{"rendered":"<div class=\"col-xs-12 col-sm-8 holiday-detail-box\">\n<h1 style=\"text-align: justify;\">Dia do Motociclista<\/h1>\n<\/div>\n<div class=\"col-sm-8 list-holiday-box\">\n<div id=\"sg-social-share-content\" class=\"holiday-content\">\n<p style=\"text-align: justify;\"><strong>A data celebra todos os que, seja profissionalmente ou por\u00a0<em>hobbie<\/em>, pilotam motocicletas.<\/strong><\/p>\n<p style=\"text-align: justify;\">Conhecido popularmente como motoqueiro, o motociclista n\u00e3o apenas pilota motos, mas tamb\u00e9m vivencia o que \u00e9 conhecido como &#8220;cultura da motocicleta&#8221;.<\/p>\n<p style=\"text-align: justify;\"><img loading=\"lazy\" decoding=\"async\" src=\"https:\/\/s.calendarr.com\/upload\/datas\/di\/ad\/dia-do-motociclista_c.jpg\" alt=\"dia do motociclista\" width=\"655\" height=\"379\" \/><\/p>\n<p style=\"text-align: justify;\">Inclusive, os motociclistas contam com uma Associa\u00e7\u00e3o que orienta e organiza reuni\u00f5es e demais eventos para os apaixonados por motos &#8211;\u00a0<strong>Associa\u00e7\u00e3o Brasileira de Motociclistas (ABRAM)<\/strong>.<\/p>\n<h2 style=\"text-align: justify;\">Origem do Dia do Motociclista<\/h2>\n<p style=\"text-align: justify;\">A data surgiu a partir de uma tentativa da Associa\u00e7\u00e3o Brasileira de Motociclistas de estipular um dia comemorativo oficial para os motoqueiros.<\/p>\n<p style=\"text-align: justify;\">Em 27 de Julho de 1974, morria o motociclista e mec\u00e2nico da Honda Marcus Bernardi, que era bastante querido por todos. Por sugest\u00e3o de Rog\u00e9rio Gon\u00e7alves &#8211; propriet\u00e1rio da Concession\u00e1ria Honda de Sorocaba, S\u00e3o Paulo &#8211; o deputado Alcides Franciscatto, em 1984, prop\u00f4s que o Dia do Motociclista fosse comemorado em 27 de julho, em homenagem ao ex-mec\u00e2nico.<\/p>\n<p style=\"text-align: justify;\">A ABRAM acabou por escolher esta data, entre todas as outras, como a oficial da Associa\u00e7\u00e3o.<\/p>\n<p style=\"text-align: justify;\">Tamb\u00e9m existe um dia em homenagem ao motorista. Leia sobre em\u00a0<a href=\"https:\/\/www.calendarr.com\/brasil\/dia-do-motorista\/\">Dia do Motorista<\/a>.<\/p>\n<h2 style=\"text-align: justify;\">Ora\u00e7\u00e3o do Motociclista<\/h2>\n<p style=\"text-align: justify;\"><em>&#8220;Senhor cada vez que subo numa moto sinto a liberdade e ao mesmo tempo tenho medo de encontrar-Te num destes caminhos perplexos do mundo.<\/em><\/p>\n<p>Como sou fr\u00e1gil diante da natureza, e ao mesmo tempo me sinto forte e dono de mim quando estou numa moto.<br \/>\nMas, Senhor, n\u00e3o quero perder minha vida num desses momentos.<\/p>\n<p>Quero que o guid\u00e3o de minha moto esteja sempre firme em minhas m\u00e3os, Senhor, que o capacete que me protege a cabe\u00e7a seja a seguran\u00e7a de que preciso, e que Tu, Senhor, sejas a minha prote\u00e7\u00e3o permanente.<\/p>\n<p>Perdoa-me Senhor, se por vezes abuso da liberdade que me deste e corro alucinado, ou me perco em emo\u00e7\u00f5es na velocidade, em busca de respostas&#8230;<\/p>\n<p>Que cada dia eu possa sentir a Tua presen\u00e7a na brisa que recebo no rosto, na velocidade e na supera\u00e7\u00e3o de meus pr\u00f3prios limites, na responsabilidade da vida que me deste.<\/p>\n<p>Quero sentir Tua presen\u00e7a protetora e amiga, pois sei que est\u00e1s comigo.<br \/>\nProtege, Senhor, nossas vidas, e acolhe junto de Ti os companheiros que j\u00e1 partiram, que eles possam viver as alegrias de estarem Contigo, e que n\u00f3s tenhamos a esperan\u00e7a de um dia tamb\u00e9m encontrar-Te.<\/p>\n<p>Protege, Senhor, por interm\u00e9dio de Nossa Senhora de Caravaggio, nossas motos, nossas vidas e nossos caminhos para que, na certeza de Tua presen\u00e7a, possamos dar-Te gl\u00f3ria e louvor, para sempre, am\u00e9m.<\/p>\n<p>Nossa Senhora de Caravaggio, Rogai por n\u00f3s. Am\u00e9m&#8221;<\/p>\n<p style=\"text-align: justify;\">Fonte: https:\/\/www.calendarr.com\/brasil\/dia-do-motociclista\/<\/p>\n<\/div>\n<\/div>\n","protected":false},"excerpt":{"rendered":"<p>Dia do Motociclista A data celebra todos os que, seja profissionalmente ou por\u00a0hobbie, pilotam motocicletas. Conhecido popularmente como motoqueiro, o motociclista n\u00e3o apenas pilota motos, mas tamb\u00e9m vivencia o que \u00e9 conhecido como &#8220;cultura da motocicleta&#8221;. Inclusive, os motociclistas contam com uma Associa\u00e7\u00e3o que orienta e organiza reuni\u00f5es e demais eventos para os apaixonados por [&hellip;]<\/p>\n","protected":false},"author":1,"featured_media":31554,"comment_status":"closed","ping_status":"open","sticky":false,"template":"","format":"standard","meta":{"footnotes":""},"categories":[180,110],"tags":[],"class_list":["post-31553","post","type-post","status-publish","format-standard","has-post-thumbnail","hentry","category-estradastransitoveiculos","category-noticiasdestaque"],"_links":{"self":[{"href":"https:\/\/jorgezanoni.com.br\/2019\/wp-json\/wp\/v2\/posts\/31553","targetHints":{"allow":["GET"]}}],"collection":[{"href":"https:\/\/jorgezanoni.com.br\/2019\/wp-json\/wp\/v2\/posts"}],"about":[{"href":"https:\/\/jorgezanoni.com.br\/2019\/wp-json\/wp\/v2\/types\/post"}],"author":[{"embeddable":true,"href":"https:\/\/jorgezanoni.com.br\/2019\/wp-json\/wp\/v2\/users\/1"}],"replies":[{"embeddable":true,"href":"https:\/\/jorgezanoni.com.br\/2019\/wp-json\/wp\/v2\/comments?post=31553"}],"version-history":[{"count":0,"href":"https:\/\/jorgezanoni.com.br\/2019\/wp-json\/wp\/v2\/posts\/31553\/revisions"}],"wp:featuredmedia":[{"embeddable":true,"href":"https:\/\/jorgezanoni.com.br\/2019\/wp-json\/wp\/v2\/media\/31554"}],"wp:attachment":[{"href":"https:\/\/jorgezanoni.com.br\/2019\/wp-json\/wp\/v2\/media?parent=31553"}],"wp:term":[{"taxonomy":"category","embeddable":true,"href":"https:\/\/jorgezanoni.com.br\/2019\/wp-json\/wp\/v2\/categories?post=31553"},{"taxonomy":"post_tag","embeddable":true,"href":"https:\/\/jorgezanoni.com.br\/2019\/wp-json\/wp\/v2\/tags?post=31553"}],"curies":[{"name":"wp","href":"https:\/\/api.w.org\/{rel}","templated":true}]}}