{"id":31538,"date":"2020-07-27T15:44:11","date_gmt":"2020-07-27T15:44:11","guid":{"rendered":"https:\/\/jorgezanoni.com.br\/2019\/?p=31538"},"modified":"2020-07-27T15:44:11","modified_gmt":"2020-07-27T15:44:11","slug":"carga-de-banana-fica-espalhada-na-sp-425-apos-acidente-envolvendo-dois-caminhoes","status":"publish","type":"post","link":"https:\/\/jorgezanoni.com.br\/2019\/carga-de-banana-fica-espalhada-na-sp-425-apos-acidente-envolvendo-dois-caminhoes\/","title":{"rendered":"Carga de banana fica espalhada na SP-425 ap\u00f3s acidente envolvendo dois caminh\u00f5es"},"content":{"rendered":"<h2 class=\"content-head__subtitle\" style=\"text-align: justify;\"><strong>Batida do tipo colis\u00e3o lateral foi registrada no trecho pertencente a Pirapozinho. De acordo com a pol\u00edcia, ningu\u00e9m se feriu.<\/strong><\/h2>\n<div class=\"mc-column content-text active-extra-styles \" data-block-type=\"unstyled\" data-block-weight=\"24\" data-block-id=\"2\">\n<p class=\"content-text__container \" style=\"text-align: justify;\" data-track-category=\"Link no Texto\" data-track-links=\"\">Um acidente de tr\u00e2nsito envolvendo dois caminh\u00f5es foi registrado na manh\u00e3 desta segunda-feira (27) na Rodovia Assis Chateaubriand (SP-425), em\u00a0<a href=\"http:\/\/g1.globo.com\/sp\/presidente-prudente-regiao\/cidade\/pirapozinho.html\">Pirapozinho<\/a>. Ningu\u00e9m se feriu.<\/p>\n<\/div>\n<div class=\"wall protected-content\">\n<div class=\"mc-column content-text active-extra-styles \" style=\"text-align: justify;\" data-block-type=\"unstyled\" data-block-weight=\"20\" data-block-id=\"3\">\n<p class=\"content-text__container \" data-track-category=\"Link no Texto\" data-track-links=\"\">Conforme a Pol\u00edcia Militar Rodovi\u00e1ria, foi um acidente de tr\u00e2nsito sem v\u00edtima, do tipo colis\u00e3o lateral, envolvendo dois caminh\u00f5es.<\/p>\n<\/div>\n<div class=\"row medium-uncollapsed content-media content-photo\" style=\"text-align: justify;\" data-block-type=\"backstage-photo\" data-block-id=\"4\">\n<div class=\"mc-column content-media__container\">\n<figure><img decoding=\"async\" class=\"i-amphtml-fill-content i-amphtml-replaced-content\" src=\"https:\/\/s2.glbimg.com\/HmaEPKtaDpj62JoSikUb0vaXQc4=\/0x0:1280x719\/984x0\/smart\/filters:strip_icc()\/i.s3.glbimg.com\/v1\/AUTH_59edd422c0c84a879bd37670ae4f538a\/internal_photos\/bs\/2020\/t\/E\/cmCd8BTqW3ZNai2BqdZQ\/whatsapp-image-2020-07-27-at-08.43.18.jpeg\" sizes=\"(max-width: 1242px) 648px, 100vw\" srcset=\"https:\/\/s2.glbimg.com\/Umng01xKCR7p1HSTxJRbNiAczE8=\/0x0:1280x719\/1000x0\/smart\/filters:strip_icc()\/i.s3.glbimg.com\/v1\/AUTH_59edd422c0c84a879bd37670ae4f538a\/internal_photos\/bs\/2020\/t\/E\/cmCd8BTqW3ZNai2BqdZQ\/whatsapp-image-2020-07-27-at-08.43.18.jpeg 1000w, https:\/\/s2.glbimg.com\/HmaEPKtaDpj62JoSikUb0vaXQc4=\/0x0:1280x719\/984x0\/smart\/filters:strip_icc()\/i.s3.glbimg.com\/v1\/AUTH_59edd422c0c84a879bd37670ae4f538a\/internal_photos\/bs\/2020\/t\/E\/cmCd8BTqW3ZNai2BqdZQ\/whatsapp-image-2020-07-27-at-08.43.18.jpeg 984w, https:\/\/s2.glbimg.com\/UEsLlRRDQ8Jz8pn2olAPiyculPk=\/0x0:1280x719\/640x0\/smart\/filters:strip_icc()\/i.s3.glbimg.com\/v1\/AUTH_59edd422c0c84a879bd37670ae4f538a\/internal_photos\/bs\/2020\/t\/E\/cmCd8BTqW3ZNai2BqdZQ\/whatsapp-image-2020-07-27-at-08.43.18.jpeg 640w, https:\/\/s2.glbimg.com\/JFyljBgkIaaxtSqS6hjxIIa5qtc=\/0x0:1280x719\/600x0\/smart\/filters:strip_icc()\/i.s3.glbimg.com\/v1\/AUTH_59edd422c0c84a879bd37670ae4f538a\/internal_photos\/bs\/2020\/t\/E\/cmCd8BTqW3ZNai2BqdZQ\/whatsapp-image-2020-07-27-at-08.43.18.jpeg 600w\" alt=\"Carga de banana ficou espalhada pela SP-425, em Pirapozinho \u2014 Foto: Pol\u00edcia Rodovi\u00e1ria\" \/><\/figure>\n<p class=\"content-media__description \">Carga de banana ficou espalhada pela SP-425, em Pirapozinho \u2014 Foto: Pol\u00edcia Rodovi\u00e1ria<\/p>\n<\/div>\n<\/div>\n<div class=\"mc-column content-text active-extra-styles \" style=\"text-align: justify;\" data-block-type=\"unstyled\" data-block-weight=\"40\" data-block-id=\"5\">\n<p class=\"content-text__container \" data-track-category=\"Link no Texto\" data-track-links=\"\">Ambos os ve\u00edculos transitavam no sentido Tarabai\u2013Presidente Prudente, quando no km 466,600 o caminh\u00e3o com placas de Maring\u00e1 (PR) colidiu lateralmente contra o semirreboque, com identifica\u00e7\u00f5es de Santa Helena (GO), que era tracionado pelo caminh\u00e3o com emplacamento de Uberl\u00e2ndia(MG).<\/p>\n<\/div>\n<div class=\"mc-column content-text active-extra-styles \" style=\"text-align: justify;\" data-block-type=\"unstyled\" data-block-weight=\"21\" data-block-id=\"6\">\n<p class=\"content-text__container \" data-track-category=\"Link no Texto\" data-track-links=\"\">Em decorr\u00eancia da batida, houve o derramamento da carga de banana que era transportada pelo ve\u00edculo com placas de Maring\u00e1.<\/p>\n<\/div>\n<div class=\"mc-column content-text active-extra-styles \" style=\"text-align: justify;\" data-block-type=\"unstyled\" data-block-weight=\"12\" data-block-id=\"8\">\n<p class=\"content-text__container \" data-track-category=\"Link no Texto\" data-track-links=\"\">A rodovia ficou parcialmente interditada, com o tr\u00e2nsito fluindo pelo acostamento.<\/p>\n<\/div>\n<div class=\"mc-column content-text active-extra-styles \" style=\"text-align: justify;\" data-block-type=\"unstyled\" data-block-weight=\"6\" data-block-id=\"9\">\n<p class=\"content-text__container \" data-track-category=\"Link no Texto\" data-track-links=\"\">N\u00e3o houve v\u00edtimas no acidente.<\/p>\n<\/div>\n<div class=\"row medium-uncollapsed content-media content-photo\" style=\"text-align: justify;\" data-block-type=\"backstage-photo\" data-block-id=\"10\">\n<div class=\"mc-column content-media__container\">\n<figure><img decoding=\"async\" class=\"i-amphtml-fill-content i-amphtml-replaced-content\" src=\"https:\/\/s2.glbimg.com\/QW_8PgV-RZSwFnZKlJrSRoQfiXo=\/0x0:1280x720\/984x0\/smart\/filters:strip_icc()\/i.s3.glbimg.com\/v1\/AUTH_59edd422c0c84a879bd37670ae4f538a\/internal_photos\/bs\/2020\/B\/A\/bn60TxTW2arFPQUTTc8Q\/whatsapp-image-2020-07-27-at-07.24.52.jpeg\" sizes=\"(max-width: 1242px) 648px, 100vw\" srcset=\"https:\/\/s2.glbimg.com\/lNmyBr3PzewPWEq8MpgbS2Oabu8=\/0x0:1280x720\/1000x0\/smart\/filters:strip_icc()\/i.s3.glbimg.com\/v1\/AUTH_59edd422c0c84a879bd37670ae4f538a\/internal_photos\/bs\/2020\/B\/A\/bn60TxTW2arFPQUTTc8Q\/whatsapp-image-2020-07-27-at-07.24.52.jpeg 1000w, https:\/\/s2.glbimg.com\/QW_8PgV-RZSwFnZKlJrSRoQfiXo=\/0x0:1280x720\/984x0\/smart\/filters:strip_icc()\/i.s3.glbimg.com\/v1\/AUTH_59edd422c0c84a879bd37670ae4f538a\/internal_photos\/bs\/2020\/B\/A\/bn60TxTW2arFPQUTTc8Q\/whatsapp-image-2020-07-27-at-07.24.52.jpeg 984w, https:\/\/s2.glbimg.com\/gV8Na2kFaEwSs0PiGP2TPPc6Vy4=\/0x0:1280x720\/640x0\/smart\/filters:strip_icc()\/i.s3.glbimg.com\/v1\/AUTH_59edd422c0c84a879bd37670ae4f538a\/internal_photos\/bs\/2020\/B\/A\/bn60TxTW2arFPQUTTc8Q\/whatsapp-image-2020-07-27-at-07.24.52.jpeg 640w, https:\/\/s2.glbimg.com\/fRzrVIplUYv0FledU2l0QlNHOAM=\/0x0:1280x720\/600x0\/smart\/filters:strip_icc()\/i.s3.glbimg.com\/v1\/AUTH_59edd422c0c84a879bd37670ae4f538a\/internal_photos\/bs\/2020\/B\/A\/bn60TxTW2arFPQUTTc8Q\/whatsapp-image-2020-07-27-at-07.24.52.jpeg 600w\" alt=\"Carga de banana ficou espalhada pela SP-425, em Pirapozinho \u2014 Foto: Pol\u00edcia Rodovi\u00e1ria\" \/><\/figure>\n<p class=\"content-media__description \">Carga de banana ficou espalhada pela SP-425, em Pirapozinho \u2014 Foto: Pol\u00edcia Rodovi\u00e1ria<\/p>\n<\/div>\n<\/div>\n<div class=\"row medium-uncollapsed content-media content-photo\" data-block-type=\"backstage-photo\" data-block-id=\"11\">\n<div class=\"mc-column content-media__container\">\n<figure style=\"text-align: justify;\"><img decoding=\"async\" class=\"i-amphtml-fill-content i-amphtml-replaced-content\" src=\"https:\/\/s2.glbimg.com\/n-8S1dz0M2rwPQ7Bxi0E7ohT0ps=\/0x0:1280x719\/984x0\/smart\/filters:strip_icc()\/i.s3.glbimg.com\/v1\/AUTH_59edd422c0c84a879bd37670ae4f538a\/internal_photos\/bs\/2020\/s\/o\/ZZThPgQ9OyGPkuWsQ91A\/whatsapp-image-2020-07-27-at-08.46.26.jpeg\" sizes=\"(max-width: 1242px) 648px, 100vw\" srcset=\"https:\/\/s2.glbimg.com\/PDe8nvEF8HnNp2nxNp7Scmoa0dU=\/0x0:1280x719\/1000x0\/smart\/filters:strip_icc()\/i.s3.glbimg.com\/v1\/AUTH_59edd422c0c84a879bd37670ae4f538a\/internal_photos\/bs\/2020\/s\/o\/ZZThPgQ9OyGPkuWsQ91A\/whatsapp-image-2020-07-27-at-08.46.26.jpeg 1000w, https:\/\/s2.glbimg.com\/n-8S1dz0M2rwPQ7Bxi0E7ohT0ps=\/0x0:1280x719\/984x0\/smart\/filters:strip_icc()\/i.s3.glbimg.com\/v1\/AUTH_59edd422c0c84a879bd37670ae4f538a\/internal_photos\/bs\/2020\/s\/o\/ZZThPgQ9OyGPkuWsQ91A\/whatsapp-image-2020-07-27-at-08.46.26.jpeg 984w, https:\/\/s2.glbimg.com\/Qbdm7tV63Htt_cDMQJ7gOmdeTGE=\/0x0:1280x719\/640x0\/smart\/filters:strip_icc()\/i.s3.glbimg.com\/v1\/AUTH_59edd422c0c84a879bd37670ae4f538a\/internal_photos\/bs\/2020\/s\/o\/ZZThPgQ9OyGPkuWsQ91A\/whatsapp-image-2020-07-27-at-08.46.26.jpeg 640w, https:\/\/s2.glbimg.com\/yjKVzK9oNRoCBMyOXGhEPd96f94=\/0x0:1280x719\/600x0\/smart\/filters:strip_icc()\/i.s3.glbimg.com\/v1\/AUTH_59edd422c0c84a879bd37670ae4f538a\/internal_photos\/bs\/2020\/s\/o\/ZZThPgQ9OyGPkuWsQ91A\/whatsapp-image-2020-07-27-at-08.46.26.jpeg 600w\" alt=\"Carga de banana ficou espalhada pela SP-425, em Pirapozinho \u2014 Foto: Pol\u00edcia Rodovi\u00e1ria\" \/><\/figure>\n<p class=\"content-media__description \" style=\"text-align: justify;\">Carga de banana ficou espalhada pela SP-425, em Pirapozinho \u2014 Foto: Pol\u00edcia Rodovi\u00e1ria<\/p>\n<p>Fonte: G1 e 2\u00aa Cia. PMR<\/p>\n<\/div>\n<\/div>\n<\/div>\n","protected":false},"excerpt":{"rendered":"<p>Batida do tipo colis\u00e3o lateral foi registrada no trecho pertencente a Pirapozinho. De acordo com a pol\u00edcia, ningu\u00e9m se feriu. Um acidente de tr\u00e2nsito envolvendo dois caminh\u00f5es foi registrado na manh\u00e3 desta segunda-feira (27) na Rodovia Assis Chateaubriand (SP-425), em\u00a0Pirapozinho. Ningu\u00e9m se feriu. Conforme a Pol\u00edcia Militar Rodovi\u00e1ria, foi um acidente de tr\u00e2nsito sem v\u00edtima, [&hellip;]<\/p>\n","protected":false},"author":1,"featured_media":31539,"comment_status":"closed","ping_status":"open","sticky":false,"template":"","format":"standard","meta":{"footnotes":""},"categories":[170,110],"tags":[],"class_list":["post-31538","post","type-post","status-publish","format-standard","has-post-thumbnail","hentry","category-acidentes","category-noticiasdestaque"],"_links":{"self":[{"href":"https:\/\/jorgezanoni.com.br\/2019\/wp-json\/wp\/v2\/posts\/31538","targetHints":{"allow":["GET"]}}],"collection":[{"href":"https:\/\/jorgezanoni.com.br\/2019\/wp-json\/wp\/v2\/posts"}],"about":[{"href":"https:\/\/jorgezanoni.com.br\/2019\/wp-json\/wp\/v2\/types\/post"}],"author":[{"embeddable":true,"href":"https:\/\/jorgezanoni.com.br\/2019\/wp-json\/wp\/v2\/users\/1"}],"replies":[{"embeddable":true,"href":"https:\/\/jorgezanoni.com.br\/2019\/wp-json\/wp\/v2\/comments?post=31538"}],"version-history":[{"count":0,"href":"https:\/\/jorgezanoni.com.br\/2019\/wp-json\/wp\/v2\/posts\/31538\/revisions"}],"wp:featuredmedia":[{"embeddable":true,"href":"https:\/\/jorgezanoni.com.br\/2019\/wp-json\/wp\/v2\/media\/31539"}],"wp:attachment":[{"href":"https:\/\/jorgezanoni.com.br\/2019\/wp-json\/wp\/v2\/media?parent=31538"}],"wp:term":[{"taxonomy":"category","embeddable":true,"href":"https:\/\/jorgezanoni.com.br\/2019\/wp-json\/wp\/v2\/categories?post=31538"},{"taxonomy":"post_tag","embeddable":true,"href":"https:\/\/jorgezanoni.com.br\/2019\/wp-json\/wp\/v2\/tags?post=31538"}],"curies":[{"name":"wp","href":"https:\/\/api.w.org\/{rel}","templated":true}]}}