{"id":31508,"date":"2020-07-26T23:31:07","date_gmt":"2020-07-26T23:31:07","guid":{"rendered":"https:\/\/jorgezanoni.com.br\/2019\/?p=31508"},"modified":"2020-07-26T23:31:38","modified_gmt":"2020-07-26T23:31:38","slug":"motociclista-fica-ferido-em-colisao-com-veiculo-em-venceslau-neste-domingo","status":"publish","type":"post","link":"https:\/\/jorgezanoni.com.br\/2019\/motociclista-fica-ferido-em-colisao-com-veiculo-em-venceslau-neste-domingo\/","title":{"rendered":"Motociclista fica ferido em colis\u00e3o com ve\u00edculo em Venceslau neste domingo"},"content":{"rendered":"<p style=\"text-align: justify;\">Um acidente entre uma moto e um ve\u00edculo foi registrado na noite deste domingo (26) por volta das 19h20 em Presidente Venceslau. O motociclista teve v\u00e1rias escoria\u00e7\u00f5es e fraturas expostas na perna direita.<\/p>\n<p style=\"text-align: justify;\">De acordo com informa\u00e7\u00f5es apuradas pelo\u00a0<em><strong>PORTAL BUENO<\/strong><\/em>, a colis\u00e3o ocorreu entre uma moto e um Fiat Uno no cruzamento da rua \u00canio Pipino com a rua Nicolino Rond\u00f3 nas proximidades do Jardim Esperan\u00e7a.<\/p>\n<p style=\"text-align: justify;\">O homem que conduzia a moto estava sozinho. Ele foi socorrido por equipes do Corpo de Bombeiros at\u00e9 a Santa Casa de Presidente Venceslau onde passa por avalia\u00e7\u00e3o m\u00e9dica.<\/p>\n<p style=\"text-align: justify;\">O motorista do ve\u00edculo nada sofreu.<\/p>\n<p style=\"text-align: justify;\">A per\u00edcia t\u00e9cnica esteve no local e um laudo ir\u00e1 apurar as causas do acidente.<\/p>\n<p><img decoding=\"async\" src=\"https:\/\/www.portalbueno.com.br\/uploads\/news\/26_07_2020_081902_356.jpg\" alt=\"\" \/>Fonte: Portal Bueno<\/p>\n","protected":false},"excerpt":{"rendered":"<p>Um acidente entre uma moto e um ve\u00edculo foi registrado na noite deste domingo (26) por volta das 19h20 em Presidente Venceslau. O motociclista teve v\u00e1rias escoria\u00e7\u00f5es e fraturas expostas na perna direita. De acordo com informa\u00e7\u00f5es apuradas pelo\u00a0PORTAL BUENO, a colis\u00e3o ocorreu entre uma moto e um Fiat Uno no cruzamento da rua \u00canio [&hellip;]<\/p>\n","protected":false},"author":1,"featured_media":31509,"comment_status":"closed","ping_status":"open","sticky":false,"template":"","format":"standard","meta":{"footnotes":""},"categories":[170,110],"tags":[],"class_list":["post-31508","post","type-post","status-publish","format-standard","has-post-thumbnail","hentry","category-acidentes","category-noticiasdestaque"],"_links":{"self":[{"href":"https:\/\/jorgezanoni.com.br\/2019\/wp-json\/wp\/v2\/posts\/31508","targetHints":{"allow":["GET"]}}],"collection":[{"href":"https:\/\/jorgezanoni.com.br\/2019\/wp-json\/wp\/v2\/posts"}],"about":[{"href":"https:\/\/jorgezanoni.com.br\/2019\/wp-json\/wp\/v2\/types\/post"}],"author":[{"embeddable":true,"href":"https:\/\/jorgezanoni.com.br\/2019\/wp-json\/wp\/v2\/users\/1"}],"replies":[{"embeddable":true,"href":"https:\/\/jorgezanoni.com.br\/2019\/wp-json\/wp\/v2\/comments?post=31508"}],"version-history":[{"count":0,"href":"https:\/\/jorgezanoni.com.br\/2019\/wp-json\/wp\/v2\/posts\/31508\/revisions"}],"wp:featuredmedia":[{"embeddable":true,"href":"https:\/\/jorgezanoni.com.br\/2019\/wp-json\/wp\/v2\/media\/31509"}],"wp:attachment":[{"href":"https:\/\/jorgezanoni.com.br\/2019\/wp-json\/wp\/v2\/media?parent=31508"}],"wp:term":[{"taxonomy":"category","embeddable":true,"href":"https:\/\/jorgezanoni.com.br\/2019\/wp-json\/wp\/v2\/categories?post=31508"},{"taxonomy":"post_tag","embeddable":true,"href":"https:\/\/jorgezanoni.com.br\/2019\/wp-json\/wp\/v2\/tags?post=31508"}],"curies":[{"name":"wp","href":"https:\/\/api.w.org\/{rel}","templated":true}]}}