{"id":31501,"date":"2020-07-26T16:51:07","date_gmt":"2020-07-26T16:51:07","guid":{"rendered":"https:\/\/jorgezanoni.com.br\/2019\/?p=31501"},"modified":"2020-07-26T16:51:07","modified_gmt":"2020-07-26T16:51:07","slug":"acidente-na-madrugada-deixa-tres-feridos-em-venceslau","status":"publish","type":"post","link":"https:\/\/jorgezanoni.com.br\/2019\/acidente-na-madrugada-deixa-tres-feridos-em-venceslau\/","title":{"rendered":"Acidente na madrugada deixa tr\u00eas feridos em Venceslau"},"content":{"rendered":"<p style=\"text-align: justify;\">Um acidente envolvendo dois ve\u00edculos foi registrado na madrugada deste domingo (26) por volta das 03 horas em Presidente Venceslau. Os ve\u00edculos se chocaram no cruzamento da avenida Jo\u00e3o Pessoa com a rua General C\u00e2mara.<\/p>\n<p style=\"text-align: justify;\">Tr\u00eas pessoas tiveram ferimentos leves e foram socorridos por equipes do Corpo de Bombeiros at\u00e9 o Pronto Socorro da Santa Casa.<\/p>\n<p style=\"text-align: justify;\">As v\u00edtimas estavam no Ford Fiesta que teve a parte dianteira danificada no impacto. O ve\u00edculo permaneceu no local do acidente.<\/p>\n<p style=\"text-align: justify;\">De acordo com relatos das autoridades policiais, o outro carro envolvido no acidente evadiu-se do local.<\/p>\n<p style=\"text-align: justify;\">A pol\u00edcia apura as causas do acidente.<\/p>\n<p style=\"text-align: justify;\"><img decoding=\"async\" src=\"https:\/\/www.portalbueno.com.br\/uploads\/news\/26_07_2020_123449_969.jpg\" alt=\"\" \/><\/p>\n<p style=\"text-align: justify;\">Fotos extra\u00eddas do Facebook do radialista Mivaldo Rodrigues.<\/p>\n<p style=\"text-align: justify;\">Fonte: Portal Bueno<\/p>\n","protected":false},"excerpt":{"rendered":"<p>Um acidente envolvendo dois ve\u00edculos foi registrado na madrugada deste domingo (26) por volta das 03 horas em Presidente Venceslau. Os ve\u00edculos se chocaram no cruzamento da avenida Jo\u00e3o Pessoa com a rua General C\u00e2mara. Tr\u00eas pessoas tiveram ferimentos leves e foram socorridos por equipes do Corpo de Bombeiros at\u00e9 o Pronto Socorro da Santa [&hellip;]<\/p>\n","protected":false},"author":1,"featured_media":31502,"comment_status":"closed","ping_status":"open","sticky":false,"template":"","format":"standard","meta":{"footnotes":""},"categories":[170,110],"tags":[],"class_list":["post-31501","post","type-post","status-publish","format-standard","has-post-thumbnail","hentry","category-acidentes","category-noticiasdestaque"],"_links":{"self":[{"href":"https:\/\/jorgezanoni.com.br\/2019\/wp-json\/wp\/v2\/posts\/31501","targetHints":{"allow":["GET"]}}],"collection":[{"href":"https:\/\/jorgezanoni.com.br\/2019\/wp-json\/wp\/v2\/posts"}],"about":[{"href":"https:\/\/jorgezanoni.com.br\/2019\/wp-json\/wp\/v2\/types\/post"}],"author":[{"embeddable":true,"href":"https:\/\/jorgezanoni.com.br\/2019\/wp-json\/wp\/v2\/users\/1"}],"replies":[{"embeddable":true,"href":"https:\/\/jorgezanoni.com.br\/2019\/wp-json\/wp\/v2\/comments?post=31501"}],"version-history":[{"count":0,"href":"https:\/\/jorgezanoni.com.br\/2019\/wp-json\/wp\/v2\/posts\/31501\/revisions"}],"wp:featuredmedia":[{"embeddable":true,"href":"https:\/\/jorgezanoni.com.br\/2019\/wp-json\/wp\/v2\/media\/31502"}],"wp:attachment":[{"href":"https:\/\/jorgezanoni.com.br\/2019\/wp-json\/wp\/v2\/media?parent=31501"}],"wp:term":[{"taxonomy":"category","embeddable":true,"href":"https:\/\/jorgezanoni.com.br\/2019\/wp-json\/wp\/v2\/categories?post=31501"},{"taxonomy":"post_tag","embeddable":true,"href":"https:\/\/jorgezanoni.com.br\/2019\/wp-json\/wp\/v2\/tags?post=31501"}],"curies":[{"name":"wp","href":"https:\/\/api.w.org\/{rel}","templated":true}]}}