{"id":31495,"date":"2020-07-26T15:49:34","date_gmt":"2020-07-26T15:49:34","guid":{"rendered":"https:\/\/jorgezanoni.com.br\/2019\/?p=31495"},"modified":"2020-07-26T15:52:47","modified_gmt":"2020-07-26T15:52:47","slug":"apos-discussao-com-a-esposa-homem-tira-a-propria-vida-em-pacaembu","status":"publish","type":"post","link":"https:\/\/jorgezanoni.com.br\/2019\/apos-discussao-com-a-esposa-homem-tira-a-propria-vida-em-pacaembu\/","title":{"rendered":"Ap\u00f3s discuss\u00e3o com a esposa, homem tira a pr\u00f3pria vida em Pacaembu"},"content":{"rendered":"<header class=\"entry-header\">\n<h1 class=\"entry-title\" style=\"text-align: justify;\"><strong><span style=\"font-family: Verdana, Geneva, sans-serif; font-size: 15px; color: #222222;\">Um homem de 44 anos de idade e que teve apenas o primeiro nome revelado, \u201cMaur\u00edcio\u201d, tirou a pr\u00f3pria vida na madrugada deste domingo (26), em Pacaembu.<\/span><\/strong><\/h1>\n<\/header>\n<div class=\"entry-content clearfix\">\n<p style=\"text-align: justify;\">Consta no boletim de ocorr\u00eancia que o casal residente em uma propriedade rural da Avenida Vereador Jos\u00e9 Gomes Duda, teria discutido por volta da 1h da manh\u00e3, quando ent\u00e3o o homem saiu de casa tomando destino ignorado.<\/p>\n<p style=\"text-align: justify;\">\u00c0 Pol\u00edcia Militar, a esposa informou que as discuss\u00f5es eram frequentes e que o marido costumava sair de casa, por\u00e9m, que retornava sempre e que faziam as pazes, o que n\u00e3o ocorreu nesta ocasi\u00e3o.<\/p>\n<p style=\"text-align: justify;\">Ao acordar, por volta das 7h, a mulher abriu a janela da casa e deparou-se com o homem pendurado por uma corda envolta ao pesco\u00e7o em uma \u00e1rvore no quintal.<\/p>\n<p style=\"text-align: justify;\">Ela acionou a Pol\u00edcia Militar que compareceu ao local constatando o \u00f3bito do mesmo.<\/p>\n<p style=\"text-align: justify;\">A Pol\u00edcia Civil tamb\u00e9m foi acionada e solicitou a presen\u00e7a dos peritos do N\u00facleo de Per\u00edcias de Adamantina, Instituto de Criminal\u00edstica, que estiveram no local onde coletaram dados e imagens do ocorrido.<\/p>\n<p style=\"text-align: justify;\">O corpo foi encaminhado para o Instituto M\u00e9dico Legal de Adamantina, onde passaria por exames.<\/p>\n<p style=\"text-align: justify;\">A Pol\u00edcia Civil registrou boletim de ocorr\u00eancia de suic\u00eddio e investiga os fatos.<\/p>\n<p style=\"text-align: justify;\">Fonte: Folha Regional<\/p>\n<\/div>\n","protected":false},"excerpt":{"rendered":"<p>Um homem de 44 anos de idade e que teve apenas o primeiro nome revelado, \u201cMaur\u00edcio\u201d, tirou a pr\u00f3pria vida na madrugada deste domingo (26), em Pacaembu. Consta no boletim de ocorr\u00eancia que o casal residente em uma propriedade rural da Avenida Vereador Jos\u00e9 Gomes Duda, teria discutido por volta da 1h da manh\u00e3, quando [&hellip;]<\/p>\n","protected":false},"author":1,"featured_media":31496,"comment_status":"closed","ping_status":"open","sticky":false,"template":"","format":"standard","meta":{"footnotes":""},"categories":[110,2],"tags":[],"class_list":["post-31495","post","type-post","status-publish","format-standard","has-post-thumbnail","hentry","category-noticiasdestaque","category-policial"],"_links":{"self":[{"href":"https:\/\/jorgezanoni.com.br\/2019\/wp-json\/wp\/v2\/posts\/31495","targetHints":{"allow":["GET"]}}],"collection":[{"href":"https:\/\/jorgezanoni.com.br\/2019\/wp-json\/wp\/v2\/posts"}],"about":[{"href":"https:\/\/jorgezanoni.com.br\/2019\/wp-json\/wp\/v2\/types\/post"}],"author":[{"embeddable":true,"href":"https:\/\/jorgezanoni.com.br\/2019\/wp-json\/wp\/v2\/users\/1"}],"replies":[{"embeddable":true,"href":"https:\/\/jorgezanoni.com.br\/2019\/wp-json\/wp\/v2\/comments?post=31495"}],"version-history":[{"count":0,"href":"https:\/\/jorgezanoni.com.br\/2019\/wp-json\/wp\/v2\/posts\/31495\/revisions"}],"wp:featuredmedia":[{"embeddable":true,"href":"https:\/\/jorgezanoni.com.br\/2019\/wp-json\/wp\/v2\/media\/31496"}],"wp:attachment":[{"href":"https:\/\/jorgezanoni.com.br\/2019\/wp-json\/wp\/v2\/media?parent=31495"}],"wp:term":[{"taxonomy":"category","embeddable":true,"href":"https:\/\/jorgezanoni.com.br\/2019\/wp-json\/wp\/v2\/categories?post=31495"},{"taxonomy":"post_tag","embeddable":true,"href":"https:\/\/jorgezanoni.com.br\/2019\/wp-json\/wp\/v2\/tags?post=31495"}],"curies":[{"name":"wp","href":"https:\/\/api.w.org\/{rel}","templated":true}]}}