{"id":31491,"date":"2020-07-26T14:46:32","date_gmt":"2020-07-26T14:46:32","guid":{"rendered":"https:\/\/jorgezanoni.com.br\/2019\/?p=31491"},"modified":"2020-07-26T14:47:25","modified_gmt":"2020-07-26T14:47:25","slug":"31491","status":"publish","type":"post","link":"https:\/\/jorgezanoni.com.br\/2019\/31491\/","title":{"rendered":"Hoje (26) comemoramos o &#8220;Dia dos Av\u00f3s&#8221;"},"content":{"rendered":"<p style=\"text-align: justify;\">No\u00a0<a title=\"Brasil\" href=\"https:\/\/pt.wikipedia.org\/wiki\/Brasil\">Brasil<\/a>, o\u00a0<b>Dia dos Av\u00f3s<\/b>\u00a0\u00e9 comemorado a\u00a0<a title=\"26 de julho\" href=\"https:\/\/pt.wikipedia.org\/wiki\/26_de_julho\">26 de julho<\/a>, tendo sido esta data escolhida por refer\u00eancia \u00e0 comemora\u00e7\u00e3o do dia de\u00a0<a class=\"mw-redirect\" title=\"Santa Ana\" href=\"https:\/\/pt.wikipedia.org\/wiki\/Santa_Ana\">Santa Ana<\/a>\u00a0e\u00a0<a title=\"S\u00e3o Joaquim\" href=\"https:\/\/pt.wikipedia.org\/wiki\/S%C3%A3o_Joaquim\">S\u00e3o Joaquim<\/a>, que, segundo a tradi\u00e7\u00e3o da igreja cat\u00f3lica e evangelhos ap\u00f3crifos (n\u00e3o reconhecidos como leg\u00edtimos) seriam pais de Maria e portanto av\u00f3s de\u00a0<a class=\"mw-redirect\" title=\"Jesus Cristo\" href=\"https:\/\/pt.wikipedia.org\/wiki\/Jesus_Cristo\">Jesus Cristo<\/a>. Embora, nos evangelhos oficiais, que comp\u00f5em originalmente a B\u00edblia, a genealogia de Maria n\u00e3o seja descrita.<\/p>\n<p style=\"text-align: justify;\">De notar que a celebra\u00e7\u00e3o brasileira \u00e9 tida como tendo origem em Portugal, mas esta data n\u00e3o \u00e9 observada na esfera portuguesa.\u00a0<sup id=\"cite_ref-1\" class=\"reference\"><a href=\"https:\/\/pt.wikipedia.org\/wiki\/Dia_dos_Av%C3%B3s#cite_note-1\">[1]<\/a><\/sup><sup id=\"cite_ref-2\" class=\"reference\"><a href=\"https:\/\/pt.wikipedia.org\/wiki\/Dia_dos_Av%C3%B3s#cite_note-2\">[2]<\/a><\/sup><sup id=\"cite_ref-3\" class=\"reference\"><a href=\"https:\/\/pt.wikipedia.org\/wiki\/Dia_dos_Av%C3%B3s#cite_note-3\">[3]<\/a><\/sup><\/p>\n<h2 style=\"text-align: justify;\"><span id=\"Hist.C3.B3ria\"><\/span><span id=\"Hist\u00f3ria\" class=\"mw-headline\">Hist\u00f3ria<\/span><\/h2>\n<p style=\"text-align: justify;\">Conta a tradi\u00e7\u00e3o cat\u00f3lica que, no\u00a0<a title=\"S\u00e9culo I a.C.\" href=\"https:\/\/pt.wikipedia.org\/wiki\/S%C3%A9culo_I_a.C.\">s\u00e9culo I a.C.<\/a>, Ana e seu marido, Joaquim, viviam em\u00a0<a title=\"Nazar\u00e9\" href=\"https:\/\/pt.wikipedia.org\/wiki\/Nazar%C3%A9\">Nazar\u00e9<\/a>\u00a0e n\u00e3o tinham filhos, mas rezavam pedindo que Deus lhes enviasse uma\u00a0<a title=\"Crian\u00e7a\" href=\"https:\/\/pt.wikipedia.org\/wiki\/Crian%C3%A7a\">crian\u00e7a<\/a>. Apesar da idade avan\u00e7ada do casal, um\u00a0<a title=\"Anjo\" href=\"https:\/\/pt.wikipedia.org\/wiki\/Anjo\">anjo<\/a>\u00a0apareceu e comunicou que Ana estava gr\u00e1vida. Essa crian\u00e7a, uma menina, teria sido batizada\u00a0<a title=\"Maria (m\u00e3e de Jesus)\" href=\"https:\/\/pt.wikipedia.org\/wiki\/Maria_(m%C3%A3e_de_Jesus)\">Maria<\/a>.<\/p>\n<p style=\"text-align: justify;\">Por esta tradi\u00e7\u00e3o, Santa Ana \u00e9 considerada a padroeira das mulheres gr\u00e1vidas e dos que desejam ter filhos. Ana teria morrido quando Maria tinha apenas tr\u00eas anos. Na cren\u00e7a crist\u00e3, Maria foi depois escolhida, no in\u00edcio da puberdade, para ser m\u00e3e de\u00a0<a class=\"mw-redirect\" title=\"Jesus Cristo\" href=\"https:\/\/pt.wikipedia.org\/wiki\/Jesus_Cristo\">Jesus Cristo<\/a>.<\/p>\n<p style=\"text-align: justify;\">Para alguns crentes da religi\u00e3o crist\u00e3, S\u00e3o Joaquim e Santa Ana s\u00e3o os padroeiros dos av\u00f3s e av\u00f4s.<\/p>\n<p>Fonte: https:\/\/pt.wikipedia.org\/wiki\/Dia_dos_Av%C3%B3s<\/p>\n","protected":false},"excerpt":{"rendered":"<p>No\u00a0Brasil, o\u00a0Dia dos Av\u00f3s\u00a0\u00e9 comemorado a\u00a026 de julho, tendo sido esta data escolhida por refer\u00eancia \u00e0 comemora\u00e7\u00e3o do dia de\u00a0Santa Ana\u00a0e\u00a0S\u00e3o Joaquim, que, segundo a tradi\u00e7\u00e3o da igreja cat\u00f3lica e evangelhos ap\u00f3crifos (n\u00e3o reconhecidos como leg\u00edtimos) seriam pais de Maria e portanto av\u00f3s de\u00a0Jesus Cristo. Embora, nos evangelhos oficiais, que comp\u00f5em originalmente a B\u00edblia, a [&hellip;]<\/p>\n","protected":false},"author":1,"featured_media":31492,"comment_status":"closed","ping_status":"open","sticky":false,"template":"","format":"standard","meta":{"footnotes":""},"categories":[114,110],"tags":[],"class_list":["post-31491","post","type-post","status-publish","format-standard","has-post-thumbnail","hentry","category-geralecomercio","category-noticiasdestaque"],"_links":{"self":[{"href":"https:\/\/jorgezanoni.com.br\/2019\/wp-json\/wp\/v2\/posts\/31491","targetHints":{"allow":["GET"]}}],"collection":[{"href":"https:\/\/jorgezanoni.com.br\/2019\/wp-json\/wp\/v2\/posts"}],"about":[{"href":"https:\/\/jorgezanoni.com.br\/2019\/wp-json\/wp\/v2\/types\/post"}],"author":[{"embeddable":true,"href":"https:\/\/jorgezanoni.com.br\/2019\/wp-json\/wp\/v2\/users\/1"}],"replies":[{"embeddable":true,"href":"https:\/\/jorgezanoni.com.br\/2019\/wp-json\/wp\/v2\/comments?post=31491"}],"version-history":[{"count":0,"href":"https:\/\/jorgezanoni.com.br\/2019\/wp-json\/wp\/v2\/posts\/31491\/revisions"}],"wp:featuredmedia":[{"embeddable":true,"href":"https:\/\/jorgezanoni.com.br\/2019\/wp-json\/wp\/v2\/media\/31492"}],"wp:attachment":[{"href":"https:\/\/jorgezanoni.com.br\/2019\/wp-json\/wp\/v2\/media?parent=31491"}],"wp:term":[{"taxonomy":"category","embeddable":true,"href":"https:\/\/jorgezanoni.com.br\/2019\/wp-json\/wp\/v2\/categories?post=31491"},{"taxonomy":"post_tag","embeddable":true,"href":"https:\/\/jorgezanoni.com.br\/2019\/wp-json\/wp\/v2\/tags?post=31491"}],"curies":[{"name":"wp","href":"https:\/\/api.w.org\/{rel}","templated":true}]}}