{"id":31466,"date":"2020-07-25T19:46:51","date_gmt":"2020-07-25T19:46:51","guid":{"rendered":"https:\/\/jorgezanoni.com.br\/2019\/?p=31466"},"modified":"2020-07-25T21:30:38","modified_gmt":"2020-07-25T21:30:38","slug":"diagnosticado-com-covid-medico-nascido-em-dracena-relata-como-foi-o-drama-de-conviver-com-a-doenca","status":"publish","type":"post","link":"https:\/\/jorgezanoni.com.br\/2019\/diagnosticado-com-covid-medico-nascido-em-dracena-relata-como-foi-o-drama-de-conviver-com-a-doenca\/","title":{"rendered":"Diagnosticado com COVID, m\u00e9dico nascido em Dracena relata como foi o drama de conviver com a doen\u00e7a"},"content":{"rendered":"<div>\n<div style=\"text-align: justify;\">\n<p><strong>Na manh\u00e3 deste s\u00e1bado, (25) o cl\u00ednico geral, Bruno Pinotti Correia, natural de Dracena, interior paulista,\u00a0 decidiu contar atrav\u00e9s de uma rede social o drama de conviver com o novo coronav\u00edrus, ap\u00f3s ser diagnosticado com a COVID-19.<\/strong><\/p>\n<\/div>\n<\/div>\n<div style=\"text-align: justify;\">\n<p>Atualmente Bruno trabalha na Santa Casa de Votuporanga e \u00e9 residente de Cardiologia no Hospital de Base de S\u00e3o Jos\u00e9 do Rio Preto pela (Famerp)\u00a0 (Faculdade de Medicina de Rio Preto\/SP.<\/p>\n<p>Em Tupi Paulista, teve uma r\u00e1pida passagem como Coordenador respons\u00e1vel do Pronto Atendimento M\u00e9dico Municipal Dr. Francisco Manzano Tom\u00e9 (PAMM), prestando relevantes servi\u00e7os \u00e0 comunidade local.<\/p>\n<p><b>Relato do paciente<\/b><\/p>\n<p>Fui diagnosticado com COVID no come\u00e7o deste m\u00eas. Tive sintomas gripais chatos (febre, muita dor no corpo, dor de garganta, tosse, cefal\u00e9ia, fraqueza, indisposi\u00e7\u00e3o, coriza..), mas fui levando com sintom\u00e1ticos minha quarentena, at\u00e9 que no 10\u00ba dia de sintomas, j\u00e1 pela madrugada, a febre aumentou e comecei a dessaturar (oxigena\u00e7\u00e3o do sangue caiu..87..88%). A\u00ed se inicia o segundo cap\u00edtulo da novela.<\/p>\n<\/div>\n<div style=\"text-align: justify;\">Vou para o Pronto Atendimento da Unimed de Rio Preto.. Fa\u00e7o exames laboratoriais, incluindo gasometria arterial e Tomografia de t\u00f3rax sem contraste..<\/div>\n<div style=\"text-align: justify;\">Resultado: &#8220;Brun\u00e3o, preciso te internar j\u00e1..&#8221; (M\u00e9dico Sensacional que me atendeu no Plant\u00e3o da Unimed, explicando todos resultados de exames)<\/div>\n<div style=\"text-align: justify;\"><\/div>\n<div style=\"text-align: justify;\">Junto com a dispneia piorando, aumento de todos marcadores inflamat\u00f3rios (DHL, Ferritina, PCR..etc) Hipoxemia importante e Tomografia de t\u00f3rax com mais de 50% de acometimento bilateral. Dali sou encaminhado para o Hospital Benefic\u00eancia Portuguesa de Rio Preto, da qual quero antecipar meu agradecimento a todos que me trataram t\u00e3o bem ali. DEUS os aben\u00e7oem e os d\u00ea muita for\u00e7a para lutar contra essa doen\u00e7a t\u00e3o trai\u00e7oeira.. meu eterno agradecimento desde o pessoal da limpeza, cozinha, nutri\u00e7\u00e3o, recep\u00e7\u00e3o, enfermeiros, t\u00e9cnicos de enfermagem, fisioterapia, m\u00e9dico Dr Rafael Mussolini.. TODOS!!<\/div>\n<div style=\"text-align: justify;\"><\/div>\n<div style=\"text-align: justify;\"><b>Saldo resumido disso tudo:\u00a0<\/b>1 semana internado na Benefici\u00eancia Portuguesa em Rio Preto. 5 dias com O2 complementar cont\u00ednuo (satura\u00e7\u00e3o despencava sem) reservas de vaga de UTI (Mas n\u00e3o precisei gra\u00e7as a DEUS).<\/div>\n<div>\n<div style=\"text-align: justify;\">Fisioterapia motora e respirat\u00f3ria \u00e0 toda. Algumas sess\u00f5es de Bipap.<\/div>\n<div style=\"text-align: justify;\">Muito medo, ansiedade, tristeza, verdadeira sensa\u00e7\u00e3o de ter perdido a guerra sabe, terr\u00edvel estar do outro lado.<\/div>\n<div style=\"text-align: justify;\"><\/div>\n<div style=\"text-align: justify;\">E minha noiva pegou tamb\u00e9m, mas n\u00e3o precisou internar gra\u00e7as a DEUS. Ela ali no AP, sozinha. Eu internado. Foi um grande aprendizado, uma verdadeira li\u00e7\u00e3o de vida.<\/div>\n<div style=\"text-align: justify;\"><\/div>\n<div style=\"text-align: justify;\">Fortaleci minha f\u00e9 em DEUS e apeguei nas minhas ora\u00e7\u00f5es. Agora estou de alta j\u00e1 em casa, desde o fim de semana!<\/div>\n<div style=\"text-align: justify;\">Restou s\u00f3 uma astenia chata, fraqueza, &#8220;normal&#8221; para a doen\u00e7a, mas os demais sintomas sumiram gra\u00e7as a DEUS.<\/div>\n<div style=\"text-align: justify;\"><\/div>\n<div style=\"text-align: justify;\">Muitos tiveram ou ter\u00e3o a sorte de passar por isso Assintom\u00e1ticos ou com Sintomas leves.. Outros morrer\u00e3o. E entre esses dois extremos, alguns ter\u00e3o piora do quadro e precisar\u00e3o internar, assim como eu. Doen\u00e7a do mal, trai\u00e7oeira, imprevis\u00edvel!!<\/div>\n<div style=\"text-align: justify;\"><\/div>\n<div style=\"text-align: justify;\"><b>Apoio recebido<\/b><\/div>\n<div style=\"text-align: justify;\"><\/div>\n<div style=\"text-align: justify;\">Impressionante o tamanho do apoio que recebi durante esses dias. Obrigado a todos que torceram.. rezaram.. ligaram (apesar de que n\u00e3o atendia liga\u00e7\u00f5es enquanto internado).. enviaram mensagens de apoio, for\u00e7as e ora\u00e7\u00f5es.<\/div>\n<div style=\"text-align: justify;\"><\/div>\n<div style=\"text-align: justify;\">N\u00e3o vou citar nomes pra n\u00e3o correr o risco de esquecer de algu\u00e9m. Mas em um momento de ansiedade extrema, muito medo por saber o que poderia acontecer de pior, solid\u00e3o por ficar em um quarto ali isolado de tudo e de todos.<\/div>\n<div style=\"text-align: justify;\"><\/div>\n<div style=\"text-align: justify;\">Em meio a tudo isso, voc\u00eas foram fundamentais. Meu eterno agradecimento \u00e0 fam\u00edlia, noiva, fam\u00edlia da noiva, amigos e colegas. DEUS vos aben\u00e7oe SEMPRE!!<\/div>\n<div style=\"text-align: justify;\"><\/div>\n<div style=\"text-align: justify;\"><b>Mensagem final<\/b><\/div>\n<div style=\"text-align: justify;\"><\/div>\n<div style=\"text-align: justify;\">Quero finalizar pedindo que se cuidem, usem \u00e1lcool gel, lavem as m\u00e3os, mantenha seu isolamento e distanciamento corretamente. Use m\u00e1scara, proteja a quem voc\u00ea ama.<\/div>\n<div style=\"text-align: justify;\"><\/div>\n<div style=\"text-align: justify;\">A informa\u00e7\u00e3o t\u00e1 a\u00ed na m\u00eddia o tempo todo. Covardia dizer que n\u00e3o sabe. N\u00e3o espere perder quem voc\u00ea tanto ama para realmente dar valor a essa Pandemia. Por favor!<\/div>\n<\/div>\n<div style=\"text-align: justify;\"><\/div>\n<div style=\"text-align: justify;\">Fonte: Agora News<\/div>\n","protected":false},"excerpt":{"rendered":"<p>Na manh\u00e3 deste s\u00e1bado, (25) o cl\u00ednico geral, Bruno Pinotti Correia, natural de Dracena, interior paulista,\u00a0 decidiu contar atrav\u00e9s de uma rede social o drama de conviver com o novo coronav\u00edrus, ap\u00f3s ser diagnosticado com a COVID-19. Atualmente Bruno trabalha na Santa Casa de Votuporanga e \u00e9 residente de Cardiologia no Hospital de Base de [&hellip;]<\/p>\n","protected":false},"author":1,"featured_media":31467,"comment_status":"closed","ping_status":"open","sticky":false,"template":"","format":"standard","meta":{"footnotes":""},"categories":[110,122],"tags":[],"class_list":["post-31466","post","type-post","status-publish","format-standard","has-post-thumbnail","hentry","category-noticiasdestaque","category-saudeeducacaoeconcurso"],"_links":{"self":[{"href":"https:\/\/jorgezanoni.com.br\/2019\/wp-json\/wp\/v2\/posts\/31466","targetHints":{"allow":["GET"]}}],"collection":[{"href":"https:\/\/jorgezanoni.com.br\/2019\/wp-json\/wp\/v2\/posts"}],"about":[{"href":"https:\/\/jorgezanoni.com.br\/2019\/wp-json\/wp\/v2\/types\/post"}],"author":[{"embeddable":true,"href":"https:\/\/jorgezanoni.com.br\/2019\/wp-json\/wp\/v2\/users\/1"}],"replies":[{"embeddable":true,"href":"https:\/\/jorgezanoni.com.br\/2019\/wp-json\/wp\/v2\/comments?post=31466"}],"version-history":[{"count":0,"href":"https:\/\/jorgezanoni.com.br\/2019\/wp-json\/wp\/v2\/posts\/31466\/revisions"}],"wp:featuredmedia":[{"embeddable":true,"href":"https:\/\/jorgezanoni.com.br\/2019\/wp-json\/wp\/v2\/media\/31467"}],"wp:attachment":[{"href":"https:\/\/jorgezanoni.com.br\/2019\/wp-json\/wp\/v2\/media?parent=31466"}],"wp:term":[{"taxonomy":"category","embeddable":true,"href":"https:\/\/jorgezanoni.com.br\/2019\/wp-json\/wp\/v2\/categories?post=31466"},{"taxonomy":"post_tag","embeddable":true,"href":"https:\/\/jorgezanoni.com.br\/2019\/wp-json\/wp\/v2\/tags?post=31466"}],"curies":[{"name":"wp","href":"https:\/\/api.w.org\/{rel}","templated":true}]}}