{"id":3145,"date":"2019-08-07T22:52:42","date_gmt":"2019-08-07T22:52:42","guid":{"rendered":"https:\/\/jorgezanoni.com.br\/2019\/?p=3145"},"modified":"2019-08-07T22:52:42","modified_gmt":"2019-08-07T22:52:42","slug":"dracena-futsal-tempersul-anuncia-cobranca-de-ingressos","status":"publish","type":"post","link":"https:\/\/jorgezanoni.com.br\/2019\/dracena-futsal-tempersul-anuncia-cobranca-de-ingressos\/","title":{"rendered":"Dracena Futsal Tempersul anuncia cobran\u00e7a de ingressos"},"content":{"rendered":"<p dir=\"ltr\" style=\"text-align: justify;\">O Dracena Futsal, por meio de sua diretoria, informa que cobrar\u00e1 ingresso para o duelo contra o Magnus Sorocaba, pela Liga Paulista de Futsal, no dia 20 de agosto, no gin\u00e1sio Alaor Ferrari.<\/p>\n<p dir=\"ltr\" style=\"text-align: justify;\">A diretoria tamb\u00e9m informa que far\u00e1 o recolhimento das taxas municipais referentes ao uso do espa\u00e7o p\u00fablico.<\/p>\n<p dir=\"ltr\" style=\"text-align: justify;\">Haver\u00e1 gratuidade para crian\u00e7as at\u00e9 12 anos. Estudantes e idosos ter\u00e3o direito a meia-entrada, conforme apregoa a legisla\u00e7\u00e3o nacional.<\/p>\n<p dir=\"ltr\" style=\"text-align: justify;\">Resta salientar que essa decis\u00e3o \u00e9 exclusiva da diretoria da equipe.<\/p>\n<p dir=\"ltr\" style=\"text-align: justify;\">Foram mais de cinco anos atuando gratuitamente, contando com o apoio da Prefeitura de Dracena e empresas de nossa cidade e regi\u00e3o, no entanto os custos para manuten\u00e7\u00e3o da equipe cresceram ao longo das temporadas, obrigando que tal medida seja tomada.<\/p>\n<p dir=\"ltr\" style=\"text-align: justify;\">Ainda, a diretoria informa que nos pr\u00f3ximos dias dois atletas de n\u00edvel internacional ser\u00e3o anunciados, refor\u00e7ando ainda mais o j\u00e1 qualificado elenco do Dracena Futsal.<\/p>\n<p dir=\"ltr\" style=\"text-align: justify;\">Contamos com o apoio da torcida mais apaixonada do pa\u00eds para seguir crescendo e disputando os principais campeonatos da modalidade.<\/p>\n<p dir=\"ltr\" style=\"text-align: justify;\">Atenciosamente.<\/p>\n<p dir=\"ltr\" style=\"text-align: justify;\">Diretoria do Dracena Futsal<\/p>\n<p dir=\"ltr\" style=\"text-align: justify;\">\n","protected":false},"excerpt":{"rendered":"<p>O Dracena Futsal, por meio de sua diretoria, informa que cobrar\u00e1 ingresso para o duelo contra o Magnus Sorocaba, pela Liga Paulista de Futsal, no dia 20 de agosto, no gin\u00e1sio Alaor Ferrari. A diretoria tamb\u00e9m informa que far\u00e1 o recolhimento das taxas municipais referentes ao uso do espa\u00e7o p\u00fablico. Haver\u00e1 gratuidade para crian\u00e7as at\u00e9 [&hellip;]<\/p>\n","protected":false},"author":1,"featured_media":3146,"comment_status":"closed","ping_status":"open","sticky":false,"template":"","format":"standard","meta":{"footnotes":""},"categories":[111,110],"tags":[],"class_list":["post-3145","post","type-post","status-publish","format-standard","has-post-thumbnail","hentry","category-esporteecultura","category-noticiasdestaque"],"_links":{"self":[{"href":"https:\/\/jorgezanoni.com.br\/2019\/wp-json\/wp\/v2\/posts\/3145","targetHints":{"allow":["GET"]}}],"collection":[{"href":"https:\/\/jorgezanoni.com.br\/2019\/wp-json\/wp\/v2\/posts"}],"about":[{"href":"https:\/\/jorgezanoni.com.br\/2019\/wp-json\/wp\/v2\/types\/post"}],"author":[{"embeddable":true,"href":"https:\/\/jorgezanoni.com.br\/2019\/wp-json\/wp\/v2\/users\/1"}],"replies":[{"embeddable":true,"href":"https:\/\/jorgezanoni.com.br\/2019\/wp-json\/wp\/v2\/comments?post=3145"}],"version-history":[{"count":0,"href":"https:\/\/jorgezanoni.com.br\/2019\/wp-json\/wp\/v2\/posts\/3145\/revisions"}],"wp:featuredmedia":[{"embeddable":true,"href":"https:\/\/jorgezanoni.com.br\/2019\/wp-json\/wp\/v2\/media\/3146"}],"wp:attachment":[{"href":"https:\/\/jorgezanoni.com.br\/2019\/wp-json\/wp\/v2\/media?parent=3145"}],"wp:term":[{"taxonomy":"category","embeddable":true,"href":"https:\/\/jorgezanoni.com.br\/2019\/wp-json\/wp\/v2\/categories?post=3145"},{"taxonomy":"post_tag","embeddable":true,"href":"https:\/\/jorgezanoni.com.br\/2019\/wp-json\/wp\/v2\/tags?post=3145"}],"curies":[{"name":"wp","href":"https:\/\/api.w.org\/{rel}","templated":true}]}}