{"id":31442,"date":"2020-07-25T17:49:54","date_gmt":"2020-07-25T17:49:54","guid":{"rendered":"https:\/\/jorgezanoni.com.br\/2019\/?p=31442"},"modified":"2020-07-25T17:49:54","modified_gmt":"2020-07-25T17:49:54","slug":"boletim-atualizado-da-covid-19-da-santa-casa-de-dracena-25-07-20","status":"publish","type":"post","link":"https:\/\/jorgezanoni.com.br\/2019\/boletim-atualizado-da-covid-19-da-santa-casa-de-dracena-25-07-20\/","title":{"rendered":"Boletim atualizado da COVID-19 da Santa Casa de Dracena 25\/07\/20"},"content":{"rendered":"<p style=\"text-align: justify;\">Segue boletim com novo formato, informando n\u00famero de pacientes internados em UTI COVID e ENFERMARIA COVID.<br \/>\nCom o aumento do n\u00famero de casos de pacientes COVID em Dracena, pactuamos parceria com gestor municipal &#8211; Prefeitura de Dracena para implanta\u00e7\u00e3o de leitos de enfermaria, al\u00e9m dos 10 leitos de UTI COVID.<br \/>\nEssa unidade foi implantada ontem (sexta feira) iniciando \u00e0s 07h00min.<\/p>\n","protected":false},"excerpt":{"rendered":"<p>Segue boletim com novo formato, informando n\u00famero de pacientes internados em UTI COVID e ENFERMARIA COVID. Com o aumento do n\u00famero de casos de pacientes COVID em Dracena, pactuamos parceria com gestor municipal &#8211; Prefeitura de Dracena para implanta\u00e7\u00e3o de leitos de enfermaria, al\u00e9m dos 10 leitos de UTI COVID. Essa unidade foi implantada ontem [&hellip;]<\/p>\n","protected":false},"author":1,"featured_media":31443,"comment_status":"closed","ping_status":"open","sticky":false,"template":"","format":"standard","meta":{"footnotes":""},"categories":[110,122],"tags":[],"class_list":["post-31442","post","type-post","status-publish","format-standard","has-post-thumbnail","hentry","category-noticiasdestaque","category-saudeeducacaoeconcurso"],"_links":{"self":[{"href":"https:\/\/jorgezanoni.com.br\/2019\/wp-json\/wp\/v2\/posts\/31442","targetHints":{"allow":["GET"]}}],"collection":[{"href":"https:\/\/jorgezanoni.com.br\/2019\/wp-json\/wp\/v2\/posts"}],"about":[{"href":"https:\/\/jorgezanoni.com.br\/2019\/wp-json\/wp\/v2\/types\/post"}],"author":[{"embeddable":true,"href":"https:\/\/jorgezanoni.com.br\/2019\/wp-json\/wp\/v2\/users\/1"}],"replies":[{"embeddable":true,"href":"https:\/\/jorgezanoni.com.br\/2019\/wp-json\/wp\/v2\/comments?post=31442"}],"version-history":[{"count":0,"href":"https:\/\/jorgezanoni.com.br\/2019\/wp-json\/wp\/v2\/posts\/31442\/revisions"}],"wp:featuredmedia":[{"embeddable":true,"href":"https:\/\/jorgezanoni.com.br\/2019\/wp-json\/wp\/v2\/media\/31443"}],"wp:attachment":[{"href":"https:\/\/jorgezanoni.com.br\/2019\/wp-json\/wp\/v2\/media?parent=31442"}],"wp:term":[{"taxonomy":"category","embeddable":true,"href":"https:\/\/jorgezanoni.com.br\/2019\/wp-json\/wp\/v2\/categories?post=31442"},{"taxonomy":"post_tag","embeddable":true,"href":"https:\/\/jorgezanoni.com.br\/2019\/wp-json\/wp\/v2\/tags?post=31442"}],"curies":[{"name":"wp","href":"https:\/\/api.w.org\/{rel}","templated":true}]}}