{"id":31435,"date":"2020-07-25T17:28:06","date_gmt":"2020-07-25T17:28:06","guid":{"rendered":"https:\/\/jorgezanoni.com.br\/2019\/?p=31435"},"modified":"2020-07-25T17:28:06","modified_gmt":"2020-07-25T17:28:06","slug":"ex-deputado-jose-mentor-pt-morre-aos-71-anos-apos-ser-vitima-de-coronavirus-em-sp-diz-partido","status":"publish","type":"post","link":"https:\/\/jorgezanoni.com.br\/2019\/ex-deputado-jose-mentor-pt-morre-aos-71-anos-apos-ser-vitima-de-coronavirus-em-sp-diz-partido\/","title":{"rendered":"Ex-deputado Jos\u00e9 Mentor (PT) morre aos 71 anos ap\u00f3s ser v\u00edtima de coronav\u00edrus em SP, diz partido"},"content":{"rendered":"<h2 class=\"content-head__subtitle\" style=\"text-align: justify;\"><strong>Ele estava internado na UTI do Hospital 9 de Julho. Advogado, Mentor foi deputado federal por quatro legislaturas.<\/strong><\/h2>\n<div class=\"mc-column content-text active-extra-styles \" data-block-type=\"unstyled\" data-block-weight=\"60\" data-block-id=\"2\">\n<p class=\"content-text__container \" style=\"text-align: justify;\" data-track-category=\"Link no Texto\" data-track-links=\"\">O ex-deputado federal Jos\u00e9 Mentor (PT), de 71 anos, morreu na madrugada deste s\u00e1bado (25) em S\u00e3o Paulo, v\u00edtima de Covid-19, segundo o partido. Ele estava internado na Unidade de Terapia Intensiva (UTI) do Hospital 9 de Julho desde o dia 12 de julho. H\u00e1 dois meses ele tinha sofrido um infarte e estava se recuperando quando contraiu a doen\u00e7a.<\/p>\n<\/div>\n<div class=\"wall protected-content\">\n<div class=\"mc-column content-text active-extra-styles \" style=\"text-align: justify;\" data-block-type=\"unstyled\" data-block-weight=\"59\" data-block-id=\"3\">\n<p class=\"content-text__container \" data-track-category=\"Link no Texto\" data-track-links=\"\">Ele era advogado e foi deputado federal por quatro legislaturas, entre 2003 e 2019. Mentor tamb\u00e9m foi vereador da C\u00e2mara Municipal de S\u00e3o Paulo de 1993 a 2003 e deputado estadual. Como ele morreu em decorr\u00eancia das complica\u00e7\u00f5es causadas pelo coronav\u00edrus, n\u00e3o haver\u00e1 vel\u00f3rio. O enterro est\u00e1 previsto para as 15h no Cemit\u00e9rio Congonhas, na Zona Sul da capital.<\/p>\n<\/div>\n<div class=\"mc-column content-text active-extra-styles \" style=\"text-align: justify;\" data-block-type=\"unstyled\" data-block-weight=\"14\" data-block-id=\"4\">\n<p class=\"content-text__container \" data-track-category=\"Link no Texto\" data-track-links=\"\">O presidente da C\u00e2mara dos Deputados, Rodrigo Maia, lamentou a morte do Jos\u00e9 Mentor.<\/p>\n<\/div>\n<div class=\"mc-column content-text active-extra-styles \" style=\"text-align: justify;\" data-block-type=\"unstyled\" data-block-weight=\"70\" data-block-id=\"5\">\n<p class=\"content-text__container \" data-track-category=\"Link no Texto\" data-track-links=\"\">&#8220;Recebi com muita tristeza a not\u00edcia do falecimento de um grande amigo, o ex-deputado Jos\u00e9 Mentor. Infelizmente, ele foi mais uma v\u00edtima da Covid-19. Mentor foi um grande advogado, refer\u00eancia nas discuss\u00f5es jur\u00eddicas em rela\u00e7\u00e3o a diversas propostas legislativas, e muito atuante na CPI do Banestado, que foi relator, e eu, vice-presidente. Deixo meu abra\u00e7o aos familiares e minha solidariedade neste momento t\u00e3o dif\u00edcil&#8221;, postou em seu perfil no Twitter.<\/p>\n<\/div>\n<div class=\"mc-column content-text active-extra-styles \" style=\"text-align: justify;\" data-block-type=\"unstyled\" data-block-weight=\"47\" data-block-id=\"7\">\n<p class=\"content-text__container \" data-track-category=\"Link no Texto\" data-track-links=\"\">Em maio de 2017, o ex- procurador-geral da Rep\u00fablica,\u00a0<a href=\"https:\/\/g1.globo.com\/politica\/operacao-lava-jato\/noticia\/pgr-apresenta-denuncia-contra-o-deputado-jose-mentor-na-lava-jato.ghtml\">Rodrigo Janot, apresentou den\u00fancia contra o deputado em inqu\u00e9rito aberto na Opera\u00e7\u00e3o Lava Jato<\/a>. A investiga\u00e7\u00e3o, aberta em mar\u00e7o de 2015, apontou ind\u00edcios de que o parlamentar petista atuou em crimes de corrup\u00e7\u00e3o passiva e lavagem de dinheiro.<\/p>\n<\/div>\n<div class=\"row medium-uncollapsed content-media content-photo\" style=\"text-align: justify;\" data-block-type=\"backstage-photo\" data-block-id=\"8\">\n<div class=\"mc-column content-media__container\">\n<p class=\"content-media__description \">Segundo o inqu\u00e9rito, Jos\u00e9 Mentor recebeu R$ 380 mil do doleiro Alberto Youssef em fevereiro de 2014. O repasse teria sido feito a pedido do ent\u00e3o deputado Andr\u00e9 Vargas (sem partido-PR).<\/p>\n<\/div>\n<\/div>\n<div class=\"mc-column content-text active-extra-styles \" style=\"text-align: justify;\" data-block-type=\"unstyled\" data-block-weight=\"40\" data-block-id=\"10\">\n<p class=\"content-text__container \" data-track-category=\"Link no Texto\" data-track-links=\"\">De acordo com a den\u00fancia, o valor foi pago para que Jos\u00e9 Mentor ajudasse a viabilizar a contrata\u00e7\u00e3o de uma empresa pela Caixa Econ\u00f4mica Federal. O contrato, de R$ 71 milh\u00f5es, era para o fornecimento e manuten\u00e7\u00e3o de um software.<\/p>\n<\/div>\n<div class=\"mc-column content-text active-extra-styles \" style=\"text-align: justify;\" data-block-type=\"unstyled\" data-block-weight=\"19\" data-block-id=\"11\">\n<p class=\"content-text__container \" data-track-category=\"Link no Texto\" data-track-links=\"\">Em dela\u00e7\u00e3o premiada, Alberto Youssef relatou ter entregue o dinheiro pessoalmente a Mentor, em um escrit\u00f3rio em S\u00e3o Paulo.<\/p>\n<\/div>\n<div class=\"mc-column content-text active-extra-styles \" data-block-type=\"unstyled\" data-block-weight=\"50\" data-block-id=\"12\">\n<p class=\"content-text__container \" style=\"text-align: justify;\" data-track-category=\"Link no Texto\" data-track-links=\"\">Em outubro de 2018, o\u00a0<a href=\"https:\/\/g1.globo.com\/politica\/noticia\/2018\/10\/16\/celso-de-mello-arquiva-denuncia-contra-deputado-jose-mentor-na-lava-jato.ghtml\">ministro Celso de Mello, do Supremo Tribunal Federal (STF), arquivou a den\u00fancia<\/a> da Procuradoria Geral da Rep\u00fablica. Celso de Mello entendeu que n\u00e3o foram apresentados elementos m\u00ednimos contra o parlamentar. Com isso, o ministro concedeu o chamado &#8220;habeas corpus de of\u00edcio&#8221; para arquivar o caso.<\/p>\n<p style=\"text-align: justify;\" data-track-category=\"Link no Texto\" data-track-links=\"\">Fonte: https:\/\/g1.globo.com\/sp\/sao-paulo\/noticia\/2020\/07\/25\/ex-deputado-jose-mentor-pt-morre-vitima-de-coronavirus-em-sp-diz-partido.ghtml<\/p>\n<\/div>\n<\/div>\n","protected":false},"excerpt":{"rendered":"<p>Ele estava internado na UTI do Hospital 9 de Julho. Advogado, Mentor foi deputado federal por quatro legislaturas. O ex-deputado federal Jos\u00e9 Mentor (PT), de 71 anos, morreu na madrugada deste s\u00e1bado (25) em S\u00e3o Paulo, v\u00edtima de Covid-19, segundo o partido. Ele estava internado na Unidade de Terapia Intensiva (UTI) do Hospital 9 de [&hellip;]<\/p>\n","protected":false},"author":1,"featured_media":31436,"comment_status":"closed","ping_status":"open","sticky":false,"template":"","format":"standard","meta":{"footnotes":""},"categories":[178,116],"tags":[],"class_list":["post-31435","post","type-post","status-publish","format-standard","has-post-thumbnail","hentry","category-notadefalecimento","category-politicaeeconomia"],"_links":{"self":[{"href":"https:\/\/jorgezanoni.com.br\/2019\/wp-json\/wp\/v2\/posts\/31435","targetHints":{"allow":["GET"]}}],"collection":[{"href":"https:\/\/jorgezanoni.com.br\/2019\/wp-json\/wp\/v2\/posts"}],"about":[{"href":"https:\/\/jorgezanoni.com.br\/2019\/wp-json\/wp\/v2\/types\/post"}],"author":[{"embeddable":true,"href":"https:\/\/jorgezanoni.com.br\/2019\/wp-json\/wp\/v2\/users\/1"}],"replies":[{"embeddable":true,"href":"https:\/\/jorgezanoni.com.br\/2019\/wp-json\/wp\/v2\/comments?post=31435"}],"version-history":[{"count":0,"href":"https:\/\/jorgezanoni.com.br\/2019\/wp-json\/wp\/v2\/posts\/31435\/revisions"}],"wp:featuredmedia":[{"embeddable":true,"href":"https:\/\/jorgezanoni.com.br\/2019\/wp-json\/wp\/v2\/media\/31436"}],"wp:attachment":[{"href":"https:\/\/jorgezanoni.com.br\/2019\/wp-json\/wp\/v2\/media?parent=31435"}],"wp:term":[{"taxonomy":"category","embeddable":true,"href":"https:\/\/jorgezanoni.com.br\/2019\/wp-json\/wp\/v2\/categories?post=31435"},{"taxonomy":"post_tag","embeddable":true,"href":"https:\/\/jorgezanoni.com.br\/2019\/wp-json\/wp\/v2\/tags?post=31435"}],"curies":[{"name":"wp","href":"https:\/\/api.w.org\/{rel}","templated":true}]}}