{"id":31429,"date":"2020-07-25T17:04:57","date_gmt":"2020-07-25T17:04:57","guid":{"rendered":"https:\/\/jorgezanoni.com.br\/2019\/?p=31429"},"modified":"2020-07-25T17:05:47","modified_gmt":"2020-07-25T17:05:47","slug":"andre-lemos-e-o-pre-candidato-a-prefeito-de-dracena-pelo-partido-patriota-51","status":"publish","type":"post","link":"https:\/\/jorgezanoni.com.br\/2019\/andre-lemos-e-o-pre-candidato-a-prefeito-de-dracena-pelo-partido-patriota-51\/","title":{"rendered":"Andr\u00e9 Lemos \u00e9 o pr\u00e9-candidato a Prefeito de Dracena pelo partido Patriota 51"},"content":{"rendered":"<p>No in\u00edcio da tarde deste s\u00e1bado (25), o Partido Patriota (51), presidido por Valter Fernandes, lan\u00e7ou a pr\u00e9-candidatura do banc\u00e1rio Andr\u00e9 Lemos a Prefeito de Dracena, Est\u00e3o \u00e0 disposi\u00e7\u00e3o para pr\u00e9-candidato a vice-prefeito, Guido Baggio, Osvaldo Garcia e Pedro da Sucatol\u00e2ndia. Veja os V\u00eddeos:<\/p>\n<div id=\"fb-root\"><\/div>\n<p><script async=\"1\" defer=\"1\" crossorigin=\"anonymous\" src=\"https:\/\/connect.facebook.net\/en_US\/sdk.js#xfbml=1&amp;version=v7.0\" nonce=\"nHgBljvn\"><\/script><\/p>\n<div class=\"fb-video\" data-href=\"https:\/\/www.facebook.com\/jorgezanonidracena\/videos\/1692142310936710\/\" data-width=\"696\">\n<blockquote cite=\"https:\/\/www.facebook.com\/jorgezanonidracena\/videos\/1692142310936710\/\" class=\"fb-xfbml-parse-ignore\"><p><a href=\"https:\/\/www.facebook.com\/jorgezanonidracena\/videos\/1692142310936710\/\"><\/a><\/p>\n<p>Lan\u00e7amento da pr\u00e9-recandidatura  de Andr\u00e9 Lemos a Prefeito de DRACENA<\/p>\n<p>Posted by <a href=\"https:\/\/www.facebook.com\/jorgezanonidracena\/\">Jorge Zanoni<\/a> on Saturday, July 25, 2020<\/p><\/blockquote>\n<\/div>\n<div id=\"fb-root\"><\/div>\n<p><script async=\"1\" defer=\"1\" crossorigin=\"anonymous\" src=\"https:\/\/connect.facebook.net\/en_US\/sdk.js#xfbml=1&amp;version=v7.0\" nonce=\"RbZA83ZZ\"><\/script><\/p>\n<div class=\"fb-video\" data-href=\"https:\/\/www.facebook.com\/jorgezanonidracena\/videos\/287810265995304\/\" data-width=\"696\">\n<blockquote cite=\"https:\/\/www.facebook.com\/jorgezanonidracena\/videos\/287810265995304\/\" class=\"fb-xfbml-parse-ignore\"><p><a href=\"https:\/\/www.facebook.com\/jorgezanonidracena\/videos\/287810265995304\/\"><\/a><\/p>\n<p>Lan\u00e7amento pr\u00e9-candidatura de Andr\u00e9 Lemos a Prefeito de DRACENA. (Patriota 51)<\/p>\n<p>Posted by <a href=\"https:\/\/www.facebook.com\/jorgezanonidracena\/\">Jorge Zanoni<\/a> on Saturday, July 25, 2020<\/p><\/blockquote>\n<\/div>\n","protected":false},"excerpt":{"rendered":"<p>No in\u00edcio da tarde deste s\u00e1bado (25), o Partido Patriota (51), presidido por Valter Fernandes, lan\u00e7ou a pr\u00e9-candidatura do banc\u00e1rio Andr\u00e9 Lemos a Prefeito de Dracena, Est\u00e3o \u00e0 disposi\u00e7\u00e3o para pr\u00e9-candidato a vice-prefeito, Guido Baggio, Osvaldo Garcia e Pedro da Sucatol\u00e2ndia. Veja os V\u00eddeos: Lan\u00e7amento da pr\u00e9-recandidatura de Andr\u00e9 Lemos a Prefeito de DRACENA Posted [&hellip;]<\/p>\n","protected":false},"author":1,"featured_media":31430,"comment_status":"closed","ping_status":"open","sticky":false,"template":"","format":"video","meta":{"footnotes":""},"categories":[110,116,169],"tags":[],"class_list":["post-31429","post","type-post","status-publish","format-video","has-post-thumbnail","hentry","category-noticiasdestaque","category-politicaeeconomia","category-videos","post_format-post-format-video"],"_links":{"self":[{"href":"https:\/\/jorgezanoni.com.br\/2019\/wp-json\/wp\/v2\/posts\/31429","targetHints":{"allow":["GET"]}}],"collection":[{"href":"https:\/\/jorgezanoni.com.br\/2019\/wp-json\/wp\/v2\/posts"}],"about":[{"href":"https:\/\/jorgezanoni.com.br\/2019\/wp-json\/wp\/v2\/types\/post"}],"author":[{"embeddable":true,"href":"https:\/\/jorgezanoni.com.br\/2019\/wp-json\/wp\/v2\/users\/1"}],"replies":[{"embeddable":true,"href":"https:\/\/jorgezanoni.com.br\/2019\/wp-json\/wp\/v2\/comments?post=31429"}],"version-history":[{"count":0,"href":"https:\/\/jorgezanoni.com.br\/2019\/wp-json\/wp\/v2\/posts\/31429\/revisions"}],"wp:featuredmedia":[{"embeddable":true,"href":"https:\/\/jorgezanoni.com.br\/2019\/wp-json\/wp\/v2\/media\/31430"}],"wp:attachment":[{"href":"https:\/\/jorgezanoni.com.br\/2019\/wp-json\/wp\/v2\/media?parent=31429"}],"wp:term":[{"taxonomy":"category","embeddable":true,"href":"https:\/\/jorgezanoni.com.br\/2019\/wp-json\/wp\/v2\/categories?post=31429"},{"taxonomy":"post_tag","embeddable":true,"href":"https:\/\/jorgezanoni.com.br\/2019\/wp-json\/wp\/v2\/tags?post=31429"}],"curies":[{"name":"wp","href":"https:\/\/api.w.org\/{rel}","templated":true}]}}