{"id":31403,"date":"2020-07-25T01:20:15","date_gmt":"2020-07-25T01:20:15","guid":{"rendered":"https:\/\/jorgezanoni.com.br\/2019\/?p=31403"},"modified":"2020-07-25T01:20:15","modified_gmt":"2020-07-25T01:20:15","slug":"imagem-de-sao-pedro-e-alvo-de-ataque-em-igreja-catolica-de-epitacio","status":"publish","type":"post","link":"https:\/\/jorgezanoni.com.br\/2019\/imagem-de-sao-pedro-e-alvo-de-ataque-em-igreja-catolica-de-epitacio\/","title":{"rendered":"Imagem de S\u00e3o Pedro \u00e9 alvo de ataque em igreja cat\u00f3lica de Epit\u00e1cio"},"content":{"rendered":"<p style=\"text-align: justify;\">No final da manh\u00e3 desta quinta-feira (23) uma imagem de S\u00e3o Pedro foi alvo de um ataque na Igreja Matriz de S\u00e3o Pedro em Presidente Epit\u00e1cio.<\/p>\n<p style=\"text-align: justify;\">De acordo com o padre Gerisvaldo Silva Viana, que atua na par\u00f3quia, a ocorr\u00eancia foi registrada por volta das 11h30 ap\u00f3s um fiel entrar no local para rezar. Ele verificou que a imagem do santo estava ca\u00edda e danificada. \u201cO fiel avisou a secretaria da par\u00f3quia e acionamos a Pol\u00edcia Militar. A suspeita \u00e9 que algu\u00e9m tentou carregar a imagem j\u00e1 que a base foi danificada, o que leva a crer que a pessoa n\u00e3o suportou o peso da imagem\u201d, disse o padre Gerisvaldo.<\/p>\n<p style=\"text-align: justify;\">A Imagem \u00e9 s\u00edmbolo na igreja e est\u00e1 no local h\u00e1 mais de 30 anos de acordo com o padre. \u201cVamos fazer a restaura\u00e7\u00e3o dessa obra\u201d, afirmou.<\/p>\n<p style=\"text-align: justify;\">O local possui c\u00e2meras de seguran\u00e7a, mas o sistema estava desligado. Foi feito Boletim de Ocorr\u00eancia e a per\u00edcia foi acionada para investigar o caso.<\/p>\n<p style=\"text-align: justify;\">A igreja est\u00e1 fechada e s\u00f3 ser\u00e1 reaberta com o esclarecimento dos fatos.<\/p>\n<p style=\"text-align: justify;\">At\u00e9 o momento nenhum suspeito foi detido.<\/p>\n<p style=\"text-align: justify;\">Fonte: Portal Bueno<\/p>\n","protected":false},"excerpt":{"rendered":"<p>No final da manh\u00e3 desta quinta-feira (23) uma imagem de S\u00e3o Pedro foi alvo de um ataque na Igreja Matriz de S\u00e3o Pedro em Presidente Epit\u00e1cio. De acordo com o padre Gerisvaldo Silva Viana, que atua na par\u00f3quia, a ocorr\u00eancia foi registrada por volta das 11h30 ap\u00f3s um fiel entrar no local para rezar. Ele [&hellip;]<\/p>\n","protected":false},"author":1,"featured_media":31408,"comment_status":"closed","ping_status":"open","sticky":false,"template":"","format":"standard","meta":{"footnotes":""},"categories":[110,118,1],"tags":[],"class_list":["post-31403","post","type-post","status-publish","format-standard","has-post-thumbnail","hentry","category-noticiasdestaque","category-religiaoesolidariedade","category-uncategorized"],"_links":{"self":[{"href":"https:\/\/jorgezanoni.com.br\/2019\/wp-json\/wp\/v2\/posts\/31403","targetHints":{"allow":["GET"]}}],"collection":[{"href":"https:\/\/jorgezanoni.com.br\/2019\/wp-json\/wp\/v2\/posts"}],"about":[{"href":"https:\/\/jorgezanoni.com.br\/2019\/wp-json\/wp\/v2\/types\/post"}],"author":[{"embeddable":true,"href":"https:\/\/jorgezanoni.com.br\/2019\/wp-json\/wp\/v2\/users\/1"}],"replies":[{"embeddable":true,"href":"https:\/\/jorgezanoni.com.br\/2019\/wp-json\/wp\/v2\/comments?post=31403"}],"version-history":[{"count":0,"href":"https:\/\/jorgezanoni.com.br\/2019\/wp-json\/wp\/v2\/posts\/31403\/revisions"}],"wp:featuredmedia":[{"embeddable":true,"href":"https:\/\/jorgezanoni.com.br\/2019\/wp-json\/wp\/v2\/media\/31408"}],"wp:attachment":[{"href":"https:\/\/jorgezanoni.com.br\/2019\/wp-json\/wp\/v2\/media?parent=31403"}],"wp:term":[{"taxonomy":"category","embeddable":true,"href":"https:\/\/jorgezanoni.com.br\/2019\/wp-json\/wp\/v2\/categories?post=31403"},{"taxonomy":"post_tag","embeddable":true,"href":"https:\/\/jorgezanoni.com.br\/2019\/wp-json\/wp\/v2\/tags?post=31403"}],"curies":[{"name":"wp","href":"https:\/\/api.w.org\/{rel}","templated":true}]}}