{"id":31400,"date":"2020-07-25T00:55:42","date_gmt":"2020-07-25T00:55:42","guid":{"rendered":"https:\/\/jorgezanoni.com.br\/2019\/?p=31400"},"modified":"2020-07-25T00:55:42","modified_gmt":"2020-07-25T00:55:42","slug":"greenyellow-abre-vagas-de-emprego-para-a-nova-unidade-da-empresa-em-epitacio-usina-fotovoltaica","status":"publish","type":"post","link":"https:\/\/jorgezanoni.com.br\/2019\/greenyellow-abre-vagas-de-emprego-para-a-nova-unidade-da-empresa-em-epitacio-usina-fotovoltaica\/","title":{"rendered":"GreenYellow abre vagas de emprego para a nova unidade da empresa em Epit\u00e1cio, Usina Fotovoltaica"},"content":{"rendered":"<p style=\"text-align: justify;\">Recentemente, a empresa internacional GreenYellow, representada pelo site manager de obras, Igor Rodrigues, esteve no gabinete da Prefeita, C\u00e1ssia Furlan, para assinar o alvar\u00e1 de licen\u00e7a para a constru\u00e7\u00e3o de uma nova unidade da usina fotovoltaica no munic\u00edpio.<\/p>\n<p style=\"text-align: justify;\">O projeto denominado UFV Presidente Epit\u00e1cio ter\u00e1 pot\u00eancia de 3,1 MWp. O investimento da GreenYellow ultrapassa R$10 milh\u00f5es na nova unidade da empresa. Segundo a empresa a previs\u00e3o \u00e9 que, com o novo neg\u00f3cio, sejam gerados em torno de 30 empregos diretos.<\/p>\n<p style=\"text-align: justify;\">A empresa Enersolar, respons\u00e1vel pela contrata\u00e7\u00e3o de servi\u00e7o de m\u00e3o obra para ingressar na usina fotovoltaica da GreenYellow, j\u00e1 anunciou novos postos de trabalho para o munic\u00edpio. Os cargos para as vagas s\u00e3o de auxiliar t\u00e9cnico em seguran\u00e7a do trabalho; carpinteiro; pedreiro; ajudante e eletricista com NR-10. Segundo a empresa Enersolar, a priori s\u00e3o esses os cargos dispon\u00edveis para contrata\u00e7\u00e3o, e que, conforme a evolu\u00e7\u00e3o da obra e da necessidade, novos cargos ser\u00e3o divulgados.<\/p>\n<p style=\"text-align: justify;\">Os interessados em concorrer \u00e0s vagas dispon\u00edveis, devem encaminhar o curr\u00edculo para os seguintes e-mails, joyce.mota@enersolar.eng.br ou comercial@enersolar.eng.br<\/p>\n<p style=\"text-align: justify;\">Fonte: Portal Bueno<\/p>\n","protected":false},"excerpt":{"rendered":"<p>Recentemente, a empresa internacional GreenYellow, representada pelo site manager de obras, Igor Rodrigues, esteve no gabinete da Prefeita, C\u00e1ssia Furlan, para assinar o alvar\u00e1 de licen\u00e7a para a constru\u00e7\u00e3o de uma nova unidade da usina fotovoltaica no munic\u00edpio. O projeto denominado UFV Presidente Epit\u00e1cio ter\u00e1 pot\u00eancia de 3,1 MWp. O investimento da GreenYellow ultrapassa R$10 [&hellip;]<\/p>\n","protected":false},"author":1,"featured_media":31401,"comment_status":"closed","ping_status":"open","sticky":false,"template":"","format":"standard","meta":{"footnotes":""},"categories":[114,110],"tags":[],"class_list":["post-31400","post","type-post","status-publish","format-standard","has-post-thumbnail","hentry","category-geralecomercio","category-noticiasdestaque"],"_links":{"self":[{"href":"https:\/\/jorgezanoni.com.br\/2019\/wp-json\/wp\/v2\/posts\/31400","targetHints":{"allow":["GET"]}}],"collection":[{"href":"https:\/\/jorgezanoni.com.br\/2019\/wp-json\/wp\/v2\/posts"}],"about":[{"href":"https:\/\/jorgezanoni.com.br\/2019\/wp-json\/wp\/v2\/types\/post"}],"author":[{"embeddable":true,"href":"https:\/\/jorgezanoni.com.br\/2019\/wp-json\/wp\/v2\/users\/1"}],"replies":[{"embeddable":true,"href":"https:\/\/jorgezanoni.com.br\/2019\/wp-json\/wp\/v2\/comments?post=31400"}],"version-history":[{"count":0,"href":"https:\/\/jorgezanoni.com.br\/2019\/wp-json\/wp\/v2\/posts\/31400\/revisions"}],"wp:featuredmedia":[{"embeddable":true,"href":"https:\/\/jorgezanoni.com.br\/2019\/wp-json\/wp\/v2\/media\/31401"}],"wp:attachment":[{"href":"https:\/\/jorgezanoni.com.br\/2019\/wp-json\/wp\/v2\/media?parent=31400"}],"wp:term":[{"taxonomy":"category","embeddable":true,"href":"https:\/\/jorgezanoni.com.br\/2019\/wp-json\/wp\/v2\/categories?post=31400"},{"taxonomy":"post_tag","embeddable":true,"href":"https:\/\/jorgezanoni.com.br\/2019\/wp-json\/wp\/v2\/tags?post=31400"}],"curies":[{"name":"wp","href":"https:\/\/api.w.org\/{rel}","templated":true}]}}