{"id":31395,"date":"2020-07-25T00:18:36","date_gmt":"2020-07-25T00:18:36","guid":{"rendered":"https:\/\/jorgezanoni.com.br\/2019\/?p=31395"},"modified":"2020-07-25T00:19:45","modified_gmt":"2020-07-25T00:19:45","slug":"tupi-paulista-registra-primeiro-obito-por-conta-da-covid1-19","status":"publish","type":"post","link":"https:\/\/jorgezanoni.com.br\/2019\/tupi-paulista-registra-primeiro-obito-por-conta-da-covid1-19\/","title":{"rendered":"Tupi Paulista registra primeiro \u00f3bito por conta da COVID-19"},"content":{"rendered":"<div id=\"js_40\" class=\"_5pbx userContent _3576\" data-testid=\"post_message\" data-ft=\"{&quot;tn&quot;:&quot;K&quot;}\">\n<div id=\"id_5f1b79ad833eb7e57314602\" class=\"text_exposed_root text_exposed\">\n<p style=\"text-align: justify;\">A Secretaria Municipal de Sa\u00fade Informa a atualiza\u00e7\u00e3o do quadro de casos suspeitos e confirmados de COVID-19 em Tupi Paulista.<br \/>\n( CINCO CURADOS E UM \u00d3BITO )<\/p>\n<p style=\"text-align: justify;\">Aten\u00e7\u00e3o o n\u00famero de casos do COVID 19 no munic\u00edpio de Tupi Paulista voltou a crescer novamente.<\/p>\n<div class=\"text_exposed_show\" style=\"text-align: justify;\">\n<p>A Secretaria de Sa\u00fade refor\u00e7a que pessoas sem sintomas podem transmitir o v\u00edrus, por isso respeite a dist\u00e2ncia de pelo menos 1 metro e siga os cuidados de higiene e isolamento social.<\/p>\n<p>&#8211; O uso de m\u00e1scara \u00e9 obrigat\u00f3rio, respeite o outro e valorize sua vida.<br \/>\n&#8211; Sair de casa somente aqueles que precisam trabalhar.<br \/>\n&#8211; Festas e reuni\u00f5es de amigos ainda n\u00e3o est\u00e1 na hora.<br \/>\n&#8211; Neste momento somente o DISTANCIAMENTO SOCIAL , conscientiza\u00e7\u00e3o da import\u00e2ncia do USO MASCARA e a HIGIENIZA\u00c7\u00c3O poder\u00e1 preservar nossas vidas.<\/p>\n<p>Vamos zerar os casos de nossa cidade novamente.<br \/>\nSeja consciente e respons\u00e1vel.<br \/>\nEvite o CONT\u00c1GIO.<br \/>\n<a class=\"_58cn\" href=\"https:\/\/www.facebook.com\/hashtag\/fique?__eep__=6&amp;source=feed_text&amp;epa=HASHTAG&amp;__xts__%5B0%5D=68.ARAnb3-6jWCxbQ861o8jie6AgXIq29TmRazTDi1kLPAikZz9RSuYUTyrjurtXFQYMTYlskzH2ViRsuAsFIf4Wm0DI-G01RT1P0tFg5MrzJef7JeWm4z02gBafY1LZib3dyALojzCbly3mecljWwIwLMp9BIZpzmkptopJDtZ5SfXeN9vZaJpnrbQkrOqjLTEz8yExDaQ1RN7KAxCxoBWSU0vJPup48eSSeHu6H-gB_mczLSAil-tYr4AG3Om8PHnhtbi8S_yknjpbfEx0uMX5SU8XQ3Fp4Ffk4gmVbb3FHRN-C-Ob1DLQVoZbLGe-HMSNQR97Q9L97vO6ESx4CsPivRGXw&amp;__tn__=%2ANK-R\" data-ft=\"{&quot;type&quot;:104,&quot;tn&quot;:&quot;*N&quot;}\"><span class=\"_5afx\"><span class=\"_58cl _5afz\" aria-label=\"hashtag\">#<\/span><span class=\"_58cm\">FIQUE<\/span><\/span><\/a>\u00a0EM CASA<\/p>\n<\/div>\n<\/div>\n<\/div>\n<div class=\"_3x-2\" data-ft=\"{&quot;tn&quot;:&quot;H&quot;}\">\n<div data-ft=\"{&quot;tn&quot;:&quot;H&quot;}\">\n<div class=\"mtm\">\n<div>\n<div class=\"_1ktf\" style=\"text-align: justify;\" data-ft=\"{&quot;tn&quot;:&quot;E&quot;}\"><\/div>\n<\/div>\n<\/div>\n<\/div>\n<\/div>\n","protected":false},"excerpt":{"rendered":"<p>A Secretaria Municipal de Sa\u00fade Informa a atualiza\u00e7\u00e3o do quadro de casos suspeitos e confirmados de COVID-19 em Tupi Paulista. ( CINCO CURADOS E UM \u00d3BITO ) Aten\u00e7\u00e3o o n\u00famero de casos do COVID 19 no munic\u00edpio de Tupi Paulista voltou a crescer novamente. A Secretaria de Sa\u00fade refor\u00e7a que pessoas sem sintomas podem transmitir [&hellip;]<\/p>\n","protected":false},"author":1,"featured_media":31396,"comment_status":"closed","ping_status":"open","sticky":false,"template":"","format":"standard","meta":{"footnotes":""},"categories":[179,110,185],"tags":[],"class_list":["post-31395","post","type-post","status-publish","format-standard","has-post-thumbnail","hentry","category-cidadeseregiao","category-noticiasdestaque","category-tupipaulista"],"_links":{"self":[{"href":"https:\/\/jorgezanoni.com.br\/2019\/wp-json\/wp\/v2\/posts\/31395","targetHints":{"allow":["GET"]}}],"collection":[{"href":"https:\/\/jorgezanoni.com.br\/2019\/wp-json\/wp\/v2\/posts"}],"about":[{"href":"https:\/\/jorgezanoni.com.br\/2019\/wp-json\/wp\/v2\/types\/post"}],"author":[{"embeddable":true,"href":"https:\/\/jorgezanoni.com.br\/2019\/wp-json\/wp\/v2\/users\/1"}],"replies":[{"embeddable":true,"href":"https:\/\/jorgezanoni.com.br\/2019\/wp-json\/wp\/v2\/comments?post=31395"}],"version-history":[{"count":0,"href":"https:\/\/jorgezanoni.com.br\/2019\/wp-json\/wp\/v2\/posts\/31395\/revisions"}],"wp:featuredmedia":[{"embeddable":true,"href":"https:\/\/jorgezanoni.com.br\/2019\/wp-json\/wp\/v2\/media\/31396"}],"wp:attachment":[{"href":"https:\/\/jorgezanoni.com.br\/2019\/wp-json\/wp\/v2\/media?parent=31395"}],"wp:term":[{"taxonomy":"category","embeddable":true,"href":"https:\/\/jorgezanoni.com.br\/2019\/wp-json\/wp\/v2\/categories?post=31395"},{"taxonomy":"post_tag","embeddable":true,"href":"https:\/\/jorgezanoni.com.br\/2019\/wp-json\/wp\/v2\/tags?post=31395"}],"curies":[{"name":"wp","href":"https:\/\/api.w.org\/{rel}","templated":true}]}}