{"id":31389,"date":"2020-07-24T22:28:27","date_gmt":"2020-07-24T22:28:27","guid":{"rendered":"https:\/\/jorgezanoni.com.br\/2019\/?p=31389"},"modified":"2020-07-24T22:28:27","modified_gmt":"2020-07-24T22:28:27","slug":"amanha-dia-de-sao-cristovao-havera-bencao-dos-veiculos","status":"publish","type":"post","link":"https:\/\/jorgezanoni.com.br\/2019\/amanha-dia-de-sao-cristovao-havera-bencao-dos-veiculos\/","title":{"rendered":"Amanh\u00e3, Dia de S\u00e3o Crist\u00f3v\u00e3o haver\u00e1 ben\u00e7\u00e3o dos ve\u00edculos"},"content":{"rendered":"<p style=\"text-align: justify;\">Neste s\u00e1bado (25), dia de S\u00e3o Crist\u00f3v\u00e3o e do motorista, haver\u00e1 a tradicional b\u00ean\u00e7\u00e3o dos carros ao lado da Igreja Matriz Nossa Senhora Aparecida.<\/p>\n<p style=\"text-align: justify;\">Ser\u00e1 na Avenida dos Expedicion\u00e1rios, nos dois sentidos, \u00e0s 15;00 Horas, com os freis e seminaristas.<\/p>\n<p style=\"text-align: justify;\">Os organizadores informam que ser\u00e1 transmitida ao vivo pelo Facebook, a ora\u00e7\u00e3o da b\u00ean\u00e7\u00e3o e, em seguida, os ve\u00edculos que passarem pelo local receber\u00e3o aspers\u00e3o com \u00e1gua benta.<\/p>\n<p style=\"text-align: justify;\">Informa\u00e7\u00f5es da Par\u00f3quia Nossa Senhora Aparecida<\/p>\n","protected":false},"excerpt":{"rendered":"<p>Neste s\u00e1bado (25), dia de S\u00e3o Crist\u00f3v\u00e3o e do motorista, haver\u00e1 a tradicional b\u00ean\u00e7\u00e3o dos carros ao lado da Igreja Matriz Nossa Senhora Aparecida. Ser\u00e1 na Avenida dos Expedicion\u00e1rios, nos dois sentidos, \u00e0s 15;00 Horas, com os freis e seminaristas. Os organizadores informam que ser\u00e1 transmitida ao vivo pelo Facebook, a ora\u00e7\u00e3o da b\u00ean\u00e7\u00e3o e, [&hellip;]<\/p>\n","protected":false},"author":1,"featured_media":31390,"comment_status":"closed","ping_status":"open","sticky":false,"template":"","format":"standard","meta":{"footnotes":""},"categories":[110,118],"tags":[],"class_list":["post-31389","post","type-post","status-publish","format-standard","has-post-thumbnail","hentry","category-noticiasdestaque","category-religiaoesolidariedade"],"_links":{"self":[{"href":"https:\/\/jorgezanoni.com.br\/2019\/wp-json\/wp\/v2\/posts\/31389","targetHints":{"allow":["GET"]}}],"collection":[{"href":"https:\/\/jorgezanoni.com.br\/2019\/wp-json\/wp\/v2\/posts"}],"about":[{"href":"https:\/\/jorgezanoni.com.br\/2019\/wp-json\/wp\/v2\/types\/post"}],"author":[{"embeddable":true,"href":"https:\/\/jorgezanoni.com.br\/2019\/wp-json\/wp\/v2\/users\/1"}],"replies":[{"embeddable":true,"href":"https:\/\/jorgezanoni.com.br\/2019\/wp-json\/wp\/v2\/comments?post=31389"}],"version-history":[{"count":0,"href":"https:\/\/jorgezanoni.com.br\/2019\/wp-json\/wp\/v2\/posts\/31389\/revisions"}],"wp:featuredmedia":[{"embeddable":true,"href":"https:\/\/jorgezanoni.com.br\/2019\/wp-json\/wp\/v2\/media\/31390"}],"wp:attachment":[{"href":"https:\/\/jorgezanoni.com.br\/2019\/wp-json\/wp\/v2\/media?parent=31389"}],"wp:term":[{"taxonomy":"category","embeddable":true,"href":"https:\/\/jorgezanoni.com.br\/2019\/wp-json\/wp\/v2\/categories?post=31389"},{"taxonomy":"post_tag","embeddable":true,"href":"https:\/\/jorgezanoni.com.br\/2019\/wp-json\/wp\/v2\/tags?post=31389"}],"curies":[{"name":"wp","href":"https:\/\/api.w.org\/{rel}","templated":true}]}}