{"id":31382,"date":"2020-07-24T15:12:16","date_gmt":"2020-07-24T15:12:16","guid":{"rendered":"https:\/\/jorgezanoni.com.br\/2019\/?p=31382"},"modified":"2020-07-24T15:12:16","modified_gmt":"2020-07-24T15:12:16","slug":"motorista-colide-picape-em-palmeira-que-e-arrancada-de-canteiro-e-veiculo-tomba-em-junqueiropolis","status":"publish","type":"post","link":"https:\/\/jorgezanoni.com.br\/2019\/motorista-colide-picape-em-palmeira-que-e-arrancada-de-canteiro-e-veiculo-tomba-em-junqueiropolis\/","title":{"rendered":"Motorista colide picape em palmeira, que \u00e9 arrancada de canteiro, e ve\u00edculo tomba em Junqueir\u00f3polis"},"content":{"rendered":"<h2 class=\"content-head__subtitle\" style=\"text-align: justify;\"><strong>Condutor, de 38 anos, estava sozinho no autom\u00f3vel e foi socorrido pelo Corpo de Bombeiros. Acidente foi na madrugada desta sexta-feira (24).<\/strong><\/h2>\n<div class=\"mc-column content-text active-extra-styles \" data-block-type=\"unstyled\" data-block-weight=\"23\" data-block-id=\"2\">\n<p class=\"content-text__container \" style=\"text-align: justify;\" data-track-category=\"Link no Texto\" data-track-links=\"\">A Pol\u00edcia Militar foi acionada na madrugada desta sexta-feira (24), para atender um acidente de tr\u00e2nsito na Avenida Geraldo Fudo, em\u00a0<a href=\"https:\/\/g1.globo.com\/sp\/presidente-prudente-regiao\/cidade\/junqueiropolis\/\">Junqueir\u00f3polis<\/a>.<\/p>\n<\/div>\n<div class=\"wall protected-content\">\n<div class=\"mc-column content-text active-extra-styles \" style=\"text-align: justify;\" data-block-type=\"unstyled\" data-block-weight=\"31\" data-block-id=\"3\">\n<p class=\"content-text__container \" data-track-category=\"Link no Texto\" data-track-links=\"\">De acordo com a equipe, o condutor, de 38 anos, por motivos a serem esclarecidos, colidiu a picape em que ele estava em uma palmeira, no canteiro central da avenida.<\/p>\n<\/div>\n<div class=\"mc-column content-text active-extra-styles \" style=\"text-align: justify;\" data-block-type=\"unstyled\" data-block-weight=\"18\" data-block-id=\"4\">\n<p class=\"content-text__container \" data-track-category=\"Link no Texto\" data-track-links=\"\">Com a for\u00e7a do impacto, o carro tombou na via e a palmeira foi arrancada do canteiro.<\/p>\n<\/div>\n<div class=\"mc-column content-text active-extra-styles \" style=\"text-align: justify;\" data-block-type=\"unstyled\" data-block-weight=\"23\" data-block-id=\"5\">\n<p class=\"content-text__container \" data-track-category=\"Link no Texto\" data-track-links=\"\">O condutor foi socorrido pelo Corpo de Bombeiros e levado a um Pronto-socorro municipal. Somente ele estava no autom\u00f3vel, conforme a Pol\u00edcia Militar.<\/p>\n<\/div>\n<div class=\"row medium-uncollapsed content-media content-photo\" style=\"text-align: justify;\" data-block-type=\"backstage-photo\" data-block-id=\"6\">\n<div class=\"mc-column content-media__container\">\n<figure><img decoding=\"async\" class=\"i-amphtml-fill-content i-amphtml-replaced-content\" src=\"https:\/\/s2.glbimg.com\/BFgXvJ7vdBHyqWGEJRtCHRd9VZ4=\/0x239:567x645\/984x0\/smart\/filters:strip_icc()\/i.s3.glbimg.com\/v1\/AUTH_59edd422c0c84a879bd37670ae4f538a\/internal_photos\/bs\/2020\/2\/3\/7RffNRROyK49quSUJ2UQ\/whatsapp-image-2020-07-24-at-10.43.52.jpeg\" sizes=\"(max-width: 1242px) 648px, 100vw\" srcset=\"https:\/\/s2.glbimg.com\/3nTFLDFY_qV80EZ8_osetXFVF3Y=\/0x239:567x645\/1000x0\/smart\/filters:strip_icc()\/i.s3.glbimg.com\/v1\/AUTH_59edd422c0c84a879bd37670ae4f538a\/internal_photos\/bs\/2020\/2\/3\/7RffNRROyK49quSUJ2UQ\/whatsapp-image-2020-07-24-at-10.43.52.jpeg 1000w, https:\/\/s2.glbimg.com\/BFgXvJ7vdBHyqWGEJRtCHRd9VZ4=\/0x239:567x645\/984x0\/smart\/filters:strip_icc()\/i.s3.glbimg.com\/v1\/AUTH_59edd422c0c84a879bd37670ae4f538a\/internal_photos\/bs\/2020\/2\/3\/7RffNRROyK49quSUJ2UQ\/whatsapp-image-2020-07-24-at-10.43.52.jpeg 984w, https:\/\/s2.glbimg.com\/n8iV1-rasg8RRm1Or2qs8Mb190M=\/0x239:567x645\/640x0\/smart\/filters:strip_icc()\/i.s3.glbimg.com\/v1\/AUTH_59edd422c0c84a879bd37670ae4f538a\/internal_photos\/bs\/2020\/2\/3\/7RffNRROyK49quSUJ2UQ\/whatsapp-image-2020-07-24-at-10.43.52.jpeg 640w, https:\/\/s2.glbimg.com\/5ZdzFdgI0nC8BnLJZWjSYnK8AZY=\/0x239:567x645\/600x0\/smart\/filters:strip_icc()\/i.s3.glbimg.com\/v1\/AUTH_59edd422c0c84a879bd37670ae4f538a\/internal_photos\/bs\/2020\/2\/3\/7RffNRROyK49quSUJ2UQ\/whatsapp-image-2020-07-24-at-10.43.52.jpeg 600w\" alt=\"Acidente foi nesta sexta-feira (24), em Junqueir\u00f3polis \u2014 Foto: Cedida\" \/><\/figure>\n<p class=\"content-media__description \">Acidente foi nesta sexta-feira (24), em Junqueir\u00f3polis \u2014 Foto: Cedida<\/p>\n<\/div>\n<\/div>\n<div class=\"row medium-uncollapsed content-media content-photo\" style=\"text-align: justify;\" data-block-type=\"backstage-photo\" data-block-id=\"7\">\n<div class=\"mc-column content-media__container\">\n<figure><img decoding=\"async\" class=\"i-amphtml-fill-content i-amphtml-replaced-content\" src=\"https:\/\/s2.glbimg.com\/Uip_mIXf5dvhvBcvERGhXBG2NbU=\/0x210:575x595\/984x0\/smart\/filters:strip_icc()\/i.s3.glbimg.com\/v1\/AUTH_59edd422c0c84a879bd37670ae4f538a\/internal_photos\/bs\/2020\/z\/E\/RSokoRQmKSjgR4vzUFyA\/whatsapp-image-2020-07-24-at-10.43.51.jpeg\" sizes=\"(max-width: 1242px) 648px, 100vw\" srcset=\"https:\/\/s2.glbimg.com\/ZhP39og--d7s3uGwEvX2UFMQLp4=\/0x210:575x595\/1000x0\/smart\/filters:strip_icc()\/i.s3.glbimg.com\/v1\/AUTH_59edd422c0c84a879bd37670ae4f538a\/internal_photos\/bs\/2020\/z\/E\/RSokoRQmKSjgR4vzUFyA\/whatsapp-image-2020-07-24-at-10.43.51.jpeg 1000w, https:\/\/s2.glbimg.com\/Uip_mIXf5dvhvBcvERGhXBG2NbU=\/0x210:575x595\/984x0\/smart\/filters:strip_icc()\/i.s3.glbimg.com\/v1\/AUTH_59edd422c0c84a879bd37670ae4f538a\/internal_photos\/bs\/2020\/z\/E\/RSokoRQmKSjgR4vzUFyA\/whatsapp-image-2020-07-24-at-10.43.51.jpeg 984w, https:\/\/s2.glbimg.com\/xj3GRyV7SIkDXpFVN4Rp1F72NyQ=\/0x210:575x595\/640x0\/smart\/filters:strip_icc()\/i.s3.glbimg.com\/v1\/AUTH_59edd422c0c84a879bd37670ae4f538a\/internal_photos\/bs\/2020\/z\/E\/RSokoRQmKSjgR4vzUFyA\/whatsapp-image-2020-07-24-at-10.43.51.jpeg 640w, https:\/\/s2.glbimg.com\/AUN0rd9C_MMmvzNcESeYBwaIuiM=\/0x210:575x595\/600x0\/smart\/filters:strip_icc()\/i.s3.glbimg.com\/v1\/AUTH_59edd422c0c84a879bd37670ae4f538a\/internal_photos\/bs\/2020\/z\/E\/RSokoRQmKSjgR4vzUFyA\/whatsapp-image-2020-07-24-at-10.43.51.jpeg 600w\" alt=\"Acidente foi nesta sexta-feira (24), em Junqueir\u00f3polis \u2014 Foto: Cedida\" \/><\/figure>\n<p class=\"content-media__description \">Acidente foi nesta sexta-feira (24), em Junqueir\u00f3polis \u2014 Foto: Cedida<\/p>\n<\/div>\n<\/div>\n<div class=\"row medium-uncollapsed content-media content-photo\" data-block-type=\"backstage-photo\" data-block-id=\"9\">\n<div class=\"mc-column content-media__container\">\n<figure style=\"text-align: justify;\"><img decoding=\"async\" class=\"i-amphtml-fill-content i-amphtml-replaced-content\" src=\"https:\/\/s2.glbimg.com\/jJIXpBlYELJVHii--CHSZ2ZFtQQ=\/0x0:1080x571\/984x0\/smart\/filters:strip_icc()\/i.s3.glbimg.com\/v1\/AUTH_59edd422c0c84a879bd37670ae4f538a\/internal_photos\/bs\/2020\/V\/q\/5XuZBCQTykwA1aXrP9ng\/whatsapp-image-2020-07-24-at-10.43.53.jpeg\" sizes=\"(max-width: 1242px) 648px, 100vw\" srcset=\"https:\/\/s2.glbimg.com\/sQw6LFu3JP-8ADEKKO-ZSN41XOM=\/0x0:1080x571\/1000x0\/smart\/filters:strip_icc()\/i.s3.glbimg.com\/v1\/AUTH_59edd422c0c84a879bd37670ae4f538a\/internal_photos\/bs\/2020\/V\/q\/5XuZBCQTykwA1aXrP9ng\/whatsapp-image-2020-07-24-at-10.43.53.jpeg 1000w, https:\/\/s2.glbimg.com\/jJIXpBlYELJVHii--CHSZ2ZFtQQ=\/0x0:1080x571\/984x0\/smart\/filters:strip_icc()\/i.s3.glbimg.com\/v1\/AUTH_59edd422c0c84a879bd37670ae4f538a\/internal_photos\/bs\/2020\/V\/q\/5XuZBCQTykwA1aXrP9ng\/whatsapp-image-2020-07-24-at-10.43.53.jpeg 984w, https:\/\/s2.glbimg.com\/GeqKkptkwW-qlFC7grZW9AyIJQc=\/0x0:1080x571\/640x0\/smart\/filters:strip_icc()\/i.s3.glbimg.com\/v1\/AUTH_59edd422c0c84a879bd37670ae4f538a\/internal_photos\/bs\/2020\/V\/q\/5XuZBCQTykwA1aXrP9ng\/whatsapp-image-2020-07-24-at-10.43.53.jpeg 640w, https:\/\/s2.glbimg.com\/dhcC0iBig61ztDnqB1PYkIRQ5Gs=\/0x0:1080x571\/600x0\/smart\/filters:strip_icc()\/i.s3.glbimg.com\/v1\/AUTH_59edd422c0c84a879bd37670ae4f538a\/internal_photos\/bs\/2020\/V\/q\/5XuZBCQTykwA1aXrP9ng\/whatsapp-image-2020-07-24-at-10.43.53.jpeg 600w\" alt=\"Acidente foi nesta sexta-feira (24), em Junqueir\u00f3polis \u2014 Foto: Cedida\" \/><\/figure>\n<p class=\"content-media__description \" style=\"text-align: justify;\">Acidente foi nesta sexta-feira (24), em Junqueir\u00f3polis \u2014 Foto: Cedida<\/p>\n<p style=\"text-align: justify;\">Fonte: G1<\/p>\n<\/div>\n<\/div>\n<\/div>\n","protected":false},"excerpt":{"rendered":"<p>Condutor, de 38 anos, estava sozinho no autom\u00f3vel e foi socorrido pelo Corpo de Bombeiros. Acidente foi na madrugada desta sexta-feira (24). A Pol\u00edcia Militar foi acionada na madrugada desta sexta-feira (24), para atender um acidente de tr\u00e2nsito na Avenida Geraldo Fudo, em\u00a0Junqueir\u00f3polis. De acordo com a equipe, o condutor, de 38 anos, por motivos [&hellip;]<\/p>\n","protected":false},"author":1,"featured_media":31383,"comment_status":"closed","ping_status":"open","sticky":false,"template":"","format":"standard","meta":{"footnotes":""},"categories":[170,110],"tags":[],"class_list":["post-31382","post","type-post","status-publish","format-standard","has-post-thumbnail","hentry","category-acidentes","category-noticiasdestaque"],"_links":{"self":[{"href":"https:\/\/jorgezanoni.com.br\/2019\/wp-json\/wp\/v2\/posts\/31382","targetHints":{"allow":["GET"]}}],"collection":[{"href":"https:\/\/jorgezanoni.com.br\/2019\/wp-json\/wp\/v2\/posts"}],"about":[{"href":"https:\/\/jorgezanoni.com.br\/2019\/wp-json\/wp\/v2\/types\/post"}],"author":[{"embeddable":true,"href":"https:\/\/jorgezanoni.com.br\/2019\/wp-json\/wp\/v2\/users\/1"}],"replies":[{"embeddable":true,"href":"https:\/\/jorgezanoni.com.br\/2019\/wp-json\/wp\/v2\/comments?post=31382"}],"version-history":[{"count":0,"href":"https:\/\/jorgezanoni.com.br\/2019\/wp-json\/wp\/v2\/posts\/31382\/revisions"}],"wp:featuredmedia":[{"embeddable":true,"href":"https:\/\/jorgezanoni.com.br\/2019\/wp-json\/wp\/v2\/media\/31383"}],"wp:attachment":[{"href":"https:\/\/jorgezanoni.com.br\/2019\/wp-json\/wp\/v2\/media?parent=31382"}],"wp:term":[{"taxonomy":"category","embeddable":true,"href":"https:\/\/jorgezanoni.com.br\/2019\/wp-json\/wp\/v2\/categories?post=31382"},{"taxonomy":"post_tag","embeddable":true,"href":"https:\/\/jorgezanoni.com.br\/2019\/wp-json\/wp\/v2\/tags?post=31382"}],"curies":[{"name":"wp","href":"https:\/\/api.w.org\/{rel}","templated":true}]}}