{"id":31376,"date":"2020-07-24T14:31:44","date_gmt":"2020-07-24T14:31:44","guid":{"rendered":"https:\/\/jorgezanoni.com.br\/2019\/?p=31376"},"modified":"2020-07-24T14:31:44","modified_gmt":"2020-07-24T14:31:44","slug":"o-medo","status":"publish","type":"post","link":"https:\/\/jorgezanoni.com.br\/2019\/o-medo\/","title":{"rendered":"O Medo&#8230;"},"content":{"rendered":"<p style=\"text-align: justify;\"><strong>O MEDO&#8230;\u00a0 \u00a0 \u00a0 \u00a0 \u00a0 \u00a0 \u00a0 \u00a0 \u00a0 \u00a0 \u00a0 \u00a0 \u00a0 \u00a0 \u00a0 \u00a0 \u00a0 \u00a0 \u00a0 \u00a0 \u00a0 \u00a0 \u00a0 \u00a0 \u00a0 \u00a0 \u00a0 \u00a0 \u00a0 \u00a0 \u00a0 \u00a0 \u00a0 \u00a0 \u00a0 \u00a0 \u00a0 \u00a0 \u00a0 \u00a0 \u00a0 \u00a0 \u00a0 \u00a0 \u00a0 \u00a0 \u00a0 \u00a0 \u00a0 \u00a0 \u00a0 \u00a0<\/strong><\/p>\n<p style=\"text-align: justify;\"><strong>\u00a0<\/strong><\/p>\n<p style=\"text-align: justify;\"><strong>*CLAUDIVAL CLEMENTE.<\/strong><\/p>\n<p style=\"text-align: justify;\"><strong>**CLAUDIVAL MOURA CLEMENTE<\/strong><\/p>\n<p style=\"text-align: justify;\">O medo \u00e9 um sentimento que est\u00e1 presente em todos os seres humanos, exceto algumas pessoas que t\u00eam algum desvio psicol\u00f3gico ou psiqui\u00e1trico, simulando a inexist\u00eancia do medo por sentimento de agressividade.<\/p>\n<p style=\"text-align: justify;\">Mas ao mesmo tempo \u00e9 um mecanismo de preserva\u00e7\u00e3o da esp\u00e9cie e para evitar que o ser humano se envolva em situa\u00e7\u00f5es de perigo, que possam causar danos ou mesmo a morte.<\/p>\n<p style=\"text-align: justify;\">Deste ponto de an\u00e1lise, o medo \u00e9 um sentimento positivo, que pode e deve ser utilizado a favor do pr\u00f3prio ser humano, tomando as devidas precau\u00e7\u00f5es para que este medo n\u00e3o se torne uma fobia, pois este \u00e9 um sentimento doentio que causa v\u00e1rios dist\u00farbios no corpo humano.<\/p>\n<p style=\"text-align: justify;\">Atualmente o medo que permeia a quase todos os seres humanos \u00e9 de ser infectado pelo v\u00edrus SARS-Cov2, \u00a0v\u00edrus que provoca a Covid19, salvo as que n\u00e3o tem no\u00e7\u00e3o da alta transmissibilidade e da letalidade do v\u00edrus que se encontra espalhado pelo planeta. Justamente porisso os governadores fizeram tanto empenho em decretar o isolamento social, com fechamento das atividades n\u00e3o essenciais; ou seja, para evitar a contamina\u00e7\u00e3o de grande parte da popula\u00e7\u00e3o, para diminuir a ocupa\u00e7\u00e3o dos leitos hospitalares.<\/p>\n<p style=\"text-align: justify;\">Mas o medo acaba se transformando em cuidado ou precau\u00e7\u00e3o, evitando se expor em atividades desnecess\u00e1rias enquanto n\u00e3o forem desenvolvidas as vacinas, o que ainda ir\u00e1 demandar um tempo razoavelmente longo, pois desenvolver uma vacina \u00e9 uma atividade cient\u00edfica excessivamente complexa, envolvendo v\u00e1rios testes e v\u00e1rias fases.<\/p>\n<p style=\"text-align: justify;\">O cuidado de acordo com as orienta\u00e7\u00f5es dos profissionais de sa\u00fade \u00e9 ainda a melhor forma de evitar a propaga\u00e7\u00e3o do v\u00edrus, que deu uma tr\u00e9gua para os paulistanos e moradores da regi\u00e3o metropolitana e se descolocou para o interior; ali\u00e1s, como j\u00e1 era previsto pelas autoridades sanit\u00e1rias do pa\u00eds.<\/p>\n<p style=\"text-align: justify;\">Os prefeitos que antes pressionavam o governo do Estado para flexibilizar a economia, desta feita est\u00e3o enfrentando quest\u00f5es jur\u00eddicas propostas pela associa\u00e7\u00e3o dos supermercados, pois defendem que o lockdown( suspens\u00e3o completa de todas as atividades comerciais, excetos postos de gasolinas e farm\u00e1cias), traz mais preju\u00edzos para a sociedade, porque provoca aglomera\u00e7\u00e3o nas lojas nos dias que antecedem ao fechamento e tamb\u00e9m nos dias posteriores.\u00a0 O ideal seria a limita\u00e7\u00e3o de pessoas dentro das lojas, al\u00e9m de todas as medidas protetivas que j\u00e1 deveriam estar implantadas, como utiliza\u00e7\u00e3o do aparelho que mede a temperatura de cada cliente, o oferecimento de \u00e1lcool gel na entrada e depend\u00eancias do estabelecimento e a higieniza\u00e7\u00e3o dos carrinhos e das cestinhas antes de serem entregues aos clientes para utiliza\u00e7\u00e3o nas compras. Dentro das lojas, especialmente nos caixas, deve existir sinaliza\u00e7\u00e3o de solo, indicando onde cada cliente deve se posicionar, para evitar ficar menos de 1 metro e meio de outro cliente, para exatamente evitar um prov\u00e1vel cont\u00e1gio. Os colaboradores al\u00e9m de m\u00e1scaras e luvas devem usar tamb\u00e9m as \u201cviseiras\u201d, pois devido ao contato intenso e frequente com clientes podem ser fontes de transmiss\u00e3o ou mesmo serem contaminados.<\/p>\n<p style=\"text-align: justify;\">As m\u00e1scaras de prote\u00e7\u00e3o facial devem ser utilizadas o tempo todo por todas as pessoas que saem de suas casas para alguma atividade externa, mesmo que seja dentro do condom\u00ednio ou na cal\u00e7ada da resid\u00eancia ou escrit\u00f3rio.<\/p>\n<p style=\"text-align: justify;\">Assim fazendo, se utiliza o medo da melhor forma poss\u00edvel, pois evitar o cont\u00e1gio do SARS-Cov2 \u00e9 uma obriga\u00e7\u00e3o, um ato de cidadania, pois mesmo estando fora do grupo de risco, que \u00e9 composto por pessoas idosas e portadores de doen\u00e7as cr\u00f4nicas ou pacientes em reabilita\u00e7\u00e3o, o cuidado deve ser o mesmo para evitar se transformar em um vetor, ou seja, uma pessoa assintom\u00e1tica, por\u00e9m transmissora dos v\u00edrus.<\/p>\n<p style=\"text-align: justify;\">Vamos manter todos os protocolos de preven\u00e7\u00e3o e precau\u00e7\u00e3o no combate ao SARS-Cov 2, mantendo os cuidados de distanciamento social e higiene pessoal .Importante sempre lembrar de lavar as m\u00e3os com frequ\u00eancia, com \u00e1gua e sab\u00e3o durante 20 segundos ou higienizar com \u00e1lcool gel 70%, evitar tocar a boca, o nariz e os olhos com as m\u00e3os e cobrir a boca quando tossir ou espirrar.Saindo de casa, use sempre as m\u00e1scaras, com a devida cautela, evitando aglomera\u00e7\u00f5es. Nunca toque na m\u00e1scara e n\u00e3o \u00e9 necess\u00e1rio baixar ou tirar a m\u00e1scara para falar ao celular ou ouvir ou gravar alguma mensagem no watts. A m\u00e1scara \u00e9 a melhor prote\u00e7\u00e3o no momento.<\/p>\n<p style=\"text-align: justify;\">Juntos somos mais fortes, juntos venceremos. O Brasil ir\u00e1 vencer o v\u00edrus. O Brasil precisa de todos n\u00f3s.<\/p>\n<p style=\"text-align: justify;\">Participe enviando d\u00favidas, coment\u00e1rios ou sugest\u00f5es para<a href=\"mailto:bcrcconsultoria@gmail.com\">bcrcnews.wixsite.<\/a>com e tamb\u00e9m \u00a0no facebook, onde podereler este e outros artigos. At\u00e9 a pr\u00f3xima.<\/p>\n<p style=\"text-align: justify;\">*Formado em Direito pela UENP &#8211; Universidade Estadual de Direito do Norte Pioneiro em Jacarezinho e em Administra\u00e7\u00e3o de Empresas nas Faculdades Integradas de Ourinhos. MBA em Comunica\u00e7\u00e3o Corporativa pela Universidade Est\u00e1cio de S\u00e1(em curso) . S\u00f3cio s\u00eanior da BCRC Consultoria em Comunica\u00e7\u00e3o.<\/p>\n<p style=\"text-align: justify;\">** Revis\u00e3o e colabora\u00e7\u00e3o\u00a0 &#8211; Administrador de Empresas pela Universidade Cidade de S\u00e3o Paulo &#8211; UNICID.<\/p>\n","protected":false},"excerpt":{"rendered":"<p>O MEDO&#8230;\u00a0 \u00a0 \u00a0 \u00a0 \u00a0 \u00a0 \u00a0 \u00a0 \u00a0 \u00a0 \u00a0 \u00a0 \u00a0 \u00a0 \u00a0 \u00a0 \u00a0 \u00a0 \u00a0 \u00a0 \u00a0 \u00a0 \u00a0 \u00a0 \u00a0 \u00a0 \u00a0 \u00a0 \u00a0 \u00a0 \u00a0 \u00a0 \u00a0 \u00a0 \u00a0 \u00a0 \u00a0 \u00a0 \u00a0 \u00a0 \u00a0 \u00a0 \u00a0 \u00a0 \u00a0 \u00a0 \u00a0 \u00a0 \u00a0 \u00a0 \u00a0 \u00a0 \u00a0 *CLAUDIVAL [&hellip;]<\/p>\n","protected":false},"author":1,"featured_media":31377,"comment_status":"closed","ping_status":"open","sticky":false,"template":"","format":"standard","meta":{"footnotes":""},"categories":[175],"tags":[],"class_list":["post-31376","post","type-post","status-publish","format-standard","has-post-thumbnail","hentry","category-artigos"],"_links":{"self":[{"href":"https:\/\/jorgezanoni.com.br\/2019\/wp-json\/wp\/v2\/posts\/31376","targetHints":{"allow":["GET"]}}],"collection":[{"href":"https:\/\/jorgezanoni.com.br\/2019\/wp-json\/wp\/v2\/posts"}],"about":[{"href":"https:\/\/jorgezanoni.com.br\/2019\/wp-json\/wp\/v2\/types\/post"}],"author":[{"embeddable":true,"href":"https:\/\/jorgezanoni.com.br\/2019\/wp-json\/wp\/v2\/users\/1"}],"replies":[{"embeddable":true,"href":"https:\/\/jorgezanoni.com.br\/2019\/wp-json\/wp\/v2\/comments?post=31376"}],"version-history":[{"count":0,"href":"https:\/\/jorgezanoni.com.br\/2019\/wp-json\/wp\/v2\/posts\/31376\/revisions"}],"wp:featuredmedia":[{"embeddable":true,"href":"https:\/\/jorgezanoni.com.br\/2019\/wp-json\/wp\/v2\/media\/31377"}],"wp:attachment":[{"href":"https:\/\/jorgezanoni.com.br\/2019\/wp-json\/wp\/v2\/media?parent=31376"}],"wp:term":[{"taxonomy":"category","embeddable":true,"href":"https:\/\/jorgezanoni.com.br\/2019\/wp-json\/wp\/v2\/categories?post=31376"},{"taxonomy":"post_tag","embeddable":true,"href":"https:\/\/jorgezanoni.com.br\/2019\/wp-json\/wp\/v2\/tags?post=31376"}],"curies":[{"name":"wp","href":"https:\/\/api.w.org\/{rel}","templated":true}]}}