{"id":31370,"date":"2020-07-24T14:19:05","date_gmt":"2020-07-24T14:19:05","guid":{"rendered":"https:\/\/jorgezanoni.com.br\/2019\/?p=31370"},"modified":"2020-07-24T14:19:05","modified_gmt":"2020-07-24T14:19:05","slug":"os-orgaos-municipais-deviam-se-preocupar-mais-com-a-seguranca-da-populacao-veja-como-foi-implantada-uma-nova-placa","status":"publish","type":"post","link":"https:\/\/jorgezanoni.com.br\/2019\/os-orgaos-municipais-deviam-se-preocupar-mais-com-a-seguranca-da-populacao-veja-como-foi-implantada-uma-nova-placa\/","title":{"rendered":"Os \u00f3rg\u00e3os municipais deviam se preocupar mais com a seguran\u00e7a da popula\u00e7\u00e3o, veja como foi implantada uma nova placa"},"content":{"rendered":"<p style=\"text-align: justify;\">Foi constru\u00edda uma lombada na Rua Monte Castelo, pr\u00f3ximo da esquina com a Rua Nossa Senhora Aparecida.<\/p>\n<p style=\"text-align: justify;\">Em que pese a cidade estar virando um festival de lombada (somos contra), achamos que s\u00f3 pr\u00f3ximo a Escolas, Igrejas e Hospitais que deveria existir. Tem que haver educa\u00e7\u00e3o e puni\u00e7\u00e3o aos maus motoristas, n\u00e3o generalizar.<\/p>\n<p style=\"text-align: justify;\">Mas o assunto aqui \u00e9 n\u00e3o a lombada, mas a forma como foi sinalizada, ou seja, ningu\u00e9m est\u00e1 preocupado com a seguran\u00e7a dos motoristas, motociclistas e ciclistas. Pois a placa \u00e9 recente e est\u00e1 colocada exatamente atr\u00e1s de uma \u00e1rvore.<\/p>\n<p style=\"text-align: justify;\">No m\u00ednimo tinham que cortar o galho da \u00e1rvore ou colocar a placa na frente dela. Ser\u00e1 que \u00e9 t\u00e3o dif\u00edcil pensar?<\/p>\n<p style=\"text-align: justify;\">Durante o dia at\u00e9 que d\u00e1 para ver, por\u00e9m a noite \u00e9 praticamente imposs\u00edvel. Seria interessante a Secretaria de Obras e Assuntos Vi\u00e1rios dar uma passada pelo local e resolver a situa\u00e7\u00e3o, antes que algum acidente aconte\u00e7a.<\/p>\n<p><img loading=\"lazy\" decoding=\"async\" class=\"alignnone size-full wp-image-31372\" src=\"https:\/\/jorgezanoni.com.br\/2019\/wp-content\/uploads\/2020\/07\/placa2.jpg\" alt=\"\" width=\"581\" height=\"1032\" srcset=\"https:\/\/jorgezanoni.com.br\/2019\/wp-content\/uploads\/2020\/07\/placa2.jpg 581w, https:\/\/jorgezanoni.com.br\/2019\/wp-content\/uploads\/2020\/07\/placa2-169x300.jpg 169w, https:\/\/jorgezanoni.com.br\/2019\/wp-content\/uploads\/2020\/07\/placa2-576x1024.jpg 576w, https:\/\/jorgezanoni.com.br\/2019\/wp-content\/uploads\/2020\/07\/placa2-236x420.jpg 236w\" sizes=\"auto, (max-width: 581px) 100vw, 581px\" \/> <img loading=\"lazy\" decoding=\"async\" class=\"alignnone size-full wp-image-31374\" src=\"https:\/\/jorgezanoni.com.br\/2019\/wp-content\/uploads\/2020\/07\/plca1.jpg\" alt=\"\" width=\"581\" height=\"1032\" srcset=\"https:\/\/jorgezanoni.com.br\/2019\/wp-content\/uploads\/2020\/07\/plca1.jpg 581w, https:\/\/jorgezanoni.com.br\/2019\/wp-content\/uploads\/2020\/07\/plca1-169x300.jpg 169w, https:\/\/jorgezanoni.com.br\/2019\/wp-content\/uploads\/2020\/07\/plca1-576x1024.jpg 576w, https:\/\/jorgezanoni.com.br\/2019\/wp-content\/uploads\/2020\/07\/plca1-236x420.jpg 236w\" sizes=\"auto, (max-width: 581px) 100vw, 581px\" \/><\/p>\n<p style=\"text-align: justify;\">Jorge Zanoni<\/p>\n<p style=\"text-align: justify;\">Fotos de Internauta<\/p>\n","protected":false},"excerpt":{"rendered":"<p>Foi constru\u00edda uma lombada na Rua Monte Castelo, pr\u00f3ximo da esquina com a Rua Nossa Senhora Aparecida. Em que pese a cidade estar virando um festival de lombada (somos contra), achamos que s\u00f3 pr\u00f3ximo a Escolas, Igrejas e Hospitais que deveria existir. Tem que haver educa\u00e7\u00e3o e puni\u00e7\u00e3o aos maus motoristas, n\u00e3o generalizar. Mas o [&hellip;]<\/p>\n","protected":false},"author":1,"featured_media":31371,"comment_status":"closed","ping_status":"open","sticky":false,"template":"","format":"standard","meta":{"footnotes":""},"categories":[179,184,110],"tags":[],"class_list":["post-31370","post","type-post","status-publish","format-standard","has-post-thumbnail","hentry","category-cidadeseregiao","category-dracena","category-noticiasdestaque"],"_links":{"self":[{"href":"https:\/\/jorgezanoni.com.br\/2019\/wp-json\/wp\/v2\/posts\/31370","targetHints":{"allow":["GET"]}}],"collection":[{"href":"https:\/\/jorgezanoni.com.br\/2019\/wp-json\/wp\/v2\/posts"}],"about":[{"href":"https:\/\/jorgezanoni.com.br\/2019\/wp-json\/wp\/v2\/types\/post"}],"author":[{"embeddable":true,"href":"https:\/\/jorgezanoni.com.br\/2019\/wp-json\/wp\/v2\/users\/1"}],"replies":[{"embeddable":true,"href":"https:\/\/jorgezanoni.com.br\/2019\/wp-json\/wp\/v2\/comments?post=31370"}],"version-history":[{"count":0,"href":"https:\/\/jorgezanoni.com.br\/2019\/wp-json\/wp\/v2\/posts\/31370\/revisions"}],"wp:featuredmedia":[{"embeddable":true,"href":"https:\/\/jorgezanoni.com.br\/2019\/wp-json\/wp\/v2\/media\/31371"}],"wp:attachment":[{"href":"https:\/\/jorgezanoni.com.br\/2019\/wp-json\/wp\/v2\/media?parent=31370"}],"wp:term":[{"taxonomy":"category","embeddable":true,"href":"https:\/\/jorgezanoni.com.br\/2019\/wp-json\/wp\/v2\/categories?post=31370"},{"taxonomy":"post_tag","embeddable":true,"href":"https:\/\/jorgezanoni.com.br\/2019\/wp-json\/wp\/v2\/tags?post=31370"}],"curies":[{"name":"wp","href":"https:\/\/api.w.org\/{rel}","templated":true}]}}