{"id":31333,"date":"2020-07-24T01:52:44","date_gmt":"2020-07-24T01:52:44","guid":{"rendered":"https:\/\/jorgezanoni.com.br\/2019\/?p=31333"},"modified":"2020-07-24T01:52:44","modified_gmt":"2020-07-24T01:52:44","slug":"incendio-destroi-carro-em-adamantina","status":"publish","type":"post","link":"https:\/\/jorgezanoni.com.br\/2019\/incendio-destroi-carro-em-adamantina\/","title":{"rendered":"Inc\u00eandio destr\u00f3i carro em Adamantina"},"content":{"rendered":"<p style=\"text-align: justify;\">Um ve\u00edculo ficou destru\u00eddo em decorr\u00eancia de um inc\u00eandio ocorrido por volta das 14 desta quinta-feira (23) em Adamantina.<\/p>\n<p style=\"text-align: justify;\">O Corpo de Bombeiros informou que o sinistro ocorreu no Residencial San Miguel I.<\/p>\n<p style=\"text-align: justify;\"><img decoding=\"async\" class=\"aligncenter jetpack-lazy-image jetpack-lazy-image--handled\" src=\"https:\/\/i2.wp.com\/www.sigamais.com\/arquivo\/noticia\/thumb600x0\/img9555jpg15955256725f19ca287dc58.JPG?w=740&amp;ssl=1\" alt=\"Bombeiros conclu\u00edram combate \u00e0s chamas (Foto: Siga Mais).\" data-recalc-dims=\"1\" data-lazy-loaded=\"1\" \/><\/p>\n<p style=\"text-align: justify;\">Relatos de moradores das imedia\u00e7\u00f5es d\u00e3o conta de que uma explos\u00e3o ocorreu antes das chamas e que posteriormente o carro foi tomado pelo fogo.<\/p>\n<p style=\"text-align: justify;\">Antecedendo a chegada do Corpo de Bombeiros, moradores iniciaram o combate \u00e0s chamas com mangueiras na tentativa de conter o inc\u00eandio.<\/p>\n<p style=\"text-align: justify;\"><img loading=\"lazy\" decoding=\"async\" class=\"aligncenter jetpack-lazy-image jetpack-lazy-image--handled\" src=\"https:\/\/i2.wp.com\/www.sigamais.com\/arquivo\/uploads\/img9537jpg15955257425f19ca6e0525c.jpg?resize=581%2C327&amp;ssl=1\" width=\"581\" height=\"327\" data-recalc-dims=\"1\" data-lazy-loaded=\"1\" \/><\/p>\n<p style=\"text-align: justify;\">Apesar de todo o esfor\u00e7o, o Fiat Uno ficou quase que inteiramente destru\u00eddo.<\/p>\n<p style=\"text-align: justify;\">Ainda segundo os Bombeiros, n\u00e3o houve o registro de pessoas feridas. As causas ainda s\u00e3o desconhecidas.<\/p>\n<p>Fonte: adamantinanet.com.br<\/p>\n","protected":false},"excerpt":{"rendered":"<p>Um ve\u00edculo ficou destru\u00eddo em decorr\u00eancia de um inc\u00eandio ocorrido por volta das 14 desta quinta-feira (23) em Adamantina. O Corpo de Bombeiros informou que o sinistro ocorreu no Residencial San Miguel I. Relatos de moradores das imedia\u00e7\u00f5es d\u00e3o conta de que uma explos\u00e3o ocorreu antes das chamas e que posteriormente o carro foi tomado [&hellip;]<\/p>\n","protected":false},"author":1,"featured_media":31334,"comment_status":"closed","ping_status":"open","sticky":false,"template":"","format":"standard","meta":{"footnotes":""},"categories":[110,2],"tags":[],"class_list":["post-31333","post","type-post","status-publish","format-standard","has-post-thumbnail","hentry","category-noticiasdestaque","category-policial"],"_links":{"self":[{"href":"https:\/\/jorgezanoni.com.br\/2019\/wp-json\/wp\/v2\/posts\/31333","targetHints":{"allow":["GET"]}}],"collection":[{"href":"https:\/\/jorgezanoni.com.br\/2019\/wp-json\/wp\/v2\/posts"}],"about":[{"href":"https:\/\/jorgezanoni.com.br\/2019\/wp-json\/wp\/v2\/types\/post"}],"author":[{"embeddable":true,"href":"https:\/\/jorgezanoni.com.br\/2019\/wp-json\/wp\/v2\/users\/1"}],"replies":[{"embeddable":true,"href":"https:\/\/jorgezanoni.com.br\/2019\/wp-json\/wp\/v2\/comments?post=31333"}],"version-history":[{"count":0,"href":"https:\/\/jorgezanoni.com.br\/2019\/wp-json\/wp\/v2\/posts\/31333\/revisions"}],"wp:featuredmedia":[{"embeddable":true,"href":"https:\/\/jorgezanoni.com.br\/2019\/wp-json\/wp\/v2\/media\/31334"}],"wp:attachment":[{"href":"https:\/\/jorgezanoni.com.br\/2019\/wp-json\/wp\/v2\/media?parent=31333"}],"wp:term":[{"taxonomy":"category","embeddable":true,"href":"https:\/\/jorgezanoni.com.br\/2019\/wp-json\/wp\/v2\/categories?post=31333"},{"taxonomy":"post_tag","embeddable":true,"href":"https:\/\/jorgezanoni.com.br\/2019\/wp-json\/wp\/v2\/tags?post=31333"}],"curies":[{"name":"wp","href":"https:\/\/api.w.org\/{rel}","templated":true}]}}