{"id":31330,"date":"2020-07-24T01:26:05","date_gmt":"2020-07-24T01:26:05","guid":{"rendered":"https:\/\/jorgezanoni.com.br\/2019\/?p=31330"},"modified":"2020-07-24T01:26:05","modified_gmt":"2020-07-24T01:26:05","slug":"van-com-pacientes-de-pacaembu-se-envolve-em-acidente-na-sp-294","status":"publish","type":"post","link":"https:\/\/jorgezanoni.com.br\/2019\/van-com-pacientes-de-pacaembu-se-envolve-em-acidente-na-sp-294\/","title":{"rendered":"Van com pacientes de Pacaembu se envolve em acidente na SP-294"},"content":{"rendered":"<p style=\"text-align: justify;\">Uma van do Setor de Sa\u00fade da Prefeitura de Pacaembu que transportava pacientes se envolveu em um acidente na Rodovia Comandante Jo\u00e3o Ribeiro de Barros \u2013 (SP-294) na noite desta quinta-feira (23).<\/p>\n<p>Segundo as primeiras informa\u00e7\u00f5es obtidas pelo n\u00facleo de jornalismo do jornal e site Folha Regional, o acidente ocorreu no km 575 da referida rodovia, no trecho pertencente ao munic\u00edpio de Osvaldo Cruz.<\/p>\n<p>Consta ainda que os ve\u00edculos seguiam pela rodovia no sentido Osvaldo Cruz | In\u00fabia Paulista, quando por motivos ainda desconhecidos, ocorreu o choque traseiro entre ambos. O local em que o acidente foi registrado est\u00e1 funcionando em sistema de PARE | SIGA, a van teria colidido na traseira do ve\u00edculo, cuja propriet\u00e1ria relatou que n\u00e3o havia obtido \u00eaxito em se deslocar com o carro.<\/p>\n<p>Apesar do susto, segundo a Pol\u00edcia Rodovi\u00e1ria \u2013 Base Operacional de Adamantina, n\u00e3o houve o registro de feridos.<\/p>\n<p style=\"text-align: justify;\">Fonte: Folha Regional<\/p>\n<p style=\"text-align: justify;\">\n","protected":false},"excerpt":{"rendered":"<p>Uma van do Setor de Sa\u00fade da Prefeitura de Pacaembu que transportava pacientes se envolveu em um acidente na Rodovia Comandante Jo\u00e3o Ribeiro de Barros \u2013 (SP-294) na noite desta quinta-feira (23). Segundo as primeiras informa\u00e7\u00f5es obtidas pelo n\u00facleo de jornalismo do jornal e site Folha Regional, o acidente ocorreu no km 575 da referida [&hellip;]<\/p>\n","protected":false},"author":1,"featured_media":31331,"comment_status":"closed","ping_status":"open","sticky":false,"template":"","format":"standard","meta":{"footnotes":""},"categories":[170,110],"tags":[],"class_list":["post-31330","post","type-post","status-publish","format-standard","has-post-thumbnail","hentry","category-acidentes","category-noticiasdestaque"],"_links":{"self":[{"href":"https:\/\/jorgezanoni.com.br\/2019\/wp-json\/wp\/v2\/posts\/31330","targetHints":{"allow":["GET"]}}],"collection":[{"href":"https:\/\/jorgezanoni.com.br\/2019\/wp-json\/wp\/v2\/posts"}],"about":[{"href":"https:\/\/jorgezanoni.com.br\/2019\/wp-json\/wp\/v2\/types\/post"}],"author":[{"embeddable":true,"href":"https:\/\/jorgezanoni.com.br\/2019\/wp-json\/wp\/v2\/users\/1"}],"replies":[{"embeddable":true,"href":"https:\/\/jorgezanoni.com.br\/2019\/wp-json\/wp\/v2\/comments?post=31330"}],"version-history":[{"count":0,"href":"https:\/\/jorgezanoni.com.br\/2019\/wp-json\/wp\/v2\/posts\/31330\/revisions"}],"wp:featuredmedia":[{"embeddable":true,"href":"https:\/\/jorgezanoni.com.br\/2019\/wp-json\/wp\/v2\/media\/31331"}],"wp:attachment":[{"href":"https:\/\/jorgezanoni.com.br\/2019\/wp-json\/wp\/v2\/media?parent=31330"}],"wp:term":[{"taxonomy":"category","embeddable":true,"href":"https:\/\/jorgezanoni.com.br\/2019\/wp-json\/wp\/v2\/categories?post=31330"},{"taxonomy":"post_tag","embeddable":true,"href":"https:\/\/jorgezanoni.com.br\/2019\/wp-json\/wp\/v2\/tags?post=31330"}],"curies":[{"name":"wp","href":"https:\/\/api.w.org\/{rel}","templated":true}]}}