{"id":31327,"date":"2020-07-24T01:12:37","date_gmt":"2020-07-24T01:12:37","guid":{"rendered":"https:\/\/jorgezanoni.com.br\/2019\/?p=31327"},"modified":"2020-07-24T01:12:37","modified_gmt":"2020-07-24T01:12:37","slug":"acidente-entre-caminhao-canavieiro-e-picape-na-sp-294-ha-poucos-instantes","status":"publish","type":"post","link":"https:\/\/jorgezanoni.com.br\/2019\/acidente-entre-caminhao-canavieiro-e-picape-na-sp-294-ha-poucos-instantes\/","title":{"rendered":"Acidente entre caminh\u00e3o canavieiro e picape na SP-294 h\u00e1 poucos instantes"},"content":{"rendered":"<p style=\"text-align: justify;\">Um acidente automobil\u00edstico envolvendo um caminh\u00e3o carregado com cana e uma picape acaba de ocorrer na Rodovia Comandante Jo\u00e3o Ribeiro de Barros.<\/p>\n<p>Segundo as primeiras informa\u00e7\u00f5es obtidas pelo n\u00facleo de jornalismo do jornal e site Folha Regional, o acidente teria ocorrido entre os munic\u00edpios de Luc\u00e9lia e In\u00fabia Paulista, no trecho em que est\u00e1 localizada uma balan\u00e7a de pesagem \u00e0s margens da rodovia.<\/p>\n<p>Informa\u00e7\u00f5es iniciais d\u00e3o conta de que o caminh\u00e3o canavieiro teria adentrado a rodovia quando houve a colis\u00e3o com a picape que trafegava no local.<\/p>\n<p>Nossa reportagem entrou em contato com a Pol\u00edcia Militar Rodovi\u00e1ria que atende este acidente e que informou que apesar dos danos materiais causados no ve\u00edculo utilit\u00e1rio, n\u00e3o houve nenhum ferido grave.<\/p>\n<p style=\"text-align: justify;\">Continuamos acompanhando esta ocorr\u00eancia com o acr\u00e9scimo de informa\u00e7\u00f5es e atualiza\u00e7\u00e3o desta mat\u00e9ria a qualquer momento.<\/p>\n<p style=\"text-align: justify;\">Fonte: Folha Regional<\/p>\n","protected":false},"excerpt":{"rendered":"<p>Um acidente automobil\u00edstico envolvendo um caminh\u00e3o carregado com cana e uma picape acaba de ocorrer na Rodovia Comandante Jo\u00e3o Ribeiro de Barros. Segundo as primeiras informa\u00e7\u00f5es obtidas pelo n\u00facleo de jornalismo do jornal e site Folha Regional, o acidente teria ocorrido entre os munic\u00edpios de Luc\u00e9lia e In\u00fabia Paulista, no trecho em que est\u00e1 localizada [&hellip;]<\/p>\n","protected":false},"author":1,"featured_media":31328,"comment_status":"closed","ping_status":"open","sticky":false,"template":"","format":"standard","meta":{"footnotes":""},"categories":[170,110],"tags":[],"class_list":["post-31327","post","type-post","status-publish","format-standard","has-post-thumbnail","hentry","category-acidentes","category-noticiasdestaque"],"_links":{"self":[{"href":"https:\/\/jorgezanoni.com.br\/2019\/wp-json\/wp\/v2\/posts\/31327","targetHints":{"allow":["GET"]}}],"collection":[{"href":"https:\/\/jorgezanoni.com.br\/2019\/wp-json\/wp\/v2\/posts"}],"about":[{"href":"https:\/\/jorgezanoni.com.br\/2019\/wp-json\/wp\/v2\/types\/post"}],"author":[{"embeddable":true,"href":"https:\/\/jorgezanoni.com.br\/2019\/wp-json\/wp\/v2\/users\/1"}],"replies":[{"embeddable":true,"href":"https:\/\/jorgezanoni.com.br\/2019\/wp-json\/wp\/v2\/comments?post=31327"}],"version-history":[{"count":0,"href":"https:\/\/jorgezanoni.com.br\/2019\/wp-json\/wp\/v2\/posts\/31327\/revisions"}],"wp:featuredmedia":[{"embeddable":true,"href":"https:\/\/jorgezanoni.com.br\/2019\/wp-json\/wp\/v2\/media\/31328"}],"wp:attachment":[{"href":"https:\/\/jorgezanoni.com.br\/2019\/wp-json\/wp\/v2\/media?parent=31327"}],"wp:term":[{"taxonomy":"category","embeddable":true,"href":"https:\/\/jorgezanoni.com.br\/2019\/wp-json\/wp\/v2\/categories?post=31327"},{"taxonomy":"post_tag","embeddable":true,"href":"https:\/\/jorgezanoni.com.br\/2019\/wp-json\/wp\/v2\/tags?post=31327"}],"curies":[{"name":"wp","href":"https:\/\/api.w.org\/{rel}","templated":true}]}}