{"id":31324,"date":"2020-07-24T00:35:09","date_gmt":"2020-07-24T00:35:09","guid":{"rendered":"https:\/\/jorgezanoni.com.br\/2019\/?p=31324"},"modified":"2020-07-24T00:35:09","modified_gmt":"2020-07-24T00:35:09","slug":"garotinha-alicia-deixa-a-uti-do-hospital-santo-antonio-em-porto-alegre-rs","status":"publish","type":"post","link":"https:\/\/jorgezanoni.com.br\/2019\/garotinha-alicia-deixa-a-uti-do-hospital-santo-antonio-em-porto-alegre-rs\/","title":{"rendered":"Garotinha Al\u00edcia deixa a UTI do Hospital Santo Ant\u00f4nio em Porto Alegre\/RS"},"content":{"rendered":"<p style=\"text-align: justify;\">MAIS NOT\u00cdCIAS ALICIA&#8230;(BOAS)<\/p>\n<p style=\"text-align: justify;\">Hoje nossa guerreira deixou a UTI \ud83e\udd17\ud83d\ude07<br \/>\nAinda est\u00e1 muito fraquinha (n\u00e3o \u00e9 pra menos), mas com NOSSAS PRECES e BOAS VIBRA\u00c7\u00d5ES ela ter\u00e1 mais for\u00e7a para continuar lutando\ud83d\udcaa.<\/p>\n<p style=\"text-align: justify;\">Agrade\u00e7o novamente a todos que est\u00e3o rezando por ela e toda fam\u00edlia;<br \/>\nN\u00e3o poderia deixar de agradecer tamb\u00e9m a todos que colaboraram e est\u00e3o colaborando de alguma forma(passagem, vaquinha&#8230;).<\/p>\n<p style=\"text-align: justify;\">Que nossa pequena possa estar em prote\u00e7\u00e3o divina!<\/p>\n<p style=\"text-align: justify;\">Abaixo segue o link da vaquinha virtual de Alicia, para quem desejar ajudar:<br \/>\nhttp:\/\/vaka.me\/1029941<\/p>\n<p style=\"text-align: justify;\">&#8220;Amar e ajudar o pr\u00f3ximo \u00e9 servir a Deus e usar s Sua palavra para tornar este mundo melhor&#8221;<\/p>\n<p style=\"text-align: justify;\">QUE DEUS VOS ABEN\u00c7OE!<\/p>\n","protected":false},"excerpt":{"rendered":"<p>MAIS NOT\u00cdCIAS ALICIA&#8230;(BOAS) Hoje nossa guerreira deixou a UTI \ud83e\udd17\ud83d\ude07 Ainda est\u00e1 muito fraquinha (n\u00e3o \u00e9 pra menos), mas com NOSSAS PRECES e BOAS VIBRA\u00c7\u00d5ES ela ter\u00e1 mais for\u00e7a para continuar lutando\ud83d\udcaa. Agrade\u00e7o novamente a todos que est\u00e3o rezando por ela e toda fam\u00edlia; N\u00e3o poderia deixar de agradecer tamb\u00e9m a todos que colaboraram e [&hellip;]<\/p>\n","protected":false},"author":1,"featured_media":31325,"comment_status":"closed","ping_status":"open","sticky":false,"template":"","format":"standard","meta":{"footnotes":""},"categories":[110,118],"tags":[],"class_list":["post-31324","post","type-post","status-publish","format-standard","has-post-thumbnail","hentry","category-noticiasdestaque","category-religiaoesolidariedade"],"_links":{"self":[{"href":"https:\/\/jorgezanoni.com.br\/2019\/wp-json\/wp\/v2\/posts\/31324","targetHints":{"allow":["GET"]}}],"collection":[{"href":"https:\/\/jorgezanoni.com.br\/2019\/wp-json\/wp\/v2\/posts"}],"about":[{"href":"https:\/\/jorgezanoni.com.br\/2019\/wp-json\/wp\/v2\/types\/post"}],"author":[{"embeddable":true,"href":"https:\/\/jorgezanoni.com.br\/2019\/wp-json\/wp\/v2\/users\/1"}],"replies":[{"embeddable":true,"href":"https:\/\/jorgezanoni.com.br\/2019\/wp-json\/wp\/v2\/comments?post=31324"}],"version-history":[{"count":0,"href":"https:\/\/jorgezanoni.com.br\/2019\/wp-json\/wp\/v2\/posts\/31324\/revisions"}],"wp:featuredmedia":[{"embeddable":true,"href":"https:\/\/jorgezanoni.com.br\/2019\/wp-json\/wp\/v2\/media\/31325"}],"wp:attachment":[{"href":"https:\/\/jorgezanoni.com.br\/2019\/wp-json\/wp\/v2\/media?parent=31324"}],"wp:term":[{"taxonomy":"category","embeddable":true,"href":"https:\/\/jorgezanoni.com.br\/2019\/wp-json\/wp\/v2\/categories?post=31324"},{"taxonomy":"post_tag","embeddable":true,"href":"https:\/\/jorgezanoni.com.br\/2019\/wp-json\/wp\/v2\/tags?post=31324"}],"curies":[{"name":"wp","href":"https:\/\/api.w.org\/{rel}","templated":true}]}}