{"id":31301,"date":"2020-07-23T16:13:47","date_gmt":"2020-07-23T16:13:47","guid":{"rendered":"https:\/\/jorgezanoni.com.br\/2019\/?p=31301"},"modified":"2020-07-23T16:13:47","modified_gmt":"2020-07-23T16:13:47","slug":"dia-do-policial-rodoviario-e-comemorado-hoje","status":"publish","type":"post","link":"https:\/\/jorgezanoni.com.br\/2019\/dia-do-policial-rodoviario-e-comemorado-hoje\/","title":{"rendered":"Dia do Policial Rodovi\u00e1rio \u00e9 comemorado hoje"},"content":{"rendered":"<p style=\"text-align: justify;\"><strong>O\u00a0Dia do Guarda Rodovi\u00e1rio\u00a0\u00e9 comemorado em\u00a023 de julho.<\/strong><\/p>\n<p style=\"text-align: justify;\">Tamb\u00e9m conhecido como Dia do Policial Rodovi\u00e1rio, esta data homenageia os policiais que s\u00e3o respons\u00e1veis em garantir a tranquilidade e seguran\u00e7a de milhares de pessoas que utilizam diariamente as vias rodovi\u00e1rias para se locomover.<\/p>\n<h2 style=\"text-align: justify;\">Origem do Dia do Guarda Rodovi\u00e1rio<\/h2>\n<p style=\"text-align: justify;\">A escolha do dia 23 de julho para celebrar o Dia do Guarda Rodovi\u00e1rio recorda a data de cria\u00e7\u00e3o do primeiro quadro de profissionais da Policia Rodovi\u00e1ria Federal (PRF), em 23 de julho de 1935, conhecidos como \u201cinspetores de tr\u00e1fego\u201d.<\/p>\n<p style=\"text-align: justify;\">Ant\u00f4nio Felix Filho, conhecido como &#8220;Turquinho&#8221;, foi o primeiro patrulheiro rodovi\u00e1rio federal. Em 1935, seu trabalho era vigiar as rodovias Rio-Petr\u00f3polis, Rio-S\u00e3o Paulo e Uni\u00e3o Ind\u00fastria.<\/p>\n<p style=\"text-align: justify;\">Inicialmente, a Pol\u00edcia Rodovi\u00e1ria Federal era chamada de \u201cPol\u00edcia das Estradas\u201d, grupo criado pelo governo Washington Lu\u00eds, em 24 de julho de 1928.<\/p>\n<p style=\"text-align: justify;\"><img loading=\"lazy\" decoding=\"async\" src=\"https:\/\/s.calendarr.com\/upload\/datas\/po\/li\/policia-rodoviaria-federal_c.jpg\" alt=\"Policial Rodovi\u00e1rio Federal em servi\u00e7o\" width=\"655\" height=\"361\" \/><\/p>\n<h2 style=\"text-align: justify;\">O que faz o Guarda Rodovi\u00e1rio?<\/h2>\n<p style=\"text-align: justify;\">Os guardas rodovi\u00e1rios trabalham sob a jurisdi\u00e7\u00e3o da Pol\u00edcia Rodovi\u00e1ria Federal, atuando em todos os estados brasileiros.<\/p>\n<p style=\"text-align: justify;\">Al\u00e9m de fiscalizar as principais rodovias e estradas, os guardas rodovi\u00e1rios ainda promovem atividades que visam a conscientiza\u00e7\u00e3o dos motoristas sobre a import\u00e2ncia de seguirem todas as normas de seguran\u00e7a no tr\u00e2nsito.<\/p>\n<p style=\"text-align: justify;\">Esse profissional da seguran\u00e7a p\u00fablica tamb\u00e9m \u00e9 respons\u00e1vel por controlar cargas nas fronteiras e, assim, trabalha no controle de contrabandos.<\/p>\n<p style=\"text-align: justify;\">Fonte: https:\/\/www.calendarr.com\/brasil\/dia-do-guarda-rodoviario\/<\/p>\n<p style=\"text-align: justify;\">A Regi\u00e3o da Nova Alta Paulista de Parapu\u00e3 a Panorama entre os rios Aguape\u00ed (feio) e Peixe, \u00e9 atendida pela Base Operacional de Adamantina, que fica na Rodovia Comandante Jo\u00e3o Ribeiro de Barros, no Km. 590,1 da SP-294, pertencendo ao OPM: 2\u00ba BPRv &#8211; 2\u00aa Cia. O atendimento \u00e9 feito nas rodovias SP-294, SP-425, SP-563 e diversas rodovias vicinais que ligam a Nova Alta Paulista \u00e0 Noroeste e Sorocabana. O Fone da base \u00e9 o (18) 3521-1240.<\/p>\n<p><img loading=\"lazy\" decoding=\"async\" class=\"size-full wp-image-31302\" src=\"https:\/\/jorgezanoni.com.br\/2019\/wp-content\/uploads\/2020\/07\/base-adamantina.jpg\" alt=\"\" width=\"768\" height=\"768\" srcset=\"https:\/\/jorgezanoni.com.br\/2019\/wp-content\/uploads\/2020\/07\/base-adamantina.jpg 768w, https:\/\/jorgezanoni.com.br\/2019\/wp-content\/uploads\/2020\/07\/base-adamantina-300x300.jpg 300w, https:\/\/jorgezanoni.com.br\/2019\/wp-content\/uploads\/2020\/07\/base-adamantina-150x150.jpg 150w, https:\/\/jorgezanoni.com.br\/2019\/wp-content\/uploads\/2020\/07\/base-adamantina-696x696.jpg 696w, https:\/\/jorgezanoni.com.br\/2019\/wp-content\/uploads\/2020\/07\/base-adamantina-420x420.jpg 420w\" sizes=\"auto, (max-width: 768px) 100vw, 768px\" \/><\/p>\n<p style=\"text-align: justify;\">Base Operacional de Adamantina na SP-294 entre as cidade de Adamantina e Luc\u00e9lia. Foto Arquivo<\/p>\n<p style=\"text-align: justify;\">Dracena possu\u00eda uma Base no trevo principal da cidade na conflu\u00eancia da SP-294 com a Avenida Washington Luiz, (principal entrada da cidade na \u00e9poca), por\u00e9m com a constru\u00e7\u00e3o da nova rodovia, al\u00e9m de perder a base que foi prometida ser constru\u00edda em frente a Balan\u00e7a e ao lado do atual Ponto de Apoio da Concession\u00e1ria Eixo, at\u00e9 hoje n\u00e3o saiu do papel, por entraves burocr\u00e1ticos e pol\u00edticos. O trevo principal de Dracena, al\u00e9m de contar com uma Base que era refer\u00eancia em toda a regi\u00e3o, ainda tinha canteiros com plantas e flores que encantavam a todos que passavam pela rodovia ou entravam na cidade.<\/p>\n<p style=\"text-align: justify;\">Jorge Zanoni<\/p>\n<p><img loading=\"lazy\" decoding=\"async\" class=\"alignnone size-full wp-image-31303\" src=\"https:\/\/jorgezanoni.com.br\/2019\/wp-content\/uploads\/2020\/07\/base.jpg\" alt=\"\" width=\"1024\" height=\"430\" srcset=\"https:\/\/jorgezanoni.com.br\/2019\/wp-content\/uploads\/2020\/07\/base.jpg 1024w, https:\/\/jorgezanoni.com.br\/2019\/wp-content\/uploads\/2020\/07\/base-300x126.jpg 300w, https:\/\/jorgezanoni.com.br\/2019\/wp-content\/uploads\/2020\/07\/base-768x323.jpg 768w, https:\/\/jorgezanoni.com.br\/2019\/wp-content\/uploads\/2020\/07\/base-696x292.jpg 696w, https:\/\/jorgezanoni.com.br\/2019\/wp-content\/uploads\/2020\/07\/base-1000x420.jpg 1000w\" sizes=\"auto, (max-width: 1024px) 100vw, 1024px\" \/>Base Operacional de Dracena quando ainda estava em funcionamento. Foto Arquivo<\/p>\n<p><img loading=\"lazy\" decoding=\"async\" class=\"alignnone size-full wp-image-31306\" src=\"https:\/\/jorgezanoni.com.br\/2019\/wp-content\/uploads\/2020\/07\/base-abandonada.jpg\" alt=\"\" width=\"600\" height=\"400\" srcset=\"https:\/\/jorgezanoni.com.br\/2019\/wp-content\/uploads\/2020\/07\/base-abandonada.jpg 600w, https:\/\/jorgezanoni.com.br\/2019\/wp-content\/uploads\/2020\/07\/base-abandonada-300x200.jpg 300w\" sizes=\"auto, (max-width: 600px) 100vw, 600px\" \/><\/p>\n<p>Base como est\u00e1 atualmente, desativada e totalmente abandonada. Foto Arquivo<\/p>\n<p>&nbsp;<\/p>\n","protected":false},"excerpt":{"rendered":"<p>O\u00a0Dia do Guarda Rodovi\u00e1rio\u00a0\u00e9 comemorado em\u00a023 de julho. Tamb\u00e9m conhecido como Dia do Policial Rodovi\u00e1rio, esta data homenageia os policiais que s\u00e3o respons\u00e1veis em garantir a tranquilidade e seguran\u00e7a de milhares de pessoas que utilizam diariamente as vias rodovi\u00e1rias para se locomover. Origem do Dia do Guarda Rodovi\u00e1rio A escolha do dia 23 de julho [&hellip;]<\/p>\n","protected":false},"author":1,"featured_media":31304,"comment_status":"closed","ping_status":"open","sticky":false,"template":"","format":"standard","meta":{"footnotes":""},"categories":[110,2],"tags":[],"class_list":["post-31301","post","type-post","status-publish","format-standard","has-post-thumbnail","hentry","category-noticiasdestaque","category-policial"],"_links":{"self":[{"href":"https:\/\/jorgezanoni.com.br\/2019\/wp-json\/wp\/v2\/posts\/31301","targetHints":{"allow":["GET"]}}],"collection":[{"href":"https:\/\/jorgezanoni.com.br\/2019\/wp-json\/wp\/v2\/posts"}],"about":[{"href":"https:\/\/jorgezanoni.com.br\/2019\/wp-json\/wp\/v2\/types\/post"}],"author":[{"embeddable":true,"href":"https:\/\/jorgezanoni.com.br\/2019\/wp-json\/wp\/v2\/users\/1"}],"replies":[{"embeddable":true,"href":"https:\/\/jorgezanoni.com.br\/2019\/wp-json\/wp\/v2\/comments?post=31301"}],"version-history":[{"count":0,"href":"https:\/\/jorgezanoni.com.br\/2019\/wp-json\/wp\/v2\/posts\/31301\/revisions"}],"wp:featuredmedia":[{"embeddable":true,"href":"https:\/\/jorgezanoni.com.br\/2019\/wp-json\/wp\/v2\/media\/31304"}],"wp:attachment":[{"href":"https:\/\/jorgezanoni.com.br\/2019\/wp-json\/wp\/v2\/media?parent=31301"}],"wp:term":[{"taxonomy":"category","embeddable":true,"href":"https:\/\/jorgezanoni.com.br\/2019\/wp-json\/wp\/v2\/categories?post=31301"},{"taxonomy":"post_tag","embeddable":true,"href":"https:\/\/jorgezanoni.com.br\/2019\/wp-json\/wp\/v2\/tags?post=31301"}],"curies":[{"name":"wp","href":"https:\/\/api.w.org\/{rel}","templated":true}]}}