{"id":31298,"date":"2020-07-23T14:41:59","date_gmt":"2020-07-23T14:41:59","guid":{"rendered":"https:\/\/jorgezanoni.com.br\/2019\/?p=31298"},"modified":"2020-07-23T14:41:59","modified_gmt":"2020-07-23T14:41:59","slug":"santa-casa-de-dracena-registra-dois-obitos-por-covid-19-um-suspeito-e-outro-confirmado","status":"publish","type":"post","link":"https:\/\/jorgezanoni.com.br\/2019\/santa-casa-de-dracena-registra-dois-obitos-por-covid-19-um-suspeito-e-outro-confirmado\/","title":{"rendered":"Santa Casa de Dracena registra dois \u00f3bitos por COVID-19, um suspeito e outro confirmado"},"content":{"rendered":"<p style=\"text-align: justify;\">Nas \u00faltimas 24 Horas, a Santa Casa de Dracena registrou dois \u00f3bitos ligados a COVID-19.<\/p>\n<p style=\"text-align: justify;\">Um homem, paciente de 55 anos morador de Irapuru, faleceu ontem (22) \u00e0s 18:15 Horas.<\/p>\n<p style=\"text-align: justify;\">Na manh\u00e3 de hoje (23) \u00e0s 06:30 Horas faleceu uma mulher de 51 anos, moradora da cidade de Panorama. Ela testou positivo para o V\u00edrus.<\/p>\n<p style=\"text-align: justify;\">Jorge Zanoni<\/p>\n<p style=\"text-align: justify;\">Informa\u00e7\u00f5es fornecidas pela Santa Casa<\/p>\n","protected":false},"excerpt":{"rendered":"<p>Nas \u00faltimas 24 Horas, a Santa Casa de Dracena registrou dois \u00f3bitos ligados a COVID-19. Um homem, paciente de 55 anos morador de Irapuru, faleceu ontem (22) \u00e0s 18:15 Horas. Na manh\u00e3 de hoje (23) \u00e0s 06:30 Horas faleceu uma mulher de 51 anos, moradora da cidade de Panorama. Ela testou positivo para o V\u00edrus. [&hellip;]<\/p>\n","protected":false},"author":1,"featured_media":31299,"comment_status":"closed","ping_status":"open","sticky":false,"template":"","format":"standard","meta":{"footnotes":""},"categories":[178,110,122],"tags":[],"class_list":["post-31298","post","type-post","status-publish","format-standard","has-post-thumbnail","hentry","category-notadefalecimento","category-noticiasdestaque","category-saudeeducacaoeconcurso"],"_links":{"self":[{"href":"https:\/\/jorgezanoni.com.br\/2019\/wp-json\/wp\/v2\/posts\/31298","targetHints":{"allow":["GET"]}}],"collection":[{"href":"https:\/\/jorgezanoni.com.br\/2019\/wp-json\/wp\/v2\/posts"}],"about":[{"href":"https:\/\/jorgezanoni.com.br\/2019\/wp-json\/wp\/v2\/types\/post"}],"author":[{"embeddable":true,"href":"https:\/\/jorgezanoni.com.br\/2019\/wp-json\/wp\/v2\/users\/1"}],"replies":[{"embeddable":true,"href":"https:\/\/jorgezanoni.com.br\/2019\/wp-json\/wp\/v2\/comments?post=31298"}],"version-history":[{"count":0,"href":"https:\/\/jorgezanoni.com.br\/2019\/wp-json\/wp\/v2\/posts\/31298\/revisions"}],"wp:featuredmedia":[{"embeddable":true,"href":"https:\/\/jorgezanoni.com.br\/2019\/wp-json\/wp\/v2\/media\/31299"}],"wp:attachment":[{"href":"https:\/\/jorgezanoni.com.br\/2019\/wp-json\/wp\/v2\/media?parent=31298"}],"wp:term":[{"taxonomy":"category","embeddable":true,"href":"https:\/\/jorgezanoni.com.br\/2019\/wp-json\/wp\/v2\/categories?post=31298"},{"taxonomy":"post_tag","embeddable":true,"href":"https:\/\/jorgezanoni.com.br\/2019\/wp-json\/wp\/v2\/tags?post=31298"}],"curies":[{"name":"wp","href":"https:\/\/api.w.org\/{rel}","templated":true}]}}