{"id":31286,"date":"2020-07-23T13:39:36","date_gmt":"2020-07-23T13:39:36","guid":{"rendered":"https:\/\/jorgezanoni.com.br\/2019\/?p=31286"},"modified":"2020-07-23T13:42:20","modified_gmt":"2020-07-23T13:42:20","slug":"policias-rodoviarios-e-bombeiros-resgatam-onca-parda-provavel-vitima-de-atropelamento-na-sp-294","status":"publish","type":"post","link":"https:\/\/jorgezanoni.com.br\/2019\/policias-rodoviarios-e-bombeiros-resgatam-onca-parda-provavel-vitima-de-atropelamento-na-sp-294\/","title":{"rendered":"Policiais Rodovi\u00e1rios e bombeiros resgatam On\u00e7a-parda prov\u00e1vel v\u00edtima de atropelamento na SP-294"},"content":{"rendered":"<h2 class=\"content-head__subtitle\" style=\"text-align: justify;\"><strong>F\u00eamea adulta da esp\u00e9cie, que estava \u00e0s margens da Rodovia Comandante Jo\u00e3o Ribeiro de Barros, SP-294, em Santa Mercedes, deve receber os cuidados necess\u00e1rios na Associa\u00e7\u00e3o Protetora de Animais Silvestres de Assis.<\/strong><\/h2>\n<div style=\"width: 640px;\" class=\"wp-video\"><video class=\"wp-video-shortcode\" id=\"video-31286-1\" width=\"640\" height=\"352\" preload=\"metadata\" controls=\"controls\"><source type=\"video\/mp4\" src=\"https:\/\/jorgezanoni.com.br\/2019\/wp-content\/uploads\/2020\/07\/WhatsApp-Video-2020-07-23-at-07.00.51.mp4?_=1\" \/><a href=\"https:\/\/jorgezanoni.com.br\/2019\/wp-content\/uploads\/2020\/07\/WhatsApp-Video-2020-07-23-at-07.00.51.mp4\">https:\/\/jorgezanoni.com.br\/2019\/wp-content\/uploads\/2020\/07\/WhatsApp-Video-2020-07-23-at-07.00.51.mp4<\/a><\/video><\/div>\n<p>V\u00eddeo do resgate da On\u00e7a-parda. Pol\u00edcia Rodovi\u00e1ria<\/p>\n<div class=\"mc-column content-text active-extra-styles \" style=\"text-align: justify;\" data-block-type=\"unstyled\" data-block-weight=\"39\" data-block-id=\"2\">\n<p class=\"content-text__container \" data-track-category=\"Link no Texto\" data-track-links=\"\">Uma on\u00e7a-parda foi resgatada na madrugada desta quinta-feira (23) pelas pol\u00edcias Rodovi\u00e1ria e Ambiental e Corpo de Bombeiros na Rodovia Comandante Jo\u00e3o Ribeiro de Barros (SP-294), em\u00a0<a href=\"http:\/\/g1.globo.com\/sp\/presidente-prudente-regiao\/cidade\/santa-mercedes.html\">Santa Mercedes<\/a>. O felino, uma f\u00eamea adulta, foi v\u00edtima prov\u00e1vel de atropelamento.<\/p>\n<\/div>\n<div class=\"wall protected-content\">\n<div class=\"mc-column content-text active-extra-styles \" style=\"text-align: justify;\" data-block-type=\"unstyled\" data-block-weight=\"35\" data-block-id=\"3\">\n<p class=\"content-text__container \" data-track-category=\"Link no Texto\" data-track-links=\"\">A Pol\u00edcia Militar Rodovi\u00e1ria recebeu informa\u00e7\u00f5es de que no km 669,800 havia um animal silvestre atropelado. Uma equipe foi ao local e se deparou com um felino de grande porte \u00e0s margens da rodovia.<\/p>\n<\/div>\n<div class=\"row medium-uncollapsed content-media content-photo\" style=\"text-align: justify;\" data-block-type=\"backstage-photo\" data-block-id=\"4\">\n<div class=\"mc-column content-media__container\">\n<figure><img decoding=\"async\" class=\"i-amphtml-fill-content i-amphtml-replaced-content\" src=\"https:\/\/s2.glbimg.com\/E2kIZ19zZ4P3PwvwZDQ71TtXK7A=\/0x0:1280x960\/984x0\/smart\/filters:strip_icc()\/i.s3.glbimg.com\/v1\/AUTH_59edd422c0c84a879bd37670ae4f538a\/internal_photos\/bs\/2020\/D\/M\/cQyiqITJyskekSnhqiLQ\/whatsapp-image-2020-07-23-at-06.59.40.jpeg\" sizes=\"(max-width: 1242px) 648px, 100vw\" srcset=\"https:\/\/s2.glbimg.com\/4-3GeXjVHx1Zh0y-GyjRcin-BbE=\/0x0:1280x960\/1000x0\/smart\/filters:strip_icc()\/i.s3.glbimg.com\/v1\/AUTH_59edd422c0c84a879bd37670ae4f538a\/internal_photos\/bs\/2020\/D\/M\/cQyiqITJyskekSnhqiLQ\/whatsapp-image-2020-07-23-at-06.59.40.jpeg 1000w, https:\/\/s2.glbimg.com\/E2kIZ19zZ4P3PwvwZDQ71TtXK7A=\/0x0:1280x960\/984x0\/smart\/filters:strip_icc()\/i.s3.glbimg.com\/v1\/AUTH_59edd422c0c84a879bd37670ae4f538a\/internal_photos\/bs\/2020\/D\/M\/cQyiqITJyskekSnhqiLQ\/whatsapp-image-2020-07-23-at-06.59.40.jpeg 984w, https:\/\/s2.glbimg.com\/3Am-goUyHPi8UKiTomO1LpUQFJs=\/0x0:1280x960\/640x0\/smart\/filters:strip_icc()\/i.s3.glbimg.com\/v1\/AUTH_59edd422c0c84a879bd37670ae4f538a\/internal_photos\/bs\/2020\/D\/M\/cQyiqITJyskekSnhqiLQ\/whatsapp-image-2020-07-23-at-06.59.40.jpeg 640w, https:\/\/s2.glbimg.com\/Musi4PuhYkE20evB5nZBCd89Uzk=\/0x0:1280x960\/600x0\/smart\/filters:strip_icc()\/i.s3.glbimg.com\/v1\/AUTH_59edd422c0c84a879bd37670ae4f538a\/internal_photos\/bs\/2020\/D\/M\/cQyiqITJyskekSnhqiLQ\/whatsapp-image-2020-07-23-at-06.59.40.jpeg 600w\" alt=\"Felino foi imobilizado para ser encaminhado para a Apass de Assis \u2014 Foto: Pol\u00edcia Rodovi\u00e1ria\" \/><\/figure>\n<p class=\"content-media__description \">Felino foi imobilizado para ser encaminhado para a Apass de Assis \u2014 Foto: Pol\u00edcia Rodovi\u00e1ria<\/p>\n<\/div>\n<\/div>\n<div class=\"mc-column content-text active-extra-styles \" data-block-type=\"unstyled\" data-block-weight=\"33\" data-block-id=\"5\">\n<p class=\"content-text__container \" style=\"text-align: justify;\" data-track-category=\"Link no Texto\" data-track-links=\"\">Com cuidado, ao se aproximarem, os policiais perceberam que tratava-se de uma on\u00e7a-parda (<em>Puma concolor<\/em>). Com o aux\u00edlio da Equipe de Inspetores da Concession\u00e1ria Eixo-SP, o animal foi imobilizado com um camb\u00e3o.<\/p>\n<p class=\"content-text__container \" style=\"text-align: justify;\" data-track-category=\"Link no Texto\" data-track-links=\"\"><span style=\"font-family: inherit; font-size: inherit; font-style: inherit; font-variant-ligatures: inherit; font-variant-caps: inherit; font-weight: inherit; text-align: center;\">Ap\u00f3s conter o felino, a equipe do policiamento rodovi\u00e1rio constatou ser uma on\u00e7a-parda adulta, f\u00eamea, pesando aproximadamente 75 quilos, com les\u00f5es que indicavam um atropelamento, por\u00e9m, nenhum ve\u00edculo foi identificado no local.<\/span><\/p>\n<\/div>\n<div class=\"mc-column content-text active-extra-styles \" data-block-type=\"unstyled\" data-block-weight=\"21\" data-block-id=\"8\">\n<p class=\"content-text__container \" style=\"text-align: justify;\" data-track-category=\"Link no Texto\" data-track-links=\"\">Foi solicitado o apoio do Corpo de Bombeiros e, apesar de o animal estar agressivo, foi contido em uma gaiola.<\/p>\n<\/div>\n<div class=\"mc-column content-text active-extra-styles \" data-block-type=\"unstyled\" data-block-weight=\"22\" data-block-id=\"9\">\n<p class=\"content-text__container \" style=\"text-align: justify;\" data-track-category=\"Link no Texto\" data-track-links=\"\">A on\u00e7a foi encaminhada para a sede do Policiamento Ambiental e redirecionado para a Associa\u00e7\u00e3o Protetora de Animais Silvestres (Apass) de Assis.<\/p>\n<\/div>\n<div class=\"row medium-uncollapsed content-media content-photo\" data-block-type=\"backstage-photo\" data-block-id=\"10\">\n<div class=\"mc-column content-media__container\">\n<figure style=\"text-align: justify;\"><img decoding=\"async\" class=\"i-amphtml-fill-content i-amphtml-replaced-content\" src=\"https:\/\/s2.glbimg.com\/a7scj2lxkkCUFtsnoB49MfEGai4=\/0x0:1280x960\/984x0\/smart\/filters:strip_icc()\/i.s3.glbimg.com\/v1\/AUTH_59edd422c0c84a879bd37670ae4f538a\/internal_photos\/bs\/2020\/n\/9\/q2ds6aRhASSwsss3xj7w\/whatsapp-image-2020-07-23-at-06.59.30.jpeg\" sizes=\"(max-width: 1242px) 648px, 100vw\" srcset=\"https:\/\/s2.glbimg.com\/Us0FXHsGnLBBikWiRiehJDTOFnY=\/0x0:1280x960\/1000x0\/smart\/filters:strip_icc()\/i.s3.glbimg.com\/v1\/AUTH_59edd422c0c84a879bd37670ae4f538a\/internal_photos\/bs\/2020\/n\/9\/q2ds6aRhASSwsss3xj7w\/whatsapp-image-2020-07-23-at-06.59.30.jpeg 1000w, https:\/\/s2.glbimg.com\/a7scj2lxkkCUFtsnoB49MfEGai4=\/0x0:1280x960\/984x0\/smart\/filters:strip_icc()\/i.s3.glbimg.com\/v1\/AUTH_59edd422c0c84a879bd37670ae4f538a\/internal_photos\/bs\/2020\/n\/9\/q2ds6aRhASSwsss3xj7w\/whatsapp-image-2020-07-23-at-06.59.30.jpeg 984w, https:\/\/s2.glbimg.com\/4OVeBA--RDOFVnW5_fZBKWbTzuo=\/0x0:1280x960\/640x0\/smart\/filters:strip_icc()\/i.s3.glbimg.com\/v1\/AUTH_59edd422c0c84a879bd37670ae4f538a\/internal_photos\/bs\/2020\/n\/9\/q2ds6aRhASSwsss3xj7w\/whatsapp-image-2020-07-23-at-06.59.30.jpeg 640w, https:\/\/s2.glbimg.com\/EOc_anVz0AbojY5WE-hPWxvSGmo=\/0x0:1280x960\/600x0\/smart\/filters:strip_icc()\/i.s3.glbimg.com\/v1\/AUTH_59edd422c0c84a879bd37670ae4f538a\/internal_photos\/bs\/2020\/n\/9\/q2ds6aRhASSwsss3xj7w\/whatsapp-image-2020-07-23-at-06.59.30.jpeg 600w\" alt=\"Felino foi imobilizado para ser encaminhado para a Apass de Assis \u2014 Foto: Pol\u00edcia Rodovi\u00e1ria\" \/><\/figure>\n<p class=\"content-media__description \" style=\"text-align: justify;\">Felino foi imobilizado para ser encaminhado para a Apass de Assis \u2014 Foto: Pol\u00edcia Rodovi\u00e1ria<\/p>\n<p>Fonte: 2\u00aa Cia. PMR e G1<\/p>\n<\/div>\n<\/div>\n<\/div>\n","protected":false},"excerpt":{"rendered":"<p>F\u00eamea adulta da esp\u00e9cie, que estava \u00e0s margens da Rodovia Comandante Jo\u00e3o Ribeiro de Barros, SP-294, em Santa Mercedes, deve receber os cuidados necess\u00e1rios na Associa\u00e7\u00e3o Protetora de Animais Silvestres de Assis. V\u00eddeo do resgate da On\u00e7a-parda. Pol\u00edcia Rodovi\u00e1ria Uma on\u00e7a-parda foi resgatada na madrugada desta quinta-feira (23) pelas pol\u00edcias Rodovi\u00e1ria e Ambiental e Corpo [&hellip;]<\/p>\n","protected":false},"author":1,"featured_media":31288,"comment_status":"closed","ping_status":"open","sticky":false,"template":"","format":"video","meta":{"footnotes":""},"categories":[176,110,169],"tags":[],"class_list":["post-31286","post","type-post","status-publish","format-video","has-post-thumbnail","hentry","category-meioambienteeagricultura","category-noticiasdestaque","category-videos","post_format-post-format-video"],"_links":{"self":[{"href":"https:\/\/jorgezanoni.com.br\/2019\/wp-json\/wp\/v2\/posts\/31286","targetHints":{"allow":["GET"]}}],"collection":[{"href":"https:\/\/jorgezanoni.com.br\/2019\/wp-json\/wp\/v2\/posts"}],"about":[{"href":"https:\/\/jorgezanoni.com.br\/2019\/wp-json\/wp\/v2\/types\/post"}],"author":[{"embeddable":true,"href":"https:\/\/jorgezanoni.com.br\/2019\/wp-json\/wp\/v2\/users\/1"}],"replies":[{"embeddable":true,"href":"https:\/\/jorgezanoni.com.br\/2019\/wp-json\/wp\/v2\/comments?post=31286"}],"version-history":[{"count":0,"href":"https:\/\/jorgezanoni.com.br\/2019\/wp-json\/wp\/v2\/posts\/31286\/revisions"}],"wp:featuredmedia":[{"embeddable":true,"href":"https:\/\/jorgezanoni.com.br\/2019\/wp-json\/wp\/v2\/media\/31288"}],"wp:attachment":[{"href":"https:\/\/jorgezanoni.com.br\/2019\/wp-json\/wp\/v2\/media?parent=31286"}],"wp:term":[{"taxonomy":"category","embeddable":true,"href":"https:\/\/jorgezanoni.com.br\/2019\/wp-json\/wp\/v2\/categories?post=31286"},{"taxonomy":"post_tag","embeddable":true,"href":"https:\/\/jorgezanoni.com.br\/2019\/wp-json\/wp\/v2\/tags?post=31286"}],"curies":[{"name":"wp","href":"https:\/\/api.w.org\/{rel}","templated":true}]}}