{"id":3128,"date":"2019-08-09T17:25:53","date_gmt":"2019-08-09T17:25:53","guid":{"rendered":"https:\/\/jorgezanoni.com.br\/2019\/?p=3128"},"modified":"2019-08-09T17:42:06","modified_gmt":"2019-08-09T17:42:06","slug":"juiz-determina-que-lula-seja-transferido-para-presidio-em-tremembe-no-interior-de-sp-2","status":"publish","type":"post","link":"https:\/\/jorgezanoni.com.br\/2019\/juiz-determina-que-lula-seja-transferido-para-presidio-em-tremembe-no-interior-de-sp-2\/","title":{"rendered":"Juiz determina que Lula seja transferido para pres\u00eddio em Trememb\u00e9, no interior de SP"},"content":{"rendered":"<h2 class=\"content-head__subtitle\" style=\"text-align: justify;\"><strong>Penitenci\u00e1ria abriga presos que cometeram crimes de repercuss\u00e3o nacional, como Gil Rugai, Cristian Cravinhos e Mizael Bispo.<\/strong><\/h2>\n<div class=\"mc-column content-text active-extra-styles \" data-block-type=\"unstyled\" data-block-weight=\"40\" data-block-id=\"2\">\n<p class=\"content-text__container \" data-track-category=\"Link no Texto\" data-track-links=\"\">O juiz Paulo Eduardo de Almeida Sorci, da Justi\u00e7a estadual de S\u00e3o Paulo, determinou que o ex-presidente\u00a0<a href=\"https:\/\/g1.globo.com\/politica\/politico\/lula\/\">Luiz In\u00e1cio Lula da Silva<\/a>\u00a0(PT) cumpra pena no pres\u00eddio de Trememb\u00e9, no interior paulista. A data para a transfer\u00eancia n\u00e3o foi determinada.<\/p>\n<\/div>\n<div class=\"wall protected-content\">\n<div class=\"mc-column content-text active-extra-styles \" data-block-type=\"unstyled\" data-block-weight=\"50\" data-block-id=\"3\">\n<p class=\"content-text__container \" data-track-category=\"Link no Texto\" data-track-links=\"\">A decis\u00e3o do magistrado, que \u00e9 coordenador e corregedor do Departamento Estadual de Execu\u00e7\u00f5es Criminais de S\u00e3o Paulo, foi tomada horas depois de a ju\u00edza federal do Paran\u00e1 Carolina Lebbos\u00a0<a href=\"https:\/\/g1.globo.com\/pr\/parana\/noticia\/2019\/08\/07\/justica-autoriza-transferencia-de-lula-para-sao-paulo.ghtml\">determinar a transfer\u00eancia de Lula<\/a>\u00a0da carceragem da Pol\u00edcia Federal (PF) em Curitiba para um estabelecimento prisional de S\u00e3o Paulo.<\/p>\n<\/div>\n<div class=\"mc-column content-text active-extra-styles \" data-block-type=\"unstyled\" data-block-weight=\"42\" data-block-id=\"4\">\n<p class=\"content-text__container \" data-track-category=\"Link no Texto\" data-track-links=\"\">Apesar de a condena\u00e7\u00e3o e a transfer\u00eancia do ex-presidente terem sido determinadas pela Justi\u00e7a Federal no Paran\u00e1, a assessoria de imprensa do \u00f3rg\u00e3o em S\u00e3o Paulo informou que a Justi\u00e7a estadual tem compet\u00eancia para decidir o local onde Lula cumprir\u00e1 a pena.<\/p>\n<\/div>\n<div class=\"mc-column content-text active-extra-styles \" data-block-type=\"unstyled\" data-block-weight=\"16\" data-block-id=\"5\">\n<p class=\"content-text__container \" data-track-category=\"Link no Texto\" data-track-links=\"\">O\u00a0<strong>G1<\/strong>\u00a0procurou a defesa do ex-presidente para comentar a transfer\u00eancia para Trememb\u00e9 e aguarda retorno.<\/p>\n<\/div>\n<div class=\"mc-column content-text active-extra-styles \" data-block-type=\"unstyled\" data-block-weight=\"55\" data-block-id=\"6\">\n<p class=\"content-text__container \" data-track-category=\"Link no Texto\" data-track-links=\"\">Mais cedo, antes de se saber para onde Lula seria levado, o advogado do petista disse que discorda do pedido de transfer\u00eancia nos moldes da solicitada pela PF do Paran\u00e1. Em nota, a defesa do ex-presidente afirmou que &#8220;Lula \u00e9 v\u00edtima de intenso constrangimento ilegal imposto por parte do Sistema de Justi\u00e7a&#8221;<\/p>\n<div class=\"mc-column content-text active-extra-styles\" data-block-type=\"raw\" data-block-weight=\"4\" data-block-id=\"9\">\n<div class=\"content-intertitle\">\n<h2>Pres\u00eddio com detentos famosos<\/h2>\n<\/div>\n<\/div>\n<div class=\"mc-column content-text active-extra-styles \" data-block-type=\"unstyled\" data-block-weight=\"41\" data-block-id=\"10\">\n<p class=\"content-text__container \" data-track-category=\"Link no Texto\" data-track-links=\"\">Lula cumprir\u00e1 na Penitenci\u00e1ria 2 (P2) de Trememb\u00e9 o restante da\u00a0<a href=\"https:\/\/g1.globo.com\/politica\/noticia\/2019\/04\/23\/maioria-da-5a-turma-do-stj-mantem-condenacao-mas-vota-pela-reducao-da-pena-de-lula.ghtml\">pena de 8 anos e 10 meses<\/a>\u00a0por condena\u00e7\u00e3o na Lava Jato, no caso do triplex em Guaruj\u00e1, no litoral de S\u00e3o Paulo. A data da transfer\u00eancia n\u00e3o foi definida.<\/p>\n<\/div>\n<div class=\"mc-column content-text active-extra-styles \" data-block-type=\"unstyled\" data-block-weight=\"50\" data-block-id=\"11\">\n<p class=\"content-text__container \" data-track-category=\"Link no Texto\" data-track-links=\"\">A P2 \u00e9 conhecida por\u00a0<a href=\"https:\/\/g1.globo.com\/sp\/vale-do-paraiba-regiao\/noticia\/2019\/06\/26\/nardoni-cravinhos-e-mais-presos-famosos-deixam-juntos-prisao-para-audiencia-foto-e-video.ghtml\">abrigar presos que cometeram crimes de repercuss\u00e3o<\/a>\u00a0para a preserva\u00e7\u00e3o dos condenados. L\u00e1 est\u00e1 Cristian Cravinhos, Mizael Bispo, condenado por matar M\u00e9rcia Nakashima, Roger Abdelmassih, Gil Rugai, Lindenberg Alves, Guilherme Longo, padrasto acusado de matar menino Joaquim, e Alexandre Nardoni tamb\u00e9m s\u00e3o detentos da P2.<\/p>\n<\/div>\n<div class=\"mc-column content-text active-extra-styles\" data-block-type=\"raw\" data-block-weight=\"1\" data-block-id=\"12\">\n<div class=\"content-intertitle\">\n<h2>Transfer\u00eancia<\/h2>\n<\/div>\n<\/div>\n<div class=\"mc-column content-text active-extra-styles \" data-block-type=\"unstyled\" data-block-weight=\"69\" data-block-id=\"13\">\n<p class=\"content-text__container \" data-track-category=\"Link no Texto\" data-track-links=\"\">Quem pediu a remo\u00e7\u00e3o foi a Superintend\u00eancia Regional da Pol\u00edcia Federal no Paran\u00e1, onde Lula est\u00e1 detido desde abril de 2018. A PF alegou que, por causa da pris\u00e3o, os \u00f3rg\u00e3os de seguran\u00e7a t\u00eam de atuar de forma permanente para evitar confrontos entre &#8220;grupos antag\u00f4nicos&#8221; e que toda a regi\u00e3o teve a rotina alterada. A corpora\u00e7\u00e3o disse que ainda que as instala\u00e7\u00f5es s\u00e3o limitadas para presos de longa perman\u00eancia.<\/p>\n<\/div>\n<div class=\"mc-column content-text active-extra-styles\" data-block-type=\"raw\" data-block-weight=\"12\" data-block-id=\"14\">\n<ul class=\"content-unordered-list\">\n<li><a href=\"https:\/\/g1.globo.com\/politica\/noticia\/2019\/08\/07\/veja-o-que-aconteceu-com-lula-desde-a-denuncia-no-caso-triplex.ghtml\">Veja o que aconteceu com Lula desde a den\u00fancia no caso triplex<\/a><\/li>\n<\/ul>\n<\/div>\n<div class=\"mc-column content-text active-extra-styles \" data-block-type=\"unstyled\" data-block-weight=\"46\" data-block-id=\"15\">\n<p class=\"content-text__container \" data-track-category=\"Link no Texto\" data-track-links=\"\">A Pol\u00edcia Federal argumentou que a transfer\u00eancia minimizaria as demandas apresentadas diariamente \u00e0 corpora\u00e7\u00e3o e demais institui\u00e7\u00f5es envolvidas, reduzindo gastos e o uso de recursos humanos, al\u00e9m de devolver \u00e0 regi\u00e3o a tranquilidade e livre circula\u00e7\u00e3o para moradores e cidad\u00e3os que buscam servi\u00e7os prestados pela PF.<\/p>\n<\/div>\n<div class=\"mc-column content-text active-extra-styles \" data-block-type=\"unstyled\" data-block-weight=\"38\" data-block-id=\"17\">\n<p class=\"content-text__container \" data-track-category=\"Link no Texto\" data-track-links=\"\">A ju\u00edza determinou que, na transfer\u00eancia, seja preservada a &#8220;integridade f\u00edsica, moral e psicol\u00f3gica do preso, bem como sua imagem \u2013 como, ali\u00e1s, deveria ser observado em rela\u00e7\u00e3o a qualquer cidad\u00e3o&#8221;, vetando o uso de algemas sem necessidade.<\/p>\n<\/div>\n<div class=\"mc-column content-text active-extra-styles\" data-block-type=\"raw\" data-block-weight=\"7\" data-block-id=\"18\">\n<div class=\"content-intertitle\">\n<h2>O que disse a defesa de Lula<\/h2>\n<\/div>\n<\/div>\n<div class=\"mc-column content-text active-extra-styles \" data-block-type=\"unstyled\" data-block-weight=\"58\" data-block-id=\"19\">\n<p class=\"content-text__container \" data-track-category=\"Link no Texto\" data-track-links=\"\">Os advogados de Lula defendem que o ex-presidente fosse colocado em uma sala de Estado-Maior em unidade militar. Al\u00e9m disso, eles pedem a suspens\u00e3o da an\u00e1lise da requisi\u00e7\u00e3o feita pela PF at\u00e9 o julgamento de um pedido de liberdade provis\u00f3ria (habeas corpus) no Supremo Tribunal Federal (STF). Esse habeas corpus foi julgado \u2013e rejeitado\u2013 em 25 de junho.<\/p>\n<\/div>\n<div class=\"mc-column content-text active-extra-styles \" data-block-type=\"unstyled\" data-block-weight=\"51\" data-block-id=\"20\">\n<p class=\"content-text__container \" data-track-category=\"Link no Texto\" data-track-links=\"\">Segundo os advogados de Lula, qualquer determina\u00e7\u00e3o de transfer\u00eancia deveria levar em considera\u00e7\u00e3o que &#8220;o cumprimento antecipado da pena pelo peticion\u00e1rio deve ocorrer em Sala de Estado-Maior, em instala\u00e7\u00f5es militares situadas no raio da Grande S\u00e3o Paulo, conforme disponibilidade das For\u00e7as Armadas a ser informada pelo Exmo. Sr. Ministro da Defesa&#8221;.<\/p>\n<\/div>\n<div class=\"mc-column content-text active-extra-styles \" data-block-type=\"unstyled\" data-block-weight=\"21\" data-block-id=\"21\">\n<p class=\"content-text__container \" data-track-category=\"Link no Texto\" data-track-links=\"\">A defesa disse que a Lei Federal n\u00ba 7.474\/1986 garante aos ex-presidentes da Rep\u00fablica, de forma vital\u00edcia, as prerrogativas ali previstas.<\/p>\n<\/div>\n<div class=\"mc-column content-text active-extra-styles \" data-block-type=\"unstyled\" data-block-weight=\"64\" data-block-id=\"22\">\n<p class=\"content-text__container \" data-track-category=\"Link no Texto\" data-track-links=\"\">A ju\u00edza Carolina Lebbos, por sua vez, disse que a lei n\u00e3o faz qualquer men\u00e7\u00e3o ao cumprimento da pena por ex-presidentes em sala de Estado-Maior. &#8220;E, ao ver deste Ju\u00edzo, n\u00e3o se pode juridicamente extrair interpreta\u00e7\u00e3o extensiva nesse sentido, de modo a impor, a priori e em qualquer circunst\u00e2ncia, o cumprimento de pena por ex-presidentes da Rep\u00fablica em Sala de Estado-Maior&#8221;, afirmou na decis\u00e3o.<\/p>\n<\/div>\n<div class=\"mc-column content-text active-extra-styles \" data-block-type=\"unstyled\" data-block-weight=\"35\" data-block-id=\"23\">\n<p class=\"content-text__container \" data-track-category=\"Link no Texto\" data-track-links=\"\">A defesa informou que &#8220;tomar\u00e1 todas as medidas necess\u00e1rias com o objetivo de restabelecer a liberdade plena do ex-presidente Lula e para assegurar os direitos que lhe s\u00e3o assegurados pela lei e pela Constitui\u00e7\u00e3o Federal&#8221;.<\/p>\n<\/div>\n<div class=\"mc-column content-text active-extra-styles\" data-block-type=\"raw\" data-block-weight=\"6\" data-block-id=\"24\">\n<div class=\"content-intertitle\">\n<h2>Sala isolada com TV na PF<\/h2>\n<\/div>\n<\/div>\n<div class=\"mc-column content-text active-extra-styles \" data-block-type=\"unstyled\" data-block-weight=\"35\" data-block-id=\"25\">\n<p class=\"content-text__container \" data-track-category=\"Link no Texto\" data-track-links=\"\">A sala onde Lula est\u00e1 preso atualmente na Superintend\u00eancia da PF \u00e9 um dormit\u00f3rio de 3 por 5 metros que hospedava profissionais da corpora\u00e7\u00e3o de outras regi\u00f5es que estavam de passagem pela regional de Curitiba.<\/p>\n<\/div>\n<div class=\"content-ads content-ads--reveal\" data-block-type=\"ads\" data-block-id=\"26\">\n<div id=\"banner_materia__3b5b53db-9417-47b2-8ac8-1f0f33fb27e8\" class=\"tag-manager-publicidade-container mc-has-reveal mc-has-ad-lazyload tag-manager-publicidade-banner_materia__3b5b53db-9417-47b2-8ac8-1f0f33fb27e8 tag-manager-publicidade-container--carregado tag-manager-publicidade-container--visivel\" data-id=\"banner_materia__3b5b53db-9417-47b2-8ac8-1f0f33fb27e8\" data-google-query-id=\"CJLnr72a8eMCFUZowQod2SMBJA\" data-cid=\"138276300728\" data-lid=\"5125267390\">\n<div id=\"google_ads_iframe_\/95377733\/tvg_G1\/Sua_Regiao&gt;Sudeste&gt;Sao_Paulo_4__container__\" style=\"box-sizing: inherit; margin: auto; padding: 0px; border: 0pt none; font: inherit; vertical-align: baseline; width: 970px; max-width: 100%; text-align: center;\"><iframe id=\"google_ads_iframe_\/95377733\/tvg_G1\/Sua_Regiao&gt;Sudeste&gt;Sao_Paulo_4\" style=\"box-sizing: inherit; margin: 0px; padding: 0px; border: 0px; font: inherit; vertical-align: bottom;\" title=\"3rd party ad content\" name=\"google_ads_iframe_\/95377733\/tvg_G1\/Sua_Regiao&gt;Sudeste&gt;Sao_Paulo_4\" width=\"970\" height=\"150\" frameborder=\"0\" marginwidth=\"0\" marginheight=\"0\" scrolling=\"no\" data-google-container-id=\"9\" data-load-complete=\"true\" data-mce-fragment=\"1\"><\/iframe><\/div>\n<\/div>\n<\/div>\n<div class=\"mc-column content-text active-extra-styles \" data-block-type=\"unstyled\" data-block-weight=\"61\" data-block-id=\"27\">\n<p class=\"content-text__container \" data-track-category=\"Link no Texto\" data-track-links=\"\">Camas beliche foram retiradas para dar lugar a uma cama e duas mesas. H\u00e1 um banheiro adaptado com chuveiro el\u00e9trico e foi autorizada a instala\u00e7\u00e3o de uma televis\u00e3o no local. O espa\u00e7o fica no quarto andar, o \u00faltimo do pr\u00e9dio, e \u00e9 isolado das demais celas para onde outros presos da Lava Jato, como o ex-ministro Ant\u00f4nio Palocci, tinham sido levados.<\/p>\n<\/div>\n<div class=\"mc-column content-text active-extra-styles\" data-block-type=\"raw\" data-block-weight=\"5\" data-block-id=\"28\">\n<div class=\"content-intertitle\">\n<h2>MPF foi contra a transfer\u00eancia<\/h2>\n<\/div>\n<\/div>\n<div class=\"mc-column content-text active-extra-styles \" data-block-type=\"unstyled\" data-block-weight=\"146\" data-block-id=\"29\">\n<p class=\"content-text__container \" data-track-category=\"Link no Texto\" data-track-links=\"\">Os procuradores do Minist\u00e9rio P\u00fablico Federal (MPF) se mostraram contra o pedido de transfer\u00eancia e argumentaram que a remo\u00e7\u00e3o somente poderia ocorrer ap\u00f3s o encerramento da instru\u00e7\u00e3o criminal nas a\u00e7\u00f5es penais que envolvem a investiga\u00e7\u00e3o sobre a compra de um terreno para a\u00a0<a href=\"http:\/\/g1.globo.com\/pr\/parana\/noticia\/2016\/12\/ex-presidente-lula-e-mais-sete-viram-reus-em-processo-da-lava-jato.html\">constru\u00e7\u00e3o da nova sede do Instituto Lula<\/a>\u00a0e um im\u00f3vel vizinho ao apartamento do ex-presidente, em S\u00e3o Bernardo do Campo, e a que investiga o\u00a0<a href=\"https:\/\/g1.globo.com\/pr\/parana\/noticia\/2019\/02\/06\/lula-e-condenado-em-acao-da-lava-jato-sobre-sitio-de-atibaia.ghtml\">s\u00edtio em Atibaia<\/a>.<\/p>\n<p>Segundo a ju\u00edza Carolina Lebbos, o MPF tamb\u00e9m argumentou que &#8220;a movimenta\u00e7\u00e3o do entorno foi resolvida pelo Ju\u00edzo Estadual e a concentra\u00e7\u00e3o de pessoas diminuiu consideravelmente, n\u00e3o mais havendo not\u00edcia de epis\u00f3dios de confronto nas imedia\u00e7\u00f5es&#8221;; &#8220;que a remo\u00e7\u00e3o n\u00e3o afeta os \u00f4nus da administra\u00e7\u00e3o, alterando apenas o centro de custo; que a sociedade deve suportar os inc\u00f4modos do livre exerc\u00edcio do direito \u00e0 manifesta\u00e7\u00e3o p\u00fablica, cabendo a atribui\u00e7\u00e3o dos preju\u00edzos a quem lhes deu causa&#8221;.<\/p>\n<\/div>\n<div class=\"mc-column content-text active-extra-styles\" data-block-type=\"raw\" data-block-weight=\"5\" data-block-id=\"30\">\n<div class=\"content-intertitle\">\n<h2>O que diz o PT<\/h2>\n<\/div>\n<\/div>\n<div class=\"mc-column content-text active-extra-styles \" data-block-type=\"unstyled\" data-block-weight=\"99\" data-block-id=\"31\">\n<p class=\"content-text__container \" data-track-category=\"Link no Texto\" data-track-links=\"\">Em nota, o Partido dos Trabalhadores (PT) informou que a decis\u00e3o de transferir Lula de Curitiba para S\u00e3o Paulo &#8220;\u00e9 de exclusiva responsabilidade da Superintend\u00eancia da Pol\u00edcia Federal do Paran\u00e1, que solicitou a medida, e da ju\u00edza de Execu\u00e7\u00f5es Penais Carolina Lebbos, que deferiu o pedido sem considerar os argumentos da defesa do ex-presidente&#8221;.<\/p>\n<p>O PT afirmou que o ex-presidente \u00e9 inocente e que &#8220;foi condenado em uma farsa judicial&#8221; e n\u00e3o deveria ter sido julgado em Curitiba, pois, segundo o partido, &#8220;o pr\u00f3prio ex-juiz Sergio Moro admitiu que seu processo n\u00e3o envolvia desvios da Petrobr\u00e1s investigados na Lava Jato&#8221;.<\/p>\n<\/div>\n<div class=\"content-ads content-ads--reveal\" data-block-type=\"ads\" data-block-id=\"32\"><\/div>\n<div class=\"mc-column content-text active-extra-styles\" data-block-type=\"raw\" data-block-weight=\"3\" data-block-id=\"33\">\n<div class=\"content-intertitle\">\n<h2>Condena\u00e7\u00f5es e processos<\/h2>\n<\/div>\n<\/div>\n<div class=\"mc-column content-text active-extra-styles \" data-block-type=\"unstyled\" data-block-weight=\"258\" data-block-id=\"34\">\n<p class=\"content-text__container \" data-track-category=\"Link no Texto\" data-track-links=\"\">Lula cumpre pena por condena\u00e7\u00e3o em 2\u00aa inst\u00e2ncia na Opera\u00e7\u00e3o Lava Jato. Em 24 de janeiro de 2018, o ex-presidente foi\u00a0<a href=\"https:\/\/g1.globo.com\/politica\/noticia\/julgamento-recurso-de-lula-no-trf-4-decisao-desembargadores-da-8-turma.ghtml\">condenado a 12 anos e 1 m\u00eas de pris\u00e3o pelo Tribunal Regional Federal da 4\u00aa Regi\u00e3o (TRF-4)<\/a>por corrup\u00e7\u00e3o passiva e lavagem de dinheiro, no caso do triplex. Para a Justi\u00e7a, Lula recebeu propina da empreiteira OAS na forma de um apartamento no Guaruj\u00e1, em troca de favores na Petrobras. A defesa do ex-presidente nega.<\/p>\n<p>Em abril deste ano, o Superior Tribunal de Justi\u00e7a (STJ) decidiu manter a condena\u00e7\u00e3o, mas\u00a0<a href=\"https:\/\/g1.globo.com\/politica\/noticia\/2019\/04\/23\/maioria-da-5a-turma-do-stj-mantem-condenacao-mas-vota-pela-reducao-da-pena-de-lula.ghtml\">reduziu a pena<\/a>\u00a0para 8 anos, 10 meses e 20 dias de reclus\u00e3o.<\/p>\n<p>Considerando essa pena, Lula teria que cumprir, desde a data da pris\u00e3o, 17 meses para reivindicar a transfer\u00eancia para o semiaberto, regime pelo qual \u00e9 poss\u00edvel deixar a cadeia durante o dia para trabalhar. Esse prazo ser\u00e1 atingido em 7 setembro.<\/p>\n<p>Em mar\u00e7o, o ex-presidente foi autorizado a\u00a0<a href=\"https:\/\/g1.globo.com\/sp\/sao-paulo\/noticia\/2019\/03\/02\/lula-chega-a-sao-paulo-para-ir-a-velorio-do-neto.ghtml\">deixar o pres\u00eddio e ir at\u00e9 S\u00e3o Bernardo do Campo<\/a>, no ABC Paulista, para participar do vel\u00f3rio do neto, Arthur Lula da Silva, de 7 anos.<\/p>\n<p>Em 6 de fevereiro, Lula foi condenado em outra a\u00e7\u00e3o da Lava Jato: a ju\u00edza substituta da 13\u00aa Vara da Justi\u00e7a Federal de Curitiba, Gabriela Hardt,\u00a0<a href=\"https:\/\/g1.globo.com\/pr\/parana\/noticia\/2019\/02\/06\/lula-e-condenado-em-acao-da-lava-jato-sobre-sitio-de-atibaia.ghtml\">condenou o ex-presidente a 12 anos e 11 meses de pris\u00e3o<\/a>\u00a0por corrup\u00e7\u00e3o e lavagem de dinheiro, por receber propina por meio de uma reforma em um s\u00edtio em Atibaia (SP). A defesa nega e recorreu \u00e0 2\u00aa inst\u00e2ncia, que ainda n\u00e3o julgou o caso.<\/p>\n<p><a href=\"https:\/\/especiais.g1.globo.com\/politica\/2016\/lula-sob-investigacao\/\" target=\"_blank\" rel=\"noopener noreferrer\">Lula ainda responde a outros seis processos\u00a0<\/a>em tramita\u00e7\u00e3o em diferentes inst\u00e2ncias da Justi\u00e7a.<\/p>\n<\/div>\n<div class=\"mc-column content-media content-video\" data-block-type=\"backstage-video\" data-block-id=\"35\">\n<div class=\"content-media__container\">\n<div class=\"content-video__bigger-player-description-fixer content-media__container--loaded\">\n<div class=\"content-video__video\">\n<div id=\"wp3-player-4\" class=\"clappr-player\" tabindex=\"9999\" data-player=\"\">\n<div class=\"dfp-ad-overlay dfp-ad-overlay--poster-mode\">\n<div><\/div>\n<\/div>\n<div class=\"container master-container pointer-enabled\" data-container=\"\" data-pip=\"\">\n<div class=\"poster\">\n<div class=\"poster__background\"><\/div>\n<div class=\"poster__background-overlay\"><\/div>\n<div class=\"poster__play-wrapper\"><\/div>\n<\/div>\n<div class=\"id-playback\" data-id-playback=\"\"><\/div>\n<\/div>\n<div class=\"media-control media-control-hide\">\n<div class=\"media-control-panel\">\n<div class=\"media-control-panel__back-layer\">\n<div class=\"media-control-position__left\"><\/div>\n<div class=\"media-control-position__center\"><\/div>\n<div class=\"media-control-position__right\"><\/div>\n<\/div>\n<div class=\"media-control-panel__upper\">\n<div class=\"opposites-container\">\n<div class=\"media-control-position__left\">\n<div class=\"video-info media-control-element video-info--inline\" data-video-info=\"\">\n<div class=\"video-info__data\">\n<div class=\"video-info__data-title\">Veja como \u00e9 a vida na penitenci\u00e1ria de criminosos dos casos mais famosos do Brasil<\/div>\n<div class=\"video-info__data-program\">Fant\u00e1stico<\/div>\n<\/div>\n<div class=\"video-info__status\"><\/div>\n<\/div>\n<\/div>\n<div class=\"media-control-position__right\"><\/div>\n<\/div>\n<div class=\"media-control-position__center\"><\/div>\n<\/div>\n<div class=\"media-control-panel__middle\">\n<div class=\"media-control-position__left\"><\/div>\n<div class=\"media-control-position__center\"><\/div>\n<div class=\"media-control-position__right\"><\/div>\n<div class=\"quick-seek hidden media-control-element\">\n<div class=\"quick-seek-container\">\n<div class=\"quick-seek-placeholder quick-seek-placeholder--left\">\n<div class=\"quick-seek-placeholder-background quick-seek-placeholder-background--left\"><\/div>\n<div class=\"quick-seek-arrow-placeholder\"><\/div>\n<\/div>\n<div class=\"quick-seek-placeholder quick-seek-placeholder--right\">\n<div class=\"quick-seek-placeholder-background quick-seek-placeholder-background--right\"><\/div>\n<div class=\"quick-seek-arrow-placeholder\"><\/div>\n<\/div>\n<\/div>\n<\/div>\n<\/div>\n<div class=\"media-control-panel__between\">\n<div class=\"media-control-position__left\"><\/div>\n<div class=\"media-control-position__center\"><\/div>\n<div class=\"media-control-position__right\"><\/div>\n<p>&nbsp;<\/p>\n<\/div>\n<div class=\"media-control-panel__lower\" data-controls=\"\">\n<div class=\"media-control-position__center\">\n<div class=\"bar-container media-control-element\" data-seekbar=\"\">\n<div class=\"bar-background\" data-seekbar=\"\">\n<div class=\"bar-fill-1\" data-seekbar=\"\"><\/div>\n<div class=\"bar-fill-2\" data-seekbar=\"\"><\/div>\n<\/div>\n<div class=\"bar-scrubber\" data-seekbar=\"\">\n<div class=\"bar-scrubber-icon\" data-seekbar=\"\"><\/div>\n<\/div>\n<div class=\"thumb-preview thumb-preview--hidden\">\n<div class=\"thumb-preview__thumb\"><\/div>\n<div class=\"thumb-preview__position\"><\/div>\n<\/div>\n<\/div>\n<div class=\"bar-container__placeholder\"><\/div>\n<div class=\"chromecast-sender-indicator media-control-element\"><\/div>\n<\/div>\n<div class=\"opposites-container\">\n<div class=\"media-control-position__left\">\n<p>&nbsp;<\/p>\n<div class=\"time-indicator media-control-element\"><span data-position=\"\">&#8211;:&#8211;<\/span><span class=\"separator\">\/<\/span><span data-duration=\"\">&#8211;:&#8211;<\/span><\/div>\n<\/div>\n<div class=\"media-control-position__between\">\n<div class=\"quick-seek-hint hidden media-control-element\"><\/div>\n<\/div>\n<div class=\"media-control-position__right\">\n<div class=\"drawer-container volume-hide media-control-element\" data-volume=\"\">\n<div class=\"drawer-icon-container\" data-volume=\"\"><\/div>\n<div class=\"bar-container\" data-volume=\"\">\n<div class=\"bar-background\" data-volume=\"\">\n<div class=\"bar-fill-1\" data-volume=\"\"><\/div>\n<div class=\"bar-hover\" data-volume=\"\"><\/div>\n<\/div>\n<div class=\"bar-scrubber\" data-volume=\"\">\n<div class=\"bar-scrubber-icon\" data-volume=\"\"><\/div>\n<\/div>\n<\/div>\n<\/div>\n<p>&nbsp;<\/p>\n<\/div>\n<\/div>\n<\/div>\n<div class=\"media-control-panel__front-layer\">\n<div class=\"media-control-position__left\"><\/div>\n<div class=\"media-control-position__center\"><\/div>\n<div class=\"media-control-position__right\"><\/div>\n<\/div>\n<div class=\"media-control-panel__modal\"><\/div>\n<\/div>\n<\/div>\n<\/div>\n<\/div>\n<\/div>\n<\/div>\n<\/div>\n<\/div>\n<\/div>\n","protected":false},"excerpt":{"rendered":"<p>Penitenci\u00e1ria abriga presos que cometeram crimes de repercuss\u00e3o nacional, como Gil Rugai, Cristian Cravinhos e Mizael Bispo. O juiz Paulo Eduardo de Almeida Sorci, da Justi\u00e7a estadual de S\u00e3o Paulo, determinou que o ex-presidente\u00a0Luiz In\u00e1cio Lula da Silva\u00a0(PT) cumpra pena no pres\u00eddio de Trememb\u00e9, no interior paulista. A data para a transfer\u00eancia n\u00e3o foi determinada. [&hellip;]<\/p>\n","protected":false},"author":1,"featured_media":0,"comment_status":"closed","ping_status":"open","sticky":false,"template":"","format":"standard","meta":{"footnotes":""},"categories":[120],"tags":[],"class_list":["post-3128","post","type-post","status-publish","format-standard","hentry","category-justicahabitacaotecnologia"],"_links":{"self":[{"href":"https:\/\/jorgezanoni.com.br\/2019\/wp-json\/wp\/v2\/posts\/3128","targetHints":{"allow":["GET"]}}],"collection":[{"href":"https:\/\/jorgezanoni.com.br\/2019\/wp-json\/wp\/v2\/posts"}],"about":[{"href":"https:\/\/jorgezanoni.com.br\/2019\/wp-json\/wp\/v2\/types\/post"}],"author":[{"embeddable":true,"href":"https:\/\/jorgezanoni.com.br\/2019\/wp-json\/wp\/v2\/users\/1"}],"replies":[{"embeddable":true,"href":"https:\/\/jorgezanoni.com.br\/2019\/wp-json\/wp\/v2\/comments?post=3128"}],"version-history":[{"count":0,"href":"https:\/\/jorgezanoni.com.br\/2019\/wp-json\/wp\/v2\/posts\/3128\/revisions"}],"wp:attachment":[{"href":"https:\/\/jorgezanoni.com.br\/2019\/wp-json\/wp\/v2\/media?parent=3128"}],"wp:term":[{"taxonomy":"category","embeddable":true,"href":"https:\/\/jorgezanoni.com.br\/2019\/wp-json\/wp\/v2\/categories?post=3128"},{"taxonomy":"post_tag","embeddable":true,"href":"https:\/\/jorgezanoni.com.br\/2019\/wp-json\/wp\/v2\/tags?post=3128"}],"curies":[{"name":"wp","href":"https:\/\/api.w.org\/{rel}","templated":true}]}}