{"id":31235,"date":"2020-07-22T22:56:48","date_gmt":"2020-07-22T22:56:48","guid":{"rendered":"https:\/\/jorgezanoni.com.br\/2019\/?p=31235"},"modified":"2020-07-22T22:56:48","modified_gmt":"2020-07-22T22:56:48","slug":"morre-o-padre-evaristo-debiasi-amigos-lamentam","status":"publish","type":"post","link":"https:\/\/jorgezanoni.com.br\/2019\/morre-o-padre-evaristo-debiasi-amigos-lamentam\/","title":{"rendered":"Morre o Padre Evaristo Debiasi, amigos lamentam"},"content":{"rendered":"<p style=\"text-align: justify;\">Depois de quatro anos internado em fun\u00e7\u00e3o de um derrame cerebral, faleceu o padre Evaristo Debiasi, em Florian\u00f3polis\/SC, aos 80 anos.<br \/>\nPadre Evaristo esteve em Dracena nos anos de 2001 e 2004, na Adec, conduzindo palestras organizadas pela Escola de Pais do Brasil. Durante missa na Igreja Matriz, o frei Moacir Chinelatto ficou t\u00e3o emocionado com a prega\u00e7\u00e3o do padre Evaristo, que chorou e o abra\u00e7ou. Foi um momento emocionante pa<span class=\"text_exposed_show\">ra todos.<br \/>\nMaria Okamoto, que presidiu a Escola de Pais com o marido Hideki, lamentou a morte do padre Evaristo, que fez amizade com a casal e in\u00fameros dracenenses. Suas palestras em Dracena foram marcantes para in\u00fameros jovens e casais.<br \/>\nNatural de Orleans\/SC, padre Evaristo foi ordenado em 1967. Cursou Teologia, Filosofia, Pedagogia, Psicologia, al\u00e9m de Teologia Dogm\u00e1tica, em Roma.<br \/>\nAtuou como assistente da AIS (Ajuda \u00e0 Igreja que Sofre). Apresentou programas e mensagens na Rede Vida, Can\u00e7\u00e3o Nova e TV S\u00e9culo XXI.<\/span><\/p>\n<p style=\"text-align: justify;\">Fonte: Bastidores da Noticia<\/p>\n","protected":false},"excerpt":{"rendered":"<p>Depois de quatro anos internado em fun\u00e7\u00e3o de um derrame cerebral, faleceu o padre Evaristo Debiasi, em Florian\u00f3polis\/SC, aos 80 anos. Padre Evaristo esteve em Dracena nos anos de 2001 e 2004, na Adec, conduzindo palestras organizadas pela Escola de Pais do Brasil. Durante missa na Igreja Matriz, o frei Moacir Chinelatto ficou t\u00e3o emocionado [&hellip;]<\/p>\n","protected":false},"author":1,"featured_media":31236,"comment_status":"closed","ping_status":"open","sticky":false,"template":"","format":"standard","meta":{"footnotes":""},"categories":[178,110,118],"tags":[],"class_list":["post-31235","post","type-post","status-publish","format-standard","has-post-thumbnail","hentry","category-notadefalecimento","category-noticiasdestaque","category-religiaoesolidariedade"],"_links":{"self":[{"href":"https:\/\/jorgezanoni.com.br\/2019\/wp-json\/wp\/v2\/posts\/31235","targetHints":{"allow":["GET"]}}],"collection":[{"href":"https:\/\/jorgezanoni.com.br\/2019\/wp-json\/wp\/v2\/posts"}],"about":[{"href":"https:\/\/jorgezanoni.com.br\/2019\/wp-json\/wp\/v2\/types\/post"}],"author":[{"embeddable":true,"href":"https:\/\/jorgezanoni.com.br\/2019\/wp-json\/wp\/v2\/users\/1"}],"replies":[{"embeddable":true,"href":"https:\/\/jorgezanoni.com.br\/2019\/wp-json\/wp\/v2\/comments?post=31235"}],"version-history":[{"count":0,"href":"https:\/\/jorgezanoni.com.br\/2019\/wp-json\/wp\/v2\/posts\/31235\/revisions"}],"wp:featuredmedia":[{"embeddable":true,"href":"https:\/\/jorgezanoni.com.br\/2019\/wp-json\/wp\/v2\/media\/31236"}],"wp:attachment":[{"href":"https:\/\/jorgezanoni.com.br\/2019\/wp-json\/wp\/v2\/media?parent=31235"}],"wp:term":[{"taxonomy":"category","embeddable":true,"href":"https:\/\/jorgezanoni.com.br\/2019\/wp-json\/wp\/v2\/categories?post=31235"},{"taxonomy":"post_tag","embeddable":true,"href":"https:\/\/jorgezanoni.com.br\/2019\/wp-json\/wp\/v2\/tags?post=31235"}],"curies":[{"name":"wp","href":"https:\/\/api.w.org\/{rel}","templated":true}]}}