{"id":31218,"date":"2020-07-22T15:09:31","date_gmt":"2020-07-22T15:09:31","guid":{"rendered":"https:\/\/jorgezanoni.com.br\/2019\/?p=31218"},"modified":"2020-07-22T15:09:31","modified_gmt":"2020-07-22T15:09:31","slug":"reparo-em-viaduto-interdita-faixa-da-sp-294-em-inubia-paulista","status":"publish","type":"post","link":"https:\/\/jorgezanoni.com.br\/2019\/reparo-em-viaduto-interdita-faixa-da-sp-294-em-inubia-paulista\/","title":{"rendered":"Reparo em viaduto interdita faixa da SP 294, em In\u00fabia Paulista"},"content":{"rendered":"<p><strong><em>Manuten\u00e7\u00e3o segue at\u00e9 31 de julho com altera\u00e7\u00f5es no tr\u00e1fego.<\/em><\/strong><\/p>\n<p style=\"text-align: justify;\">Interven\u00e7\u00f5es em viaduto localizado na SP 294 \u2013 Rodovia Comandante Jo\u00e3o Ribeiro de Barros causam o fechamento de faixa em trecho do munic\u00edpio de In\u00fabia Paulista. A previs\u00e3o \u00e9 que o tr\u00e1fego no quil\u00f4metro 579 permane\u00e7a alterado durante os trabalhos, diariamente, das 7h \u00e0s 17h, at\u00e9 31 de julho.<\/p>\n<p style=\"text-align: justify;\">Neste per\u00edodo, a faixa para quem segue no sentido Mar\u00edlia estar\u00e1 bloqueada e a circula\u00e7\u00e3o de ve\u00edculos ser\u00e1 desviada para al\u00e7a do trecho. O local segue sinalizado e a Eixo SP Concession\u00e1ria de Rodovias tem o apoio da PMRv \u2013 Pol\u00edcia Militar Rodovi\u00e1ria na opera\u00e7\u00e3o.<\/p>\n<p style=\"text-align: justify;\">O viaduto est\u00e1 em conformidade para o tr\u00e1fego, mas o reparo \u00e9 pontual para a corre\u00e7\u00e3o de dano superficial causado por choque de caminh\u00e3o. \u201cEste \u00e9 um dos procedimentos que a concession\u00e1ria realiza rotineiramente com foco na manuten\u00e7\u00e3o e revitaliza\u00e7\u00e3o do corredor rodovi\u00e1rio que administra. Integra o plano de a\u00e7\u00f5es que j\u00e1 iniciou a recupera\u00e7\u00e3o de obras de arte, sistemas de drenagem e sinaliza\u00e7\u00e3o das rodovias\u201d, afirma Jos\u00e9 Pereira, gerente de Conserva\u00e7\u00e3o da Eixo SP na regional de Martin\u00f3polis.<\/p>\n<p style=\"text-align: justify;\">As obras ser\u00e3o executadas diariamente das 7h \u00e0s 17h. Em caso de chuva, o cronograma dos servi\u00e7os poder\u00e1 sofrer altera\u00e7\u00f5es. A Eixo SP recomenda ao motorista redobrar a aten\u00e7\u00e3o ao passar por trechos em manuten\u00e7\u00e3o, diminuir a velocidade e jamais parar para observar a movimenta\u00e7\u00e3o de m\u00e1quinas e trabalhadores na pista, conduta que oferece o risco de colis\u00e3o traseira.<\/p>\n<p style=\"text-align: justify;\"><strong>Sobre a Eixo SP<\/strong><\/p>\n<p style=\"text-align: justify;\">A Eixo SP Concession\u00e1ria de Rodovias administra o lote Pipa (Piracicaba-Panorama), malha com mais de 1.273 km de estradas que passam por 62 munic\u00edpios da regi\u00e3o de Rio Claro, no centro do Estado, at\u00e9 Panorama, no extremo oeste, na divisa com o Mato Grosso do Sul. O maior contrato sob supervis\u00e3o da Artesp \u2013 Ag\u00eancia Reguladora de Transportes do Estado de S\u00e3o Paulo, ter\u00e1 investimentos na ordem de R$ 14 bilh\u00f5es em obras de amplia\u00e7\u00e3o, conserva\u00e7\u00e3o, al\u00e9m da moderniza\u00e7\u00e3o de servi\u00e7os ao usu\u00e1rio. Mais informa\u00e7\u00f5es acesse: www.eixosp.com.br.<\/p>\n<p style=\"text-align: justify;\">Fonte: radiolifefm.com.br<\/p>\n","protected":false},"excerpt":{"rendered":"<p>Manuten\u00e7\u00e3o segue at\u00e9 31 de julho com altera\u00e7\u00f5es no tr\u00e1fego. Interven\u00e7\u00f5es em viaduto localizado na SP 294 \u2013 Rodovia Comandante Jo\u00e3o Ribeiro de Barros causam o fechamento de faixa em trecho do munic\u00edpio de In\u00fabia Paulista. A previs\u00e3o \u00e9 que o tr\u00e1fego no quil\u00f4metro 579 permane\u00e7a alterado durante os trabalhos, diariamente, das 7h \u00e0s 17h, [&hellip;]<\/p>\n","protected":false},"author":1,"featured_media":31219,"comment_status":"closed","ping_status":"open","sticky":false,"template":"","format":"standard","meta":{"footnotes":""},"categories":[180,110],"tags":[],"class_list":["post-31218","post","type-post","status-publish","format-standard","has-post-thumbnail","hentry","category-estradastransitoveiculos","category-noticiasdestaque"],"_links":{"self":[{"href":"https:\/\/jorgezanoni.com.br\/2019\/wp-json\/wp\/v2\/posts\/31218","targetHints":{"allow":["GET"]}}],"collection":[{"href":"https:\/\/jorgezanoni.com.br\/2019\/wp-json\/wp\/v2\/posts"}],"about":[{"href":"https:\/\/jorgezanoni.com.br\/2019\/wp-json\/wp\/v2\/types\/post"}],"author":[{"embeddable":true,"href":"https:\/\/jorgezanoni.com.br\/2019\/wp-json\/wp\/v2\/users\/1"}],"replies":[{"embeddable":true,"href":"https:\/\/jorgezanoni.com.br\/2019\/wp-json\/wp\/v2\/comments?post=31218"}],"version-history":[{"count":0,"href":"https:\/\/jorgezanoni.com.br\/2019\/wp-json\/wp\/v2\/posts\/31218\/revisions"}],"wp:featuredmedia":[{"embeddable":true,"href":"https:\/\/jorgezanoni.com.br\/2019\/wp-json\/wp\/v2\/media\/31219"}],"wp:attachment":[{"href":"https:\/\/jorgezanoni.com.br\/2019\/wp-json\/wp\/v2\/media?parent=31218"}],"wp:term":[{"taxonomy":"category","embeddable":true,"href":"https:\/\/jorgezanoni.com.br\/2019\/wp-json\/wp\/v2\/categories?post=31218"},{"taxonomy":"post_tag","embeddable":true,"href":"https:\/\/jorgezanoni.com.br\/2019\/wp-json\/wp\/v2\/tags?post=31218"}],"curies":[{"name":"wp","href":"https:\/\/api.w.org\/{rel}","templated":true}]}}