{"id":31213,"date":"2020-07-22T14:34:04","date_gmt":"2020-07-22T14:34:04","guid":{"rendered":"https:\/\/jorgezanoni.com.br\/2019\/?p=31213"},"modified":"2020-07-22T14:34:18","modified_gmt":"2020-07-22T14:34:18","slug":"testagem-em-massa-avanca-em-presidios-do-estado-incluindo-regiao-de-presidente-prudente-e-aracatuba","status":"publish","type":"post","link":"https:\/\/jorgezanoni.com.br\/2019\/testagem-em-massa-avanca-em-presidios-do-estado-incluindo-regiao-de-presidente-prudente-e-aracatuba\/","title":{"rendered":"Testagem em massa avan\u00e7a em pres\u00eddios do estado incluindo regi\u00e3o de Presidente Prudente e Ara\u00e7atuba"},"content":{"rendered":"<div>\n<p style=\"text-align: justify;\" align=\"center\"><strong><i>Unidades da capital e do interior recebem equipes desde o in\u00edcio do m\u00eas.<\/i><\/strong><\/p>\n<p style=\"text-align: justify;\">A Secretaria da Administra\u00e7\u00e3o Penitenci\u00e1ria (SAP) est\u00e1 dando continuidade \u00e0 testagem em massa de servidores e presos sob cust\u00f3dia da Pasta. Na regi\u00e3o, as unidades prisionais de Presidente Prudente, Presidente Venceslau, Irapuru, Pacaembu e Ara\u00e7atuba, juntamente com outras que formam um grupo de 26 pres\u00eddios, ser\u00e3o as pr\u00f3ximas a passar pelos testes, ap\u00f3s o bem-sucedido piloto que aconteceu na Penitenci\u00e1ria II de Sorocaba, em junho.<\/p>\n<p style=\"text-align: justify;\">Os exames em pres\u00eddios fazem parte do programa\u00a0de\u00a0testagem\u00a0em\u00a0massa\u00a0do Governo do Estado de S\u00e3o Paulo em popula\u00e7\u00f5es vulner\u00e1veis, incluindo-se a\u00ed, as pessoas privadas de liberdade.\u00a0As unidades prisionais foram inseridas num cronograma t\u00e9cnico elaborado por \u00f3rg\u00e3os de sa\u00fade.\u00a0\u00a0A iniciativa \u00e9 fruto de a\u00e7\u00f5es conjuntas entre as Secretarias da Administra\u00e7\u00e3o Penitenci\u00e1ria, da Sa\u00fade e\u00a0de Desenvolvimento Econ\u00f4mico do Estado de S\u00e3o Paulo, por meio do\u00a0Instituto Butantan e do Centro Paula Souza.<\/p>\n<p style=\"text-align: justify;\">Ap\u00f3s a PII de Sorocaba, a testagem teve continuidade no \u00faltimo dia 2\/07, com a participa\u00e7\u00e3o de unidades localizadas na capital paulista, Grande SP e Litoral Sul. Nesta primeira fase, al\u00e9m dos j\u00e1 citados pres\u00eddios da regi\u00e3o est\u00e3o inclusos os de Santo Andr\u00e9, Franco da Rocha, Osasco, Tai\u00fava, Guare\u00ed, Praia Grande, Mairinque, Casa Branca, Sorocaba, Americana, Campinas, Hortol\u00e2ndia e Capela do Alto.<\/p>\n<p style=\"text-align: justify;\">Os presos com resultado positivo no Teste R\u00e1pido (que identifica a presen\u00e7a de anticorpos no organismo testado) ter\u00e3o coletado material para an\u00e1lise laboratorial do teste RT-PCR (que detecta a presen\u00e7a de v\u00edrus no organismo). Do balan\u00e7o feito em Sorocaba, n\u00e3o houve qualquer interna\u00e7\u00e3o hospitalar e todos com resultado positivo para a Covid-19\u00a0estavam assintom\u00e1ticos e com boa sa\u00fade.<\/p>\n<p><img loading=\"lazy\" decoding=\"async\" class=\"alignnone size-full wp-image-31216\" src=\"https:\/\/jorgezanoni.com.br\/2019\/wp-content\/uploads\/2020\/07\/Teste2-1.jpg\" alt=\"\" width=\"240\" height=\"180\" srcset=\"https:\/\/jorgezanoni.com.br\/2019\/wp-content\/uploads\/2020\/07\/Teste2-1.jpg 240w, https:\/\/jorgezanoni.com.br\/2019\/wp-content\/uploads\/2020\/07\/Teste2-1-80x60.jpg 80w\" sizes=\"auto, (max-width: 240px) 100vw, 240px\" \/><\/p>\n<\/div>\n<div>\n<div id=\"Signature\">\n<div style=\"text-align: justify;\"><img decoding=\"async\" class=\"EmojiInsert\" src=\"https:\/\/jorgezanoni.com.br:2096\/cpsess4893168864\/3rdparty\/roundcube\/?_task=mail&amp;_action=get&amp;_mbox=INBOX&amp;_uid=16462&amp;_token=OXhO8Hvtdtiq8ktmKb94PhUsFvBeNTnZ&amp;_part=1.2&amp;_embed=1&amp;_mimeclass=image\" \/><\/div>\n<\/div>\n<\/div>\n","protected":false},"excerpt":{"rendered":"<p>Unidades da capital e do interior recebem equipes desde o in\u00edcio do m\u00eas. A Secretaria da Administra\u00e7\u00e3o Penitenci\u00e1ria (SAP) est\u00e1 dando continuidade \u00e0 testagem em massa de servidores e presos sob cust\u00f3dia da Pasta. Na regi\u00e3o, as unidades prisionais de Presidente Prudente, Presidente Venceslau, Irapuru, Pacaembu e Ara\u00e7atuba, juntamente com outras que formam um grupo [&hellip;]<\/p>\n","protected":false},"author":1,"featured_media":31214,"comment_status":"closed","ping_status":"open","sticky":false,"template":"","format":"standard","meta":{"footnotes":""},"categories":[114,110],"tags":[],"class_list":["post-31213","post","type-post","status-publish","format-standard","has-post-thumbnail","hentry","category-geralecomercio","category-noticiasdestaque"],"_links":{"self":[{"href":"https:\/\/jorgezanoni.com.br\/2019\/wp-json\/wp\/v2\/posts\/31213","targetHints":{"allow":["GET"]}}],"collection":[{"href":"https:\/\/jorgezanoni.com.br\/2019\/wp-json\/wp\/v2\/posts"}],"about":[{"href":"https:\/\/jorgezanoni.com.br\/2019\/wp-json\/wp\/v2\/types\/post"}],"author":[{"embeddable":true,"href":"https:\/\/jorgezanoni.com.br\/2019\/wp-json\/wp\/v2\/users\/1"}],"replies":[{"embeddable":true,"href":"https:\/\/jorgezanoni.com.br\/2019\/wp-json\/wp\/v2\/comments?post=31213"}],"version-history":[{"count":0,"href":"https:\/\/jorgezanoni.com.br\/2019\/wp-json\/wp\/v2\/posts\/31213\/revisions"}],"wp:featuredmedia":[{"embeddable":true,"href":"https:\/\/jorgezanoni.com.br\/2019\/wp-json\/wp\/v2\/media\/31214"}],"wp:attachment":[{"href":"https:\/\/jorgezanoni.com.br\/2019\/wp-json\/wp\/v2\/media?parent=31213"}],"wp:term":[{"taxonomy":"category","embeddable":true,"href":"https:\/\/jorgezanoni.com.br\/2019\/wp-json\/wp\/v2\/categories?post=31213"},{"taxonomy":"post_tag","embeddable":true,"href":"https:\/\/jorgezanoni.com.br\/2019\/wp-json\/wp\/v2\/tags?post=31213"}],"curies":[{"name":"wp","href":"https:\/\/api.w.org\/{rel}","templated":true}]}}