{"id":31207,"date":"2020-07-22T14:15:49","date_gmt":"2020-07-22T14:15:49","guid":{"rendered":"https:\/\/jorgezanoni.com.br\/2019\/?p=31207"},"modified":"2020-07-22T14:16:23","modified_gmt":"2020-07-22T14:16:23","slug":"policia-civil-identifica-autor-e-esclarece-uma-serie-de-sete-furtos-de-cameras-de-vigilancia-e-monitoramento-em-dracena","status":"publish","type":"post","link":"https:\/\/jorgezanoni.com.br\/2019\/policia-civil-identifica-autor-e-esclarece-uma-serie-de-sete-furtos-de-cameras-de-vigilancia-e-monitoramento-em-dracena\/","title":{"rendered":"Pol\u00edcia Civil identifica autor e esclarece uma s\u00e9rie de sete furtos de c\u00e2meras de vigil\u00e2ncia e monitoramento em Dracena"},"content":{"rendered":"<p style=\"text-align: justify;\">Segundo declara\u00e7\u00e3o do suspeito ap\u00f3s praticar os furtos ele vendia os objetos para comprar drogas. Como n\u00e3o houve situa\u00e7\u00e3o flagrancial o indiv\u00edduo foi ouvido e liberado. Ele ser\u00e1 indiciado pela pr\u00e1tica de crime de furto.<\/p>\n<p style=\"text-align: justify;\">A Pol\u00edcia Civil, por interm\u00e9dia das Unidades Especializadas &#8211; Delegacia de Pol\u00edcia de Investiga\u00e7\u00f5es Gerais e Delegacia de Pol\u00edcia de Investiga\u00e7\u00f5es Sobre Entorpecentes, esclareceu nesta ter\u00e7a-feira (21) uma sequ\u00eancia de sete furtos de c\u00e2meras de monitoramento ocorrido em resid\u00eancias e estabelecimentos comerciais em Dracena.<br \/>\nEntre o ultimo m\u00eas de junho e o in\u00edcio deste presente foram praticados furtos em resid\u00eancias e estabelecimentos comerciais onde um indiv\u00edduo, at\u00e9 ent\u00e3o desconhecido, empregando de for\u00e7a f\u00edsica arrancava c\u00e2meras de seguran\u00e7a que estavam instaladas nas fachadas e muros dos locais furtados.<br \/>\nDiante dos registros das ocorr\u00eancias agentes das Unidades Especializadas realizaram trabalhado de coleta de dados investigativos, usando t\u00e9cnicas de intelig\u00eancia, conseguiram identificar um suposto suspeito, ou seja, um homem de 29 anos, morador de Dracena.<br \/>\nO homem foi localizado na resid\u00eancia dele e foi notificado para comparecer na Delegacia de Pol\u00edcia, onde ap\u00f3s ter sido inquerido acabou confessando ser ele o autor dos furtos, esclarecendo ainda que seria dependente qu\u00edmico, e que praticava os furtos para vender os objetos e comprar drogas. Acusado tamb\u00e9m indicou aos policiais civis de quais locais teria furtados os objetos.<br \/>\nNa casa do acusado, os policiais apreenderam duas pe\u00e7as de roupas, as quais s\u00e3o similares as que ele aparentava estar vestindo em ocasi\u00f5es distintas em que teria sido flagrado praticando os furtos.<br \/>\nPor n\u00e3o estar presente as condicionantes do estado flagrancial, ap\u00f3s ser ouvido o homem foi liberado. Ele ser\u00e1 indiciado pela pr\u00e1tica do crime de furto. Consta tamb\u00e9m que acusado j\u00e1 possu\u00eda v\u00e1rios antecedentes criminais por cometimento reiterado do crime de furto, estando ainda em situa\u00e7\u00e3o prisional de liberdade condicional, imposta no m\u00eas fevereiro \u00faltimo. As investiga\u00e7\u00f5es ter\u00e3o prosseguimento visando a poss\u00edvel identifica\u00e7\u00e3o dos supostos receptadores dos objetos furtados.<\/p>\n<p><img loading=\"lazy\" decoding=\"async\" class=\"alignnone size-full wp-image-31209\" src=\"https:\/\/jorgezanoni.com.br\/2019\/wp-content\/uploads\/2020\/07\/bandido1.jpg\" alt=\"\" width=\"960\" height=\"1200\" srcset=\"https:\/\/jorgezanoni.com.br\/2019\/wp-content\/uploads\/2020\/07\/bandido1.jpg 960w, https:\/\/jorgezanoni.com.br\/2019\/wp-content\/uploads\/2020\/07\/bandido1-240x300.jpg 240w, https:\/\/jorgezanoni.com.br\/2019\/wp-content\/uploads\/2020\/07\/bandido1-819x1024.jpg 819w, https:\/\/jorgezanoni.com.br\/2019\/wp-content\/uploads\/2020\/07\/bandido1-768x960.jpg 768w, https:\/\/jorgezanoni.com.br\/2019\/wp-content\/uploads\/2020\/07\/bandido1-696x870.jpg 696w, https:\/\/jorgezanoni.com.br\/2019\/wp-content\/uploads\/2020\/07\/bandido1-336x420.jpg 336w\" sizes=\"auto, (max-width: 960px) 100vw, 960px\" \/><img loading=\"lazy\" decoding=\"async\" class=\"alignnone size-full wp-image-31210\" src=\"https:\/\/jorgezanoni.com.br\/2019\/wp-content\/uploads\/2020\/07\/bandido2.jpg\" alt=\"\" width=\"949\" height=\"891\" srcset=\"https:\/\/jorgezanoni.com.br\/2019\/wp-content\/uploads\/2020\/07\/bandido2.jpg 949w, https:\/\/jorgezanoni.com.br\/2019\/wp-content\/uploads\/2020\/07\/bandido2-300x282.jpg 300w, https:\/\/jorgezanoni.com.br\/2019\/wp-content\/uploads\/2020\/07\/bandido2-768x721.jpg 768w, https:\/\/jorgezanoni.com.br\/2019\/wp-content\/uploads\/2020\/07\/bandido2-696x653.jpg 696w, https:\/\/jorgezanoni.com.br\/2019\/wp-content\/uploads\/2020\/07\/bandido2-447x420.jpg 447w\" sizes=\"auto, (max-width: 949px) 100vw, 949px\" \/> <img loading=\"lazy\" decoding=\"async\" class=\"alignnone size-full wp-image-31211\" src=\"https:\/\/jorgezanoni.com.br\/2019\/wp-content\/uploads\/2020\/07\/bandido3.jpg\" alt=\"\" width=\"806\" height=\"1068\" srcset=\"https:\/\/jorgezanoni.com.br\/2019\/wp-content\/uploads\/2020\/07\/bandido3.jpg 806w, https:\/\/jorgezanoni.com.br\/2019\/wp-content\/uploads\/2020\/07\/bandido3-226x300.jpg 226w, https:\/\/jorgezanoni.com.br\/2019\/wp-content\/uploads\/2020\/07\/bandido3-773x1024.jpg 773w, https:\/\/jorgezanoni.com.br\/2019\/wp-content\/uploads\/2020\/07\/bandido3-768x1018.jpg 768w, https:\/\/jorgezanoni.com.br\/2019\/wp-content\/uploads\/2020\/07\/bandido3-696x922.jpg 696w, https:\/\/jorgezanoni.com.br\/2019\/wp-content\/uploads\/2020\/07\/bandido3-317x420.jpg 317w\" sizes=\"auto, (max-width: 806px) 100vw, 806px\" \/><\/p>\n<p style=\"text-align: justify;\">Delegacia Seccional de Pol\u00edcia de Dracena<\/p>\n<p style=\"text-align: justify;\">Fonte: Com. Deinter-8<\/p>\n","protected":false},"excerpt":{"rendered":"<p>Segundo declara\u00e7\u00e3o do suspeito ap\u00f3s praticar os furtos ele vendia os objetos para comprar drogas. Como n\u00e3o houve situa\u00e7\u00e3o flagrancial o indiv\u00edduo foi ouvido e liberado. Ele ser\u00e1 indiciado pela pr\u00e1tica de crime de furto. A Pol\u00edcia Civil, por interm\u00e9dia das Unidades Especializadas &#8211; Delegacia de Pol\u00edcia de Investiga\u00e7\u00f5es Gerais e Delegacia de Pol\u00edcia de [&hellip;]<\/p>\n","protected":false},"author":1,"featured_media":31208,"comment_status":"closed","ping_status":"open","sticky":false,"template":"","format":"standard","meta":{"footnotes":""},"categories":[110,2],"tags":[],"class_list":["post-31207","post","type-post","status-publish","format-standard","has-post-thumbnail","hentry","category-noticiasdestaque","category-policial"],"_links":{"self":[{"href":"https:\/\/jorgezanoni.com.br\/2019\/wp-json\/wp\/v2\/posts\/31207","targetHints":{"allow":["GET"]}}],"collection":[{"href":"https:\/\/jorgezanoni.com.br\/2019\/wp-json\/wp\/v2\/posts"}],"about":[{"href":"https:\/\/jorgezanoni.com.br\/2019\/wp-json\/wp\/v2\/types\/post"}],"author":[{"embeddable":true,"href":"https:\/\/jorgezanoni.com.br\/2019\/wp-json\/wp\/v2\/users\/1"}],"replies":[{"embeddable":true,"href":"https:\/\/jorgezanoni.com.br\/2019\/wp-json\/wp\/v2\/comments?post=31207"}],"version-history":[{"count":0,"href":"https:\/\/jorgezanoni.com.br\/2019\/wp-json\/wp\/v2\/posts\/31207\/revisions"}],"wp:featuredmedia":[{"embeddable":true,"href":"https:\/\/jorgezanoni.com.br\/2019\/wp-json\/wp\/v2\/media\/31208"}],"wp:attachment":[{"href":"https:\/\/jorgezanoni.com.br\/2019\/wp-json\/wp\/v2\/media?parent=31207"}],"wp:term":[{"taxonomy":"category","embeddable":true,"href":"https:\/\/jorgezanoni.com.br\/2019\/wp-json\/wp\/v2\/categories?post=31207"},{"taxonomy":"post_tag","embeddable":true,"href":"https:\/\/jorgezanoni.com.br\/2019\/wp-json\/wp\/v2\/tags?post=31207"}],"curies":[{"name":"wp","href":"https:\/\/api.w.org\/{rel}","templated":true}]}}