{"id":31142,"date":"2020-07-21T23:02:48","date_gmt":"2020-07-21T23:02:48","guid":{"rendered":"https:\/\/jorgezanoni.com.br\/2019\/?p=31142"},"modified":"2020-07-21T23:02:48","modified_gmt":"2020-07-21T23:02:48","slug":"balao-foi-visto-no-ceu-de-dracena-no-inicio-da-noite-desta-terca-feira","status":"publish","type":"post","link":"https:\/\/jorgezanoni.com.br\/2019\/balao-foi-visto-no-ceu-de-dracena-no-inicio-da-noite-desta-terca-feira\/","title":{"rendered":"Bal\u00e3o foi visto no C\u00e9u de Dracena no in\u00edcio da noite desta ter\u00e7a-feira"},"content":{"rendered":"<p style=\"text-align: justify;\">Por vola de 18:30 Horas, algumas pessoas, principalmente moradores do Jardim Brasil\u00e2ndia, viram um Bal\u00e3o passando.<\/p>\n<p style=\"text-align: justify;\">O Site JZ recebeu alguns relatos: Era algo que estava pegando fogo disse uma moradora. Outro morador falou que a Bandeira pendurada havia um rosto, mas n\u00e3o dava para identificar. Outra moradora achou que ia cair em cima do bairro. Alguns relatam que pelo trajeto acham que ele fazia o sentido aeroporto a sa\u00edda para Ouro Verde no rumo da APAE e Faculdade Reges, e finalmente desapareceu.<\/p>\n<p style=\"text-align: justify;\">Um dos moradores conseguiu enviar uma imagem que estamos divulgando. Lembramos que soltar Bal\u00e3o \u00e9 crime. E estamos vivendo uma per\u00edodo longo de estiagem, onde \u00e9 realmente muito perigoso causar inc\u00eandios.<\/p>\n<p style=\"text-align: justify;\">&#8220;O artigo 42 da Lei de <b>Crimes<\/b>\u00a0Ambientais (Lei n\u00ba 9.605\/98) diz que fabricar, vender, transportar ou\u00a0<b>soltar bal\u00f5es<\/b> que possam provocar inc\u00eandios nas florestas e demais formas de vegeta\u00e7\u00e3o, em \u00e1reas urbanas ou qualquer tipo de assentamento humano, pode levar a pessoa a ser condenada \u00e0 pena de deten\u00e7\u00e3o, de um a tr\u00eas anos&#8221;.<\/p>\n<p>Jorge Zanoni<\/p>\n<p>Foto de Internauta<\/p>\n<p style=\"text-align: justify;\">\n","protected":false},"excerpt":{"rendered":"<p>Por vola de 18:30 Horas, algumas pessoas, principalmente moradores do Jardim Brasil\u00e2ndia, viram um Bal\u00e3o passando. O Site JZ recebeu alguns relatos: Era algo que estava pegando fogo disse uma moradora. Outro morador falou que a Bandeira pendurada havia um rosto, mas n\u00e3o dava para identificar. Outra moradora achou que ia cair em cima do [&hellip;]<\/p>\n","protected":false},"author":1,"featured_media":31143,"comment_status":"closed","ping_status":"open","sticky":false,"template":"","format":"standard","meta":{"footnotes":""},"categories":[114,110],"tags":[],"class_list":["post-31142","post","type-post","status-publish","format-standard","has-post-thumbnail","hentry","category-geralecomercio","category-noticiasdestaque"],"_links":{"self":[{"href":"https:\/\/jorgezanoni.com.br\/2019\/wp-json\/wp\/v2\/posts\/31142","targetHints":{"allow":["GET"]}}],"collection":[{"href":"https:\/\/jorgezanoni.com.br\/2019\/wp-json\/wp\/v2\/posts"}],"about":[{"href":"https:\/\/jorgezanoni.com.br\/2019\/wp-json\/wp\/v2\/types\/post"}],"author":[{"embeddable":true,"href":"https:\/\/jorgezanoni.com.br\/2019\/wp-json\/wp\/v2\/users\/1"}],"replies":[{"embeddable":true,"href":"https:\/\/jorgezanoni.com.br\/2019\/wp-json\/wp\/v2\/comments?post=31142"}],"version-history":[{"count":0,"href":"https:\/\/jorgezanoni.com.br\/2019\/wp-json\/wp\/v2\/posts\/31142\/revisions"}],"wp:featuredmedia":[{"embeddable":true,"href":"https:\/\/jorgezanoni.com.br\/2019\/wp-json\/wp\/v2\/media\/31143"}],"wp:attachment":[{"href":"https:\/\/jorgezanoni.com.br\/2019\/wp-json\/wp\/v2\/media?parent=31142"}],"wp:term":[{"taxonomy":"category","embeddable":true,"href":"https:\/\/jorgezanoni.com.br\/2019\/wp-json\/wp\/v2\/categories?post=31142"},{"taxonomy":"post_tag","embeddable":true,"href":"https:\/\/jorgezanoni.com.br\/2019\/wp-json\/wp\/v2\/tags?post=31142"}],"curies":[{"name":"wp","href":"https:\/\/api.w.org\/{rel}","templated":true}]}}