{"id":31139,"date":"2020-07-21T15:03:03","date_gmt":"2020-07-21T15:03:03","guid":{"rendered":"https:\/\/jorgezanoni.com.br\/2019\/?p=31139"},"modified":"2020-07-21T15:03:03","modified_gmt":"2020-07-21T15:03:03","slug":"cidadao-faz-questionamento-a-prefeito-e-vereadores-de-ouro-verde-sobre-abertura-de-cultos-religiosos","status":"publish","type":"post","link":"https:\/\/jorgezanoni.com.br\/2019\/cidadao-faz-questionamento-a-prefeito-e-vereadores-de-ouro-verde-sobre-abertura-de-cultos-religiosos\/","title":{"rendered":"Cidad\u00e3o faz questionamento a Prefeito e Vereadores de Ouro Verde sobre abertura de Cultos Religiosos"},"content":{"rendered":"<div id=\"js_8\" class=\"_5pbx userContent _3576\" data-testid=\"post_message\" data-ft=\"{&quot;tn&quot;:&quot;K&quot;}\">\n<p style=\"text-align: justify;\">PROIBI\u00c7\u00c3O DE CULTOS RELIGIOSO EM OURO VERDE<\/p>\n<p style=\"text-align: justify;\">Fui procurado esses dias por alguns religiosos para realizar uma interpreta\u00e7\u00e3o do atual decreto municipal, eu tenho enorme satisfa\u00e7\u00e3o de poder ajudar sempre, o questionamento foi que o decreto n\u00e3o especifica a autoriza\u00e7\u00e3o da volta dos cultos religiosos.<\/p>\n<p style=\"text-align: justify;\">Inclusive uma igreja evang\u00e9lica de nossa cidade recebeu uma Notifica\u00e7\u00e3o por estar com a porta aberta atendendo a uma fiel que estava passando por dificuldades pessoais, eles estavam dentro do estabelecimento.<\/p>\n<p style=\"text-align: justify;\">Religiosos procuraram o prefeito, e o prefeito lhe disse que n\u00e3o poderia fazer nada pois era papel dos Vereadores, o pastor procurou alguns vereadores e eles disseram n\u00e3o poder fazer nada tamb\u00e9m.<\/p>\n<p style=\"text-align: justify;\">Fui procurado para saber o que eu poderia propor o que eu poderia ajudar?<\/p>\n<p style=\"text-align: justify;\">Mas infelizmente ao meu ver eu como cidad\u00e3o n\u00e3o posso fazer nada pois elegemos os vereadores e prefeito para que sejam nossos representantes neste tocante&#8230;<\/p>\n<p style=\"text-align: justify;\">Mas eu fiquei com a pulga atras da orelha&#8230;&#8230;<\/p>\n<p style=\"text-align: justify;\">Eu fiquei curioso porque eu gosto de pesquisar e saber como as cidades vizinhas est\u00e3o se posicionando mediante a reabertura dos cultos religiosos.<\/p>\n<p style=\"text-align: justify;\">Me surpreendi que a grande maioria est\u00e3o autorizando a reabertura dos cultos religiosos, claro que com todas medidas de seguran\u00e7a sanit\u00e1rias necess\u00e1rias, as principais s\u00e3o distanciamento, limite de 20% e disponibiliza\u00e7\u00e3o de \u00e1lcool gel e uso de mascaras.<\/p>\n<p style=\"text-align: justify;\">Ent\u00e3o eu me pergunto e te pergunto&#8230;&#8230;<br \/>\nSera que n\u00e3o vale uma reflex\u00e3o?<\/p>\n<p style=\"text-align: justify;\">Porque sera que esta negligencia a necessidades dos pastores porque esta postura de nossos pol\u00edticos em se atualizar e se espelhar em cidades de nossas media\u00e7\u00f5es, vc acha que \u00e9 pregui\u00e7a ou incompet\u00eancia?<\/p>\n<p style=\"text-align: justify;\">Vale lembrar que os pastores teriam controle sobre essa abertura e seguiriam todo protocolo.<\/p>\n<p style=\"text-align: justify;\">Poss\u00edveis motivos para a n\u00e3o abertura:<\/p>\n<p style=\"text-align: justify;\">FALTA DE LEITOS<br \/>\nLembrando que dizer que a falta de leitos \u00e9 par\u00e2metro para essa medida mais en\u00e9rgica mas pensa comigo&#8230;<\/p>\n<p style=\"text-align: justify;\">Ser\u00e1 que a Feira livre n\u00e3o teria uma aglomera\u00e7\u00e3o ainda maior?<br \/>\nA feira livre esta autorizada.<\/p>\n<p style=\"text-align: justify;\">A NOSSA CIDADE \u00c9 PEQUENA<br \/>\nA cidade de Tupi Paulista \u00e9 uma cidade proporcionalmente igual a nossa e la o decreto restabelece a autoriza\u00e7\u00e3o da realiza\u00e7\u00e3o dos cultos religiosos.<\/p>\n<p style=\"text-align: justify;\">CONCLUINDO<\/p>\n<p style=\"text-align: justify;\">Bom vale a reflex\u00e3o eu n\u00e3o sou evang\u00e9lico mas me incomoda ver nenhum representante estar lutando por eles, eu nem iria me manifestar, mas pessoas me pediram para ajuda-las eu fico feliz em poder servir, de poder ajudar ja que pol\u00edticos n\u00e3o est\u00e3o conseguindo fazer uma politica cidad\u00e3 eu tenho de dispor do meu tempo livre como cidad\u00e3o e fazer esse trabalho politico.<\/p>\n<p style=\"text-align: justify;\">Acho que vale a ressalva dos nossos pol\u00edticos a reflex\u00e3o.<\/p>\n<p style=\"text-align: justify;\">Alias gostaria de afirmar prefeito pode fazer decreto sim, e vereador tamb\u00e9m pode colocar crit\u00e9rios de reabertura sim, basta ter conhecimento e parar de ser pregui\u00e7oso, ta tudo ahi na internet, eu achei a maioria dos decretos de nossa microrregi\u00e3o pelos sites oficiais de suas c\u00e2maras de vereadores e Prefeituras, ta tudo ai na internet eu achei em menos de 20 minutos.<\/p>\n<p style=\"text-align: justify;\">Levando em conta eu particularmente n\u00e3o sou a favor da reabertura dos cultos religiosos, mas se pudesse escolher entre a feira livre e a abertura das igrejas eu escolheria a abertura das igrejas pois poderia ser um ambiente mais controlado, e nem s\u00f3 de p\u00e3o vive o homem.<\/p>\n<p style=\"text-align: justify;\">Mas se parte da nossa comunidade religiosa anseia em ajudar pessoas, devemos levar em conta suas necessidades e assegurar os direitos delas tamb\u00e9m, n\u00e3o podemos fazer apenas que achamos certo pois o direito deve ser assegurado a todos, e democracia \u00e9 isso.<\/p>\n<p style=\"text-align: justify;\">Segue os trechos de alguns decretos de cidades em nossas media\u00e7\u00f5es.<\/p>\n<\/div>\n<div class=\"_3x-2\" data-ft=\"{&quot;tn&quot;:&quot;H&quot;}\">\n<div data-ft=\"{&quot;tn&quot;:&quot;H&quot;}\">\n<div class=\"mtm\">\n<div class=\"_2a2q _65sr\">\n<div class=\"uiScaledImageContainer\" style=\"text-align: justify;\"><img loading=\"lazy\" decoding=\"async\" class=\"scaledImageFitWidth img\" src=\"https:\/\/scontent.ftjl1-1.fna.fbcdn.net\/v\/t1.0-0\/p526x296\/115929404_2753127218126443_6385831717735948218_n.jpg?_nc_cat=105&amp;_nc_sid=8024bb&amp;_nc_ohc=jSljtEMz04AAX-rOeka&amp;_nc_ht=scontent.ftjl1-1.fna&amp;_nc_tp=6&amp;oh=374399d4b5f87e47aa13f48e4ffbf629&amp;oe=5F3C5EAE\" alt=\"A imagem pode conter: texto\" width=\"500\" height=\"449\" data-src=\"https:\/\/scontent.ftjl1-1.fna.fbcdn.net\/v\/t1.0-0\/p526x296\/115929404_2753127218126443_6385831717735948218_n.jpg?_nc_cat=105&amp;_nc_sid=8024bb&amp;_nc_ohc=jSljtEMz04AAX-rOeka&amp;_nc_ht=scontent.ftjl1-1.fna&amp;_nc_tp=6&amp;oh=374399d4b5f87e47aa13f48e4ffbf629&amp;oe=5F3C5EAE\" \/><\/div>\n<div class=\"_46-h\" style=\"text-align: justify;\"><img loading=\"lazy\" decoding=\"async\" class=\"_46-i img\" src=\"https:\/\/scontent.ftjl1-1.fna.fbcdn.net\/v\/t1.0-0\/s350x350\/115991155_2753127328126432_9040981437742849306_n.jpg?_nc_cat=102&amp;_nc_sid=8024bb&amp;_nc_ohc=Gz4bz_yrdMcAX9Ib84F&amp;_nc_ht=scontent.ftjl1-1.fna&amp;_nc_tp=7&amp;oh=5ce79de46cc57ef8dd08ea5d79f8f906&amp;oe=5F3E4CB7\" alt=\"A imagem pode conter: texto\" width=\"350\" height=\"257\" data-src=\"https:\/\/scontent.ftjl1-1.fna.fbcdn.net\/v\/t1.0-0\/s350x350\/115991155_2753127328126432_9040981437742849306_n.jpg?_nc_cat=102&amp;_nc_sid=8024bb&amp;_nc_ohc=Gz4bz_yrdMcAX9Ib84F&amp;_nc_ht=scontent.ftjl1-1.fna&amp;_nc_tp=7&amp;oh=5ce79de46cc57ef8dd08ea5d79f8f906&amp;oe=5F3E4CB7\" \/><\/div>\n<div class=\"_46-h\" style=\"text-align: justify;\"><img loading=\"lazy\" decoding=\"async\" class=\"_46-i img\" src=\"https:\/\/scontent.ftjl1-1.fna.fbcdn.net\/v\/t1.0-9\/s851x315\/115833319_2753127454793086_4673585303286048755_o.jpg?_nc_cat=109&amp;_nc_sid=8024bb&amp;_nc_ohc=3ekN4qK7WJsAX9_bZrv&amp;_nc_ht=scontent.ftjl1-1.fna&amp;_nc_tp=7&amp;oh=ea7bf6fa447408cb82746e6d72065f49&amp;oe=5F3B31DD\" alt=\"Nenhuma descri\u00e7\u00e3o de foto dispon\u00edvel.\" width=\"256\" height=\"315\" data-src=\"https:\/\/scontent.ftjl1-1.fna.fbcdn.net\/v\/t1.0-9\/s851x315\/115833319_2753127454793086_4673585303286048755_o.jpg?_nc_cat=109&amp;_nc_sid=8024bb&amp;_nc_ohc=3ekN4qK7WJsAX9_bZrv&amp;_nc_ht=scontent.ftjl1-1.fna&amp;_nc_tp=7&amp;oh=ea7bf6fa447408cb82746e6d72065f49&amp;oe=5F3B31DD\" \/><\/div>\n<div>Adriano ViePie<\/div>\n<\/div>\n<\/div>\n<\/div>\n<\/div>\n","protected":false},"excerpt":{"rendered":"<p>PROIBI\u00c7\u00c3O DE CULTOS RELIGIOSO EM OURO VERDE Fui procurado esses dias por alguns religiosos para realizar uma interpreta\u00e7\u00e3o do atual decreto municipal, eu tenho enorme satisfa\u00e7\u00e3o de poder ajudar sempre, o questionamento foi que o decreto n\u00e3o especifica a autoriza\u00e7\u00e3o da volta dos cultos religiosos. Inclusive uma igreja evang\u00e9lica de nossa cidade recebeu uma Notifica\u00e7\u00e3o [&hellip;]<\/p>\n","protected":false},"author":1,"featured_media":31140,"comment_status":"closed","ping_status":"open","sticky":false,"template":"","format":"standard","meta":{"footnotes":""},"categories":[179,110,186],"tags":[],"class_list":["post-31139","post","type-post","status-publish","format-standard","has-post-thumbnail","hentry","category-cidadeseregiao","category-noticiasdestaque","category-ouro-verde"],"_links":{"self":[{"href":"https:\/\/jorgezanoni.com.br\/2019\/wp-json\/wp\/v2\/posts\/31139","targetHints":{"allow":["GET"]}}],"collection":[{"href":"https:\/\/jorgezanoni.com.br\/2019\/wp-json\/wp\/v2\/posts"}],"about":[{"href":"https:\/\/jorgezanoni.com.br\/2019\/wp-json\/wp\/v2\/types\/post"}],"author":[{"embeddable":true,"href":"https:\/\/jorgezanoni.com.br\/2019\/wp-json\/wp\/v2\/users\/1"}],"replies":[{"embeddable":true,"href":"https:\/\/jorgezanoni.com.br\/2019\/wp-json\/wp\/v2\/comments?post=31139"}],"version-history":[{"count":0,"href":"https:\/\/jorgezanoni.com.br\/2019\/wp-json\/wp\/v2\/posts\/31139\/revisions"}],"wp:featuredmedia":[{"embeddable":true,"href":"https:\/\/jorgezanoni.com.br\/2019\/wp-json\/wp\/v2\/media\/31140"}],"wp:attachment":[{"href":"https:\/\/jorgezanoni.com.br\/2019\/wp-json\/wp\/v2\/media?parent=31139"}],"wp:term":[{"taxonomy":"category","embeddable":true,"href":"https:\/\/jorgezanoni.com.br\/2019\/wp-json\/wp\/v2\/categories?post=31139"},{"taxonomy":"post_tag","embeddable":true,"href":"https:\/\/jorgezanoni.com.br\/2019\/wp-json\/wp\/v2\/tags?post=31139"}],"curies":[{"name":"wp","href":"https:\/\/api.w.org\/{rel}","templated":true}]}}