{"id":31136,"date":"2020-07-21T14:39:30","date_gmt":"2020-07-21T14:39:30","guid":{"rendered":"https:\/\/jorgezanoni.com.br\/2019\/?p=31136"},"modified":"2020-07-21T14:39:30","modified_gmt":"2020-07-21T14:39:30","slug":"operacao-de-combate-ao-trafico-e-associacao-para-o-trafico-de-drogas-cumpre-mandados-de-prisao-em-pacaembu","status":"publish","type":"post","link":"https:\/\/jorgezanoni.com.br\/2019\/operacao-de-combate-ao-trafico-e-associacao-para-o-trafico-de-drogas-cumpre-mandados-de-prisao-em-pacaembu\/","title":{"rendered":"Opera\u00e7\u00e3o de combate ao tr\u00e1fico e associa\u00e7\u00e3o para o tr\u00e1fico de drogas cumpre mandados de pris\u00e3o em Pacaembu"},"content":{"rendered":"<h2 class=\"content-head__subtitle\" style=\"text-align: justify;\"><strong>A\u00e7\u00e3o da Pol\u00edcia Civil ainda deu cumprimento a mandados de busca e apreens\u00e3o domiciliar e registrou duas pris\u00f5es em flagrante.<\/strong><\/h2>\n<div class=\"row medium-uncollapsed content-media content-photo\" data-block-type=\"backstage-photo\" data-block-id=\"0\">\n<div class=\"mc-column content-media__container\">\n<figure><img decoding=\"async\" class=\"i-amphtml-fill-content i-amphtml-replaced-content\" src=\"https:\/\/s2.glbimg.com\/IO3E7x5MvX4IZCG3FKbag-DAoH0=\/0x0:1152x864\/984x0\/smart\/filters:strip_icc()\/i.s3.glbimg.com\/v1\/AUTH_59edd422c0c84a879bd37670ae4f538a\/internal_photos\/bs\/2020\/g\/h\/TsCrAkQwq2TsGchesF6g\/whatsapp-image-2020-07-21-at-07.01.44-3-.jpeg\" sizes=\"(max-width: 1242px) 648px, 100vw\" srcset=\"https:\/\/s2.glbimg.com\/kzsalTSn5KxWoFvn7_Jl4AhWYNo=\/0x0:1152x864\/1000x0\/smart\/filters:strip_icc()\/i.s3.glbimg.com\/v1\/AUTH_59edd422c0c84a879bd37670ae4f538a\/internal_photos\/bs\/2020\/g\/h\/TsCrAkQwq2TsGchesF6g\/whatsapp-image-2020-07-21-at-07.01.44-3-.jpeg 1000w, https:\/\/s2.glbimg.com\/IO3E7x5MvX4IZCG3FKbag-DAoH0=\/0x0:1152x864\/984x0\/smart\/filters:strip_icc()\/i.s3.glbimg.com\/v1\/AUTH_59edd422c0c84a879bd37670ae4f538a\/internal_photos\/bs\/2020\/g\/h\/TsCrAkQwq2TsGchesF6g\/whatsapp-image-2020-07-21-at-07.01.44-3-.jpeg 984w, https:\/\/s2.glbimg.com\/p1JYfvliNEWPmMgDLUPBbaCYqs0=\/0x0:1152x864\/640x0\/smart\/filters:strip_icc()\/i.s3.glbimg.com\/v1\/AUTH_59edd422c0c84a879bd37670ae4f538a\/internal_photos\/bs\/2020\/g\/h\/TsCrAkQwq2TsGchesF6g\/whatsapp-image-2020-07-21-at-07.01.44-3-.jpeg 640w, https:\/\/s2.glbimg.com\/oQQd-AkGjeKmXasEzPn5AyRmkhE=\/0x0:1152x864\/600x0\/smart\/filters:strip_icc()\/i.s3.glbimg.com\/v1\/AUTH_59edd422c0c84a879bd37670ae4f538a\/internal_photos\/bs\/2020\/g\/h\/TsCrAkQwq2TsGchesF6g\/whatsapp-image-2020-07-21-at-07.01.44-3-.jpeg 600w\" alt=\"Opera\u00e7\u00e3o Delgado foi realizada em Pacaembu pela Pol\u00edcia Civil, com apoio da Pol\u00edcia Militar \u2014 Foto: Pol\u00edcia Civil\" \/><\/figure>\n<p class=\"content-media__description \" style=\"text-align: justify;\">Opera\u00e7\u00e3o Delgado foi realizada em Pacaembu pela Pol\u00edcia Civil, com apoio da Pol\u00edcia Militar \u2014 Foto: Pol\u00edcia Civil<\/p>\n<\/div>\n<\/div>\n<div class=\"mc-column content-text active-extra-styles \" style=\"text-align: justify;\" data-block-type=\"unstyled\" data-block-weight=\"47\" data-block-id=\"2\">\n<p class=\"content-text__container \" data-track-category=\"Link no Texto\" data-track-links=\"\">A Pol\u00edcia Civil realiza, nesta ter\u00e7a-feira (21), em\u00a0<a href=\"http:\/\/g1.globo.com\/sp\/presidente-prudente-regiao\/cidade\/pacaembu.html\">Pacaembu<\/a>, uma opera\u00e7\u00e3o de combate ao tr\u00e1fico e \u00e0 associa\u00e7\u00e3o para o tr\u00e1fico de drogas. A a\u00e7\u00e3o, denominada Delgado, cumpriu 15 mandados de pris\u00e3o tempor\u00e1ria e 17 mandados de busca e apreens\u00e3o, bem como registrou um flagrante de tr\u00e1fico.<\/p>\n<\/div>\n<div class=\"wall protected-content\">\n<div class=\"mc-column content-text active-extra-styles \" style=\"text-align: justify;\" data-block-type=\"unstyled\" data-block-weight=\"50\" data-block-id=\"3\">\n<p class=\"content-text__container \" data-track-category=\"Link no Texto\" data-track-links=\"\">Ap\u00f3s v\u00e1rios meses de investiga\u00e7\u00e3o relacionado aos crimes de tr\u00e1fico e associa\u00e7\u00e3o ao tr\u00e1fico, cometidos no munic\u00edpio, na madrugada desta ter\u00e7a-feira, a Pol\u00edcia Civil, com o apoio da Pol\u00edcia Militar, deflagraram a opera\u00e7\u00e3o para o cumprimento de mandados de pris\u00e3o tempor\u00e1ria e mandados de busca e apreens\u00e3o domiciliar em Pacaembu.<\/p>\n<\/div>\n<div class=\"mc-column content-text active-extra-styles \" style=\"text-align: justify;\" data-block-type=\"unstyled\" data-block-weight=\"8\" data-block-id=\"4\">\n<p class=\"content-text__container \" data-track-category=\"Link no Texto\" data-track-links=\"\">At\u00e9 as 10h30, o balan\u00e7o da opera\u00e7\u00e3o era:<\/p>\n<\/div>\n<div class=\"mc-column content-text active-extra-styles\" style=\"text-align: justify;\" data-block-type=\"raw\" data-block-weight=\"42\" data-block-id=\"5\">\n<ul class=\"content-unordered-list\">\n<li>13 mandados de pris\u00e3o cumpridos<\/li>\n<li>17 mandados de busca cumpridos<\/li>\n<li>2 flagrantes por tr\u00e1fico (contra ambos havia mandado de pris\u00e3o)<\/li>\n<li>1 termo circunstanciado por porte de entorpecente<\/li>\n<li>Total de 14 pessoas presas, destas tr\u00eas s\u00e3o do sexo feminino<\/li>\n<li>Apreendidos drogas e celulares<\/li>\n<\/ul>\n<\/div>\n<div class=\"row medium-uncollapsed content-media content-photo\" style=\"text-align: justify;\" data-block-type=\"backstage-photo\" data-block-id=\"6\">\n<div class=\"mc-column content-media__container\">\n<figure><img decoding=\"async\" class=\"i-amphtml-fill-content i-amphtml-replaced-content\" src=\"https:\/\/s2.glbimg.com\/RigoJ5IbqvXCZoizoDZYOCMRxaQ=\/0x227:585x801\/984x0\/smart\/filters:strip_icc()\/i.s3.glbimg.com\/v1\/AUTH_59edd422c0c84a879bd37670ae4f538a\/internal_photos\/bs\/2020\/L\/M\/NWJUqPSvG4t1kN3UdgeA\/whatsapp-image-2020-07-21-at-07.01.44.jpeg\" sizes=\"(max-width: 1242px) 648px, 100vw\" srcset=\"https:\/\/s2.glbimg.com\/4s_QV6xCZEOmbeP-PeEkMTwY73w=\/0x227:585x801\/1000x0\/smart\/filters:strip_icc()\/i.s3.glbimg.com\/v1\/AUTH_59edd422c0c84a879bd37670ae4f538a\/internal_photos\/bs\/2020\/L\/M\/NWJUqPSvG4t1kN3UdgeA\/whatsapp-image-2020-07-21-at-07.01.44.jpeg 1000w, https:\/\/s2.glbimg.com\/RigoJ5IbqvXCZoizoDZYOCMRxaQ=\/0x227:585x801\/984x0\/smart\/filters:strip_icc()\/i.s3.glbimg.com\/v1\/AUTH_59edd422c0c84a879bd37670ae4f538a\/internal_photos\/bs\/2020\/L\/M\/NWJUqPSvG4t1kN3UdgeA\/whatsapp-image-2020-07-21-at-07.01.44.jpeg 984w, https:\/\/s2.glbimg.com\/ZQayzAvIsGkA8GMj2NtsAvST1bI=\/0x227:585x801\/640x0\/smart\/filters:strip_icc()\/i.s3.glbimg.com\/v1\/AUTH_59edd422c0c84a879bd37670ae4f538a\/internal_photos\/bs\/2020\/L\/M\/NWJUqPSvG4t1kN3UdgeA\/whatsapp-image-2020-07-21-at-07.01.44.jpeg 640w, https:\/\/s2.glbimg.com\/_NDU-aksC7KsaVYHDEE9HuIXVnM=\/0x227:585x801\/600x0\/smart\/filters:strip_icc()\/i.s3.glbimg.com\/v1\/AUTH_59edd422c0c84a879bd37670ae4f538a\/internal_photos\/bs\/2020\/L\/M\/NWJUqPSvG4t1kN3UdgeA\/whatsapp-image-2020-07-21-at-07.01.44.jpeg 600w\" alt=\"Opera\u00e7\u00e3o Delgado foi realizada em Pacaembu pela Pol\u00edcia Civil, com apoio da Pol\u00edcia Militar \u2014 Foto: Pol\u00edcia Civil\" \/><\/figure>\n<p class=\"content-media__description \">Opera\u00e7\u00e3o Delgado foi realizada em Pacaembu pela Pol\u00edcia Civil, com apoio da Pol\u00edcia Militar \u2014 Foto: Pol\u00edcia Civil<\/p>\n<\/div>\n<\/div>\n<div class=\"mc-column content-text active-extra-styles \" style=\"text-align: justify;\" data-block-type=\"unstyled\" data-block-weight=\"30\" data-block-id=\"8\">\n<p class=\"content-text__container \" data-track-category=\"Link no Texto\" data-track-links=\"\">A opera\u00e7\u00e3o \u201cDelgado\u201d, que significa \u201cMagro\u201d em espanhol, come\u00e7ou com uma investiga\u00e7\u00e3o em rela\u00e7\u00e3o a um indiv\u00edduo que possu\u00eda tal apelido e que j\u00e1 havia sido preso por tr\u00e1fico anteriormente.<\/p>\n<\/div>\n<div class=\"mc-column content-text active-extra-styles \" style=\"text-align: justify;\" data-block-type=\"unstyled\" data-block-weight=\"26\" data-block-id=\"9\">\n<p class=\"content-text__container \" data-track-category=\"Link no Texto\" data-track-links=\"\">O investigado continuou a praticar o tr\u00e1fico de drogas, arregimentando ainda outros indiv\u00edduos que se associaram ao mesmo. Os outros envolvidos tamb\u00e9m foram identificados.<\/p>\n<\/div>\n<div class=\"mc-column content-text active-extra-styles \" style=\"text-align: justify;\" data-block-type=\"unstyled\" data-block-weight=\"16\" data-block-id=\"10\">\n<p class=\"content-text__container \" data-track-category=\"Link no Texto\" data-track-links=\"\">As pris\u00f5es tempor\u00e1rias t\u00eam a dura\u00e7\u00e3o de 30 dias e podem ser prorrogadas pelo mesmo per\u00edodo.<\/p>\n<\/div>\n<div class=\"mc-column content-text active-extra-styles \" style=\"text-align: justify;\" data-block-type=\"unstyled\" data-block-weight=\"29\" data-block-id=\"11\">\n<p class=\"content-text__container \" data-track-category=\"Link no Texto\" data-track-links=\"\">Ap\u00f3s o cumprimento dos mandados, as dilig\u00eancias devem prosseguir com o objetivo de aprofundar as investiga\u00e7\u00f5es, al\u00e9m da apurar eventual envolvimento de outros indiv\u00edduos com o tr\u00e1fico de drogas.<\/p>\n<\/div>\n<div class=\"row medium-uncollapsed content-media content-photo\" style=\"text-align: justify;\" data-block-type=\"backstage-photo\" data-block-id=\"12\">\n<div class=\"mc-column content-media__container\">\n<figure><img decoding=\"async\" class=\"i-amphtml-fill-content i-amphtml-replaced-content\" src=\"https:\/\/s2.glbimg.com\/6avJAWFIwpGsczLMHTGUj75rrTc=\/0x209:591x1108\/984x0\/smart\/filters:strip_icc()\/i.s3.glbimg.com\/v1\/AUTH_59edd422c0c84a879bd37670ae4f538a\/internal_photos\/bs\/2020\/3\/u\/QrmMeUTjqzcgi31zGcLw\/whatsapp-image-2020-07-21-at-07.01.44-2-.jpeg\" sizes=\"(max-width: 1242px) 648px, 100vw\" srcset=\"https:\/\/s2.glbimg.com\/GaPYD59NFs-XNTIhOvCBOz2m31k=\/0x209:591x1108\/1000x0\/smart\/filters:strip_icc()\/i.s3.glbimg.com\/v1\/AUTH_59edd422c0c84a879bd37670ae4f538a\/internal_photos\/bs\/2020\/3\/u\/QrmMeUTjqzcgi31zGcLw\/whatsapp-image-2020-07-21-at-07.01.44-2-.jpeg 1000w, https:\/\/s2.glbimg.com\/6avJAWFIwpGsczLMHTGUj75rrTc=\/0x209:591x1108\/984x0\/smart\/filters:strip_icc()\/i.s3.glbimg.com\/v1\/AUTH_59edd422c0c84a879bd37670ae4f538a\/internal_photos\/bs\/2020\/3\/u\/QrmMeUTjqzcgi31zGcLw\/whatsapp-image-2020-07-21-at-07.01.44-2-.jpeg 984w, https:\/\/s2.glbimg.com\/EjrnE80VunI5187VwHtFf8vMll0=\/0x209:591x1108\/640x0\/smart\/filters:strip_icc()\/i.s3.glbimg.com\/v1\/AUTH_59edd422c0c84a879bd37670ae4f538a\/internal_photos\/bs\/2020\/3\/u\/QrmMeUTjqzcgi31zGcLw\/whatsapp-image-2020-07-21-at-07.01.44-2-.jpeg 640w, https:\/\/s2.glbimg.com\/tHhx6_haIKmM6bARwPv7ek7BKw8=\/0x209:591x1108\/600x0\/smart\/filters:strip_icc()\/i.s3.glbimg.com\/v1\/AUTH_59edd422c0c84a879bd37670ae4f538a\/internal_photos\/bs\/2020\/3\/u\/QrmMeUTjqzcgi31zGcLw\/whatsapp-image-2020-07-21-at-07.01.44-2-.jpeg 600w\" alt=\"Opera\u00e7\u00e3o Delgado foi realizada em Pacaembu pela Pol\u00edcia Civil, com apoio da Pol\u00edcia Militar \u2014 Foto: Pol\u00edcia Civil\" \/><\/figure>\n<p class=\"content-media__description \">Opera\u00e7\u00e3o Delgado foi realizada em Pacaembu pela Pol\u00edcia Civil, com apoio da Pol\u00edcia Militar \u2014 Foto: Pol\u00edcia Civil<\/p>\n<\/div>\n<\/div>\n<div class=\"row medium-uncollapsed content-media content-photo\" style=\"text-align: justify;\" data-block-type=\"backstage-photo\" data-block-id=\"13\">\n<div class=\"mc-column content-media__container\">\n<figure><img decoding=\"async\" class=\"i-amphtml-fill-content i-amphtml-replaced-content\" src=\"https:\/\/s2.glbimg.com\/v6gx5Bbyhnx5BtWb_BpvXaRSGf4=\/0x0:1280x622\/984x0\/smart\/filters:strip_icc()\/i.s3.glbimg.com\/v1\/AUTH_59edd422c0c84a879bd37670ae4f538a\/internal_photos\/bs\/2020\/H\/q\/KoYJQmRSutD24X4EmDwA\/whatsapp-image-2020-07-21-at-07.01.44-1-.jpeg\" sizes=\"(max-width: 1242px) 648px, 100vw\" srcset=\"https:\/\/s2.glbimg.com\/xDmIoWVg28vdyFxZ58FVgvglmws=\/0x0:1280x622\/1000x0\/smart\/filters:strip_icc()\/i.s3.glbimg.com\/v1\/AUTH_59edd422c0c84a879bd37670ae4f538a\/internal_photos\/bs\/2020\/H\/q\/KoYJQmRSutD24X4EmDwA\/whatsapp-image-2020-07-21-at-07.01.44-1-.jpeg 1000w, https:\/\/s2.glbimg.com\/v6gx5Bbyhnx5BtWb_BpvXaRSGf4=\/0x0:1280x622\/984x0\/smart\/filters:strip_icc()\/i.s3.glbimg.com\/v1\/AUTH_59edd422c0c84a879bd37670ae4f538a\/internal_photos\/bs\/2020\/H\/q\/KoYJQmRSutD24X4EmDwA\/whatsapp-image-2020-07-21-at-07.01.44-1-.jpeg 984w, https:\/\/s2.glbimg.com\/CHb3X8KnKLcrbdWN9OKR92piQc8=\/0x0:1280x622\/640x0\/smart\/filters:strip_icc()\/i.s3.glbimg.com\/v1\/AUTH_59edd422c0c84a879bd37670ae4f538a\/internal_photos\/bs\/2020\/H\/q\/KoYJQmRSutD24X4EmDwA\/whatsapp-image-2020-07-21-at-07.01.44-1-.jpeg 640w, https:\/\/s2.glbimg.com\/Xl7yJIHBmvAQFMK0fXVym1irlLs=\/0x0:1280x622\/600x0\/smart\/filters:strip_icc()\/i.s3.glbimg.com\/v1\/AUTH_59edd422c0c84a879bd37670ae4f538a\/internal_photos\/bs\/2020\/H\/q\/KoYJQmRSutD24X4EmDwA\/whatsapp-image-2020-07-21-at-07.01.44-1-.jpeg 600w\" alt=\"Opera\u00e7\u00e3o Delgado foi realizada em Pacaembu pela Pol\u00edcia Civil, com apoio da Pol\u00edcia Militar \u2014 Foto: Pol\u00edcia Civil\" \/><\/figure>\n<p class=\"content-media__description \">Opera\u00e7\u00e3o Delgado foi realizada em Pacaembu pela Pol\u00edcia Civil, com apoio da Pol\u00edcia Militar \u2014 Foto: Pol\u00edcia Civil<\/p>\n<p>Fonte: G1<\/p>\n<\/div>\n<\/div>\n<div class=\"content-ads content-ads--reveal\" data-block-type=\"ads\" data-block-id=\"14\">\n<div id=\"banner_materia__884c439b-c9b0-498d-ac0f-6aaf025247ff\" class=\"tag-manager-publicidade-container mc-has-reveal mc-has-ad-lazyload tag-manager-publicidade-banner_materia__884c439b-c9b0-498d-ac0f-6aaf025247ff tag-manager-publicidade-container--carregado tag-manager-publicidade-container--visivel\" style=\"text-align: justify;\" data-id=\"banner_materia__884c439b-c9b0-498d-ac0f-6aaf025247ff\" data-google-query-id=\"CJyQ2a_I3uoCFRQ_6QodBUED3w\" data-cid=\"138317255907\" data-lid=\"5418674841\"><\/div>\n<\/div>\n<\/div>\n","protected":false},"excerpt":{"rendered":"<p>A\u00e7\u00e3o da Pol\u00edcia Civil ainda deu cumprimento a mandados de busca e apreens\u00e3o domiciliar e registrou duas pris\u00f5es em flagrante. Opera\u00e7\u00e3o Delgado foi realizada em Pacaembu pela Pol\u00edcia Civil, com apoio da Pol\u00edcia Militar \u2014 Foto: Pol\u00edcia Civil A Pol\u00edcia Civil realiza, nesta ter\u00e7a-feira (21), em\u00a0Pacaembu, uma opera\u00e7\u00e3o de combate ao tr\u00e1fico e \u00e0 associa\u00e7\u00e3o [&hellip;]<\/p>\n","protected":false},"author":1,"featured_media":31137,"comment_status":"closed","ping_status":"open","sticky":false,"template":"","format":"standard","meta":{"footnotes":""},"categories":[110,2],"tags":[],"class_list":["post-31136","post","type-post","status-publish","format-standard","has-post-thumbnail","hentry","category-noticiasdestaque","category-policial"],"_links":{"self":[{"href":"https:\/\/jorgezanoni.com.br\/2019\/wp-json\/wp\/v2\/posts\/31136","targetHints":{"allow":["GET"]}}],"collection":[{"href":"https:\/\/jorgezanoni.com.br\/2019\/wp-json\/wp\/v2\/posts"}],"about":[{"href":"https:\/\/jorgezanoni.com.br\/2019\/wp-json\/wp\/v2\/types\/post"}],"author":[{"embeddable":true,"href":"https:\/\/jorgezanoni.com.br\/2019\/wp-json\/wp\/v2\/users\/1"}],"replies":[{"embeddable":true,"href":"https:\/\/jorgezanoni.com.br\/2019\/wp-json\/wp\/v2\/comments?post=31136"}],"version-history":[{"count":0,"href":"https:\/\/jorgezanoni.com.br\/2019\/wp-json\/wp\/v2\/posts\/31136\/revisions"}],"wp:featuredmedia":[{"embeddable":true,"href":"https:\/\/jorgezanoni.com.br\/2019\/wp-json\/wp\/v2\/media\/31137"}],"wp:attachment":[{"href":"https:\/\/jorgezanoni.com.br\/2019\/wp-json\/wp\/v2\/media?parent=31136"}],"wp:term":[{"taxonomy":"category","embeddable":true,"href":"https:\/\/jorgezanoni.com.br\/2019\/wp-json\/wp\/v2\/categories?post=31136"},{"taxonomy":"post_tag","embeddable":true,"href":"https:\/\/jorgezanoni.com.br\/2019\/wp-json\/wp\/v2\/tags?post=31136"}],"curies":[{"name":"wp","href":"https:\/\/api.w.org\/{rel}","templated":true}]}}