{"id":31133,"date":"2020-07-21T14:14:04","date_gmt":"2020-07-21T14:14:04","guid":{"rendered":"https:\/\/jorgezanoni.com.br\/2019\/?p=31133"},"modified":"2020-07-21T14:14:04","modified_gmt":"2020-07-21T14:14:04","slug":"policia-militar-prende-homem-procurado-da-justica-em-dracena","status":"publish","type":"post","link":"https:\/\/jorgezanoni.com.br\/2019\/policia-militar-prende-homem-procurado-da-justica-em-dracena\/","title":{"rendered":"Pol\u00edcia Militar prende homem procurado da Justi\u00e7a em Dracena"},"content":{"rendered":"<p style=\"text-align: justify;\">Durante patrulhamento de For\u00e7a T\u00e1tica pelo munic\u00edpio de Dracena, no dia 20 por volta das 20h, ap\u00f3s os policiais receberem informa\u00e7\u00f5es de mandado de pris\u00e3o em desfavor do indiv\u00edduo de 39 anos, foram at\u00e9 a resid\u00eancia do mesmo, onde foi localizado e abordado. Ap\u00f3s tomar conhecimento do referido mandado, o procurado foi encaminhado a delegacia onde permaneceu preso a disposi\u00e7\u00e3o da justi\u00e7a.<\/p>\n<p><a class=\"_58cn\" href=\"https:\/\/www.facebook.com\/hashtag\/25bpmi?__eep__=6&amp;epa=HASHTAG\" data-ft=\"{&quot;type&quot;:104,&quot;tn&quot;:&quot;*N&quot;}\">#25bpmi<\/a><br \/>\n<a class=\"_58cn\" href=\"https:\/\/www.facebook.com\/hashtag\/poli%CC%81ciamilitarsp?__eep__=6&amp;epa=HASHTAG\" data-ft=\"{&quot;type&quot;:104,&quot;tn&quot;:&quot;*N&quot;}\">#POLI\u0301CIAMILITARSP<\/a><br \/>\n<a class=\"_58cn\" href=\"https:\/\/www.facebook.com\/hashtag\/afor%C3%A7ap%C3%BAblicades%C3%A3opaulo?__eep__=6&amp;epa=HASHTAG\" data-ft=\"{&quot;type&quot;:104,&quot;tn&quot;:&quot;*N&quot;}\">#AFOR\u00c7AP\u00daBLICADES\u00c3OPAULO<\/a><br \/>\nCOMUNICA\u00c7\u00c3O SOCIAL DO 25\u00b0BPM\/I<\/p>\n","protected":false},"excerpt":{"rendered":"<p>Durante patrulhamento de For\u00e7a T\u00e1tica pelo munic\u00edpio de Dracena, no dia 20 por volta das 20h, ap\u00f3s os policiais receberem informa\u00e7\u00f5es de mandado de pris\u00e3o em desfavor do indiv\u00edduo de 39 anos, foram at\u00e9 a resid\u00eancia do mesmo, onde foi localizado e abordado. Ap\u00f3s tomar conhecimento do referido mandado, o procurado foi encaminhado a delegacia [&hellip;]<\/p>\n","protected":false},"author":1,"featured_media":31134,"comment_status":"closed","ping_status":"open","sticky":false,"template":"","format":"standard","meta":{"footnotes":""},"categories":[2],"tags":[],"class_list":["post-31133","post","type-post","status-publish","format-standard","has-post-thumbnail","hentry","category-policial"],"_links":{"self":[{"href":"https:\/\/jorgezanoni.com.br\/2019\/wp-json\/wp\/v2\/posts\/31133","targetHints":{"allow":["GET"]}}],"collection":[{"href":"https:\/\/jorgezanoni.com.br\/2019\/wp-json\/wp\/v2\/posts"}],"about":[{"href":"https:\/\/jorgezanoni.com.br\/2019\/wp-json\/wp\/v2\/types\/post"}],"author":[{"embeddable":true,"href":"https:\/\/jorgezanoni.com.br\/2019\/wp-json\/wp\/v2\/users\/1"}],"replies":[{"embeddable":true,"href":"https:\/\/jorgezanoni.com.br\/2019\/wp-json\/wp\/v2\/comments?post=31133"}],"version-history":[{"count":0,"href":"https:\/\/jorgezanoni.com.br\/2019\/wp-json\/wp\/v2\/posts\/31133\/revisions"}],"wp:featuredmedia":[{"embeddable":true,"href":"https:\/\/jorgezanoni.com.br\/2019\/wp-json\/wp\/v2\/media\/31134"}],"wp:attachment":[{"href":"https:\/\/jorgezanoni.com.br\/2019\/wp-json\/wp\/v2\/media?parent=31133"}],"wp:term":[{"taxonomy":"category","embeddable":true,"href":"https:\/\/jorgezanoni.com.br\/2019\/wp-json\/wp\/v2\/categories?post=31133"},{"taxonomy":"post_tag","embeddable":true,"href":"https:\/\/jorgezanoni.com.br\/2019\/wp-json\/wp\/v2\/tags?post=31133"}],"curies":[{"name":"wp","href":"https:\/\/api.w.org\/{rel}","templated":true}]}}