{"id":31104,"date":"2020-07-21T02:33:26","date_gmt":"2020-07-21T02:33:26","guid":{"rendered":"https:\/\/jorgezanoni.com.br\/2019\/?p=31104"},"modified":"2020-07-21T13:15:09","modified_gmt":"2020-07-21T13:15:09","slug":"tragedia-anunciada-idoso-que-se-envolveu-em-acidente-entre-moto-e-ambulancia-na-magid-zacharias-veio-a-obito","status":"publish","type":"post","link":"https:\/\/jorgezanoni.com.br\/2019\/tragedia-anunciada-idoso-que-se-envolveu-em-acidente-entre-moto-e-ambulancia-na-magid-zacharias-veio-a-obito\/","title":{"rendered":"TRAG\u00c9DIA ANUNCIADA: Idoso que se envolveu em acidente entre moto e ambul\u00e2ncia na Magid Zacharias, veio a \u00f3bito"},"content":{"rendered":"<p style=\"text-align: justify;\"><strong>Ivaldo Jorge da Silva de 73 anos, faleceu agora a noite no Hospital Regional de Presidente Prudente e ser\u00e1 velado no Memorial Vida Prev amanh\u00e3 a partir das 09:00 Horas com Sepultamento as 16:00 Horas no Cemit\u00e9rio de Dracena.<\/strong><\/p>\n<p><img loading=\"lazy\" decoding=\"async\" class=\"alignnone size-full wp-image-31119\" src=\"https:\/\/jorgezanoni.com.br\/2019\/wp-content\/uploads\/2020\/07\/Ivaldo.jpg\" alt=\"\" width=\"1280\" height=\"714\" srcset=\"https:\/\/jorgezanoni.com.br\/2019\/wp-content\/uploads\/2020\/07\/Ivaldo.jpg 1280w, https:\/\/jorgezanoni.com.br\/2019\/wp-content\/uploads\/2020\/07\/Ivaldo-300x167.jpg 300w, https:\/\/jorgezanoni.com.br\/2019\/wp-content\/uploads\/2020\/07\/Ivaldo-1024x571.jpg 1024w, https:\/\/jorgezanoni.com.br\/2019\/wp-content\/uploads\/2020\/07\/Ivaldo-768x428.jpg 768w, https:\/\/jorgezanoni.com.br\/2019\/wp-content\/uploads\/2020\/07\/Ivaldo-696x388.jpg 696w, https:\/\/jorgezanoni.com.br\/2019\/wp-content\/uploads\/2020\/07\/Ivaldo-1068x596.jpg 1068w, https:\/\/jorgezanoni.com.br\/2019\/wp-content\/uploads\/2020\/07\/Ivaldo-753x420.jpg 753w\" sizes=\"auto, (max-width: 1280px) 100vw, 1280px\" \/><\/p>\n<p style=\"text-align: justify;\">Ontem (19) no in\u00edcio da tarde, houve um acidente onde foram v\u00edtimas tr\u00eas pessoas de Dracena, no acesso \u00e0 cidade de Ouro Verde, quando o condutor perdeu o controle de dire\u00e7\u00e3o e o ve\u00edculo acabou chocando-se contra uma \u00e1rvore. Ficaram feridos pai e m\u00e3e de 26 anos e o filho do casal de 1 ano e nove meses.<\/p>\n<p style=\"text-align: justify;\">Uma Ambul\u00e2ncia que ajudou no socorro das v\u00edtimas, trazia a crian\u00e7a para o Pronto Atendimento Municipal de Dracena, quando h\u00e1 uma quadra da Santa Casa, mais precisamente na esquina das ruas S\u00e3o Paulo com a Magid Zacharias, se envolveu em acidente com uma Motocicleta.<\/p>\n<p style=\"text-align: justify;\">A moto era conduzida pelo idoso que fazia o sentido jardim Kenedy ao Posto Alvorada pela Magid e acabou colidindo com a Ambul\u00e2ncia que fazia o sentido centro a Santa Casa pela S\u00e3o Paulo.<\/p>\n<p style=\"text-align: justify;\">O idoso foi socorrido com ferimentos considerados graves ao Pronto Atendimento Municipal, ap\u00f3s foi transferido para Presidente Prudente e no in\u00edcio da noite n\u00e3o resistiu e veio a \u00f3bito.<\/p>\n<p style=\"text-align: justify;\">O Site JZ e mais \u00f3rg\u00e3os de imprensa por in\u00fameras vezes cobraram provid\u00eancias de diversos \u00f3rg\u00e3os, principalmente da Prefeitura e Secretaria de Assuntos Vi\u00e1rios, mas at\u00e9 agora ningu\u00e9m tomou qualquer tipo de provid\u00eancia. Ser\u00e1 que ap\u00f3s essa morte onde uma fam\u00edlia chora a perda de seu ente querido algu\u00e9m do poder p\u00fablico municipal vai se sensibilizar e tomar alguma atitude para resolver de vez o problema, ou vai esperar morrer mais gente? Em vez de gastar por exemplo com Sem\u00e1foros, porque n\u00e3o se resolve um problema grav\u00edssimo como esse que cansamos de apontar. Muito triste em ver uma administra\u00e7\u00e3o mais preocupada com obras politiqueiras do que algo concreto para a seguran\u00e7a de seres humanos.<\/p>\n<p style=\"text-align: justify;\">Jorge Zanoni<\/p>\n<blockquote class=\"wp-embedded-content\" data-secret=\"IVuLnnHIwK\"><p><a href=\"https:\/\/jorgezanoni.com.br\/2019\/2020\/07\/19\/acidente-com-familia-de-dracena-na-entrada-da-cidade-de-ouro-verde\/\">Acidente com familia de Dracena na entrada da cidade de Ouro Verde<\/a><\/p><\/blockquote>\n<p><iframe loading=\"lazy\" class=\"wp-embedded-content\" sandbox=\"allow-scripts\" security=\"restricted\" style=\"position: absolute; clip: rect(1px, 1px, 1px, 1px);\" title=\"&#8220;Acidente com familia de Dracena na entrada da cidade de Ouro Verde&#8221; &#8212; Jorge Zanoni\" src=\"https:\/\/jorgezanoni.com.br\/2019\/2020\/07\/19\/acidente-com-familia-de-dracena-na-entrada-da-cidade-de-ouro-verde\/embed\/#?secret=IVuLnnHIwK\" data-secret=\"IVuLnnHIwK\" width=\"600\" height=\"338\" frameborder=\"0\" marginwidth=\"0\" marginheight=\"0\" scrolling=\"no\"><\/iframe><\/p>\n<blockquote class=\"wp-embedded-content\" data-secret=\"Xw4fa9vsO4\"><p><a href=\"https:\/\/jorgezanoni.com.br\/2019\/2020\/07\/19\/ambulancia-que-trazia-crianca-do-acidente-de-ouro-verde-bate-com-moto-em-dracena\/\">Ambul\u00e2ncia que trazia crian\u00e7a do acidente de Ouro Verde bate com moto em Dracena<\/a><\/p><\/blockquote>\n<p><iframe loading=\"lazy\" class=\"wp-embedded-content\" sandbox=\"allow-scripts\" security=\"restricted\" style=\"position: absolute; clip: rect(1px, 1px, 1px, 1px);\" title=\"&#8220;Ambul\u00e2ncia que trazia crian\u00e7a do acidente de Ouro Verde bate com moto em Dracena&#8221; &#8212; Jorge Zanoni\" src=\"https:\/\/jorgezanoni.com.br\/2019\/2020\/07\/19\/ambulancia-que-trazia-crianca-do-acidente-de-ouro-verde-bate-com-moto-em-dracena\/embed\/#?secret=Xw4fa9vsO4\" data-secret=\"Xw4fa9vsO4\" width=\"600\" height=\"338\" frameborder=\"0\" marginwidth=\"0\" marginheight=\"0\" scrolling=\"no\"><\/iframe><\/p>\n","protected":false},"excerpt":{"rendered":"<p>Ivaldo Jorge da Silva de 73 anos, faleceu agora a noite no Hospital Regional de Presidente Prudente e ser\u00e1 velado no Memorial Vida Prev amanh\u00e3 a partir das 09:00 Horas com Sepultamento as 16:00 Horas no Cemit\u00e9rio de Dracena. Ontem (19) no in\u00edcio da tarde, houve um acidente onde foram v\u00edtimas tr\u00eas pessoas de Dracena, [&hellip;]<\/p>\n","protected":false},"author":1,"featured_media":31105,"comment_status":"closed","ping_status":"open","sticky":false,"template":"","format":"standard","meta":{"footnotes":""},"categories":[170,178,110],"tags":[],"class_list":["post-31104","post","type-post","status-publish","format-standard","has-post-thumbnail","hentry","category-acidentes","category-notadefalecimento","category-noticiasdestaque"],"_links":{"self":[{"href":"https:\/\/jorgezanoni.com.br\/2019\/wp-json\/wp\/v2\/posts\/31104","targetHints":{"allow":["GET"]}}],"collection":[{"href":"https:\/\/jorgezanoni.com.br\/2019\/wp-json\/wp\/v2\/posts"}],"about":[{"href":"https:\/\/jorgezanoni.com.br\/2019\/wp-json\/wp\/v2\/types\/post"}],"author":[{"embeddable":true,"href":"https:\/\/jorgezanoni.com.br\/2019\/wp-json\/wp\/v2\/users\/1"}],"replies":[{"embeddable":true,"href":"https:\/\/jorgezanoni.com.br\/2019\/wp-json\/wp\/v2\/comments?post=31104"}],"version-history":[{"count":0,"href":"https:\/\/jorgezanoni.com.br\/2019\/wp-json\/wp\/v2\/posts\/31104\/revisions"}],"wp:featuredmedia":[{"embeddable":true,"href":"https:\/\/jorgezanoni.com.br\/2019\/wp-json\/wp\/v2\/media\/31105"}],"wp:attachment":[{"href":"https:\/\/jorgezanoni.com.br\/2019\/wp-json\/wp\/v2\/media?parent=31104"}],"wp:term":[{"taxonomy":"category","embeddable":true,"href":"https:\/\/jorgezanoni.com.br\/2019\/wp-json\/wp\/v2\/categories?post=31104"},{"taxonomy":"post_tag","embeddable":true,"href":"https:\/\/jorgezanoni.com.br\/2019\/wp-json\/wp\/v2\/tags?post=31104"}],"curies":[{"name":"wp","href":"https:\/\/api.w.org\/{rel}","templated":true}]}}