{"id":31101,"date":"2020-07-21T00:36:06","date_gmt":"2020-07-21T00:36:06","guid":{"rendered":"https:\/\/jorgezanoni.com.br\/2019\/?p=31101"},"modified":"2020-07-21T00:36:06","modified_gmt":"2020-07-21T00:36:06","slug":"pre-candidato-a-prefeito-de-panorama-fala-sobre-desistencia-de-pre-a-vice","status":"publish","type":"post","link":"https:\/\/jorgezanoni.com.br\/2019\/pre-candidato-a-prefeito-de-panorama-fala-sobre-desistencia-de-pre-a-vice\/","title":{"rendered":"Pr\u00e9-candidato a prefeito de Panorama fala sobre desist\u00eancia de pr\u00e9 a vice"},"content":{"rendered":"<p style=\"text-align: justify;\"><strong>O Professor Suli pr\u00e9-candidato a Prefeito de Panorama, divulgou comunicado informando que a parceria com o pr\u00e9-candidato a vice Prefeito Dr. Carlos, foi desfeita.<\/strong><\/p>\n<p style=\"text-align: justify;\">Caros amigos, quero comunic\u00e1-los oficialmente que o Dr. Carlos deixou de ser nosso pr\u00e9-candidato a vice-prefeito.<\/p>\n<p style=\"text-align: justify;\">Essa minha pr\u00e9-candidatura a prefeito nasceu de um PROP\u00d3SITO, o de ter uma cidade melhor e mais digna para os cidad\u00e3os de Panorama.<\/p>\n<p style=\"text-align: justify;\">N\u00e3o busco atender interesse pr\u00f3prio, nem vingan\u00e7as pessoais, nem leiloar cargos p\u00fablicos e menos ainda favorecer parentes, pois todo bom administrador e gestor p\u00fablico deve buscar apenas o bem comum da popula\u00e7\u00e3o.<\/p>\n<p style=\"text-align: justify;\">Tenho como princ\u00edpios a lealdade, o respeito, a compreens\u00e3o e a aceita\u00e7\u00e3o do novo. Conto com um grupo que compartilha dos mesmos princ\u00edpios e luta pelo mesmo ideal. Isso \u00e9 o que nos une.<\/p>\n<p style=\"text-align: justify;\">N\u00e3o aceitamos nenhuma atitude que nos desvie desse PROP\u00d3SITO. Se o fizermos e nos acovardarmos, estaremos traindo a n\u00f3s mesmos e aos cidad\u00e3os de Panorama.<\/p>\n<p style=\"text-align: justify;\">Agradecemos ao Dr. Carlos pela confian\u00e7a depositada e pelos conhecimentos compartilhados. Pois n\u00f3s vamos seguir em frente, rumo ao futuro e, se Deus quiser, \u00e0 vit\u00f3ria!<\/p>\n<p style=\"text-align: justify;\">Professor Suli<\/p>\n","protected":false},"excerpt":{"rendered":"<p>O Professor Suli pr\u00e9-candidato a Prefeito de Panorama, divulgou comunicado informando que a parceria com o pr\u00e9-candidato a vice Prefeito Dr. Carlos, foi desfeita. Caros amigos, quero comunic\u00e1-los oficialmente que o Dr. Carlos deixou de ser nosso pr\u00e9-candidato a vice-prefeito. Essa minha pr\u00e9-candidatura a prefeito nasceu de um PROP\u00d3SITO, o de ter uma cidade melhor [&hellip;]<\/p>\n","protected":false},"author":1,"featured_media":31102,"comment_status":"closed","ping_status":"open","sticky":false,"template":"","format":"standard","meta":{"footnotes":""},"categories":[110,116],"tags":[],"class_list":["post-31101","post","type-post","status-publish","format-standard","has-post-thumbnail","hentry","category-noticiasdestaque","category-politicaeeconomia"],"_links":{"self":[{"href":"https:\/\/jorgezanoni.com.br\/2019\/wp-json\/wp\/v2\/posts\/31101","targetHints":{"allow":["GET"]}}],"collection":[{"href":"https:\/\/jorgezanoni.com.br\/2019\/wp-json\/wp\/v2\/posts"}],"about":[{"href":"https:\/\/jorgezanoni.com.br\/2019\/wp-json\/wp\/v2\/types\/post"}],"author":[{"embeddable":true,"href":"https:\/\/jorgezanoni.com.br\/2019\/wp-json\/wp\/v2\/users\/1"}],"replies":[{"embeddable":true,"href":"https:\/\/jorgezanoni.com.br\/2019\/wp-json\/wp\/v2\/comments?post=31101"}],"version-history":[{"count":0,"href":"https:\/\/jorgezanoni.com.br\/2019\/wp-json\/wp\/v2\/posts\/31101\/revisions"}],"wp:featuredmedia":[{"embeddable":true,"href":"https:\/\/jorgezanoni.com.br\/2019\/wp-json\/wp\/v2\/media\/31102"}],"wp:attachment":[{"href":"https:\/\/jorgezanoni.com.br\/2019\/wp-json\/wp\/v2\/media?parent=31101"}],"wp:term":[{"taxonomy":"category","embeddable":true,"href":"https:\/\/jorgezanoni.com.br\/2019\/wp-json\/wp\/v2\/categories?post=31101"},{"taxonomy":"post_tag","embeddable":true,"href":"https:\/\/jorgezanoni.com.br\/2019\/wp-json\/wp\/v2\/tags?post=31101"}],"curies":[{"name":"wp","href":"https:\/\/api.w.org\/{rel}","templated":true}]}}