{"id":31098,"date":"2020-07-20T23:41:21","date_gmt":"2020-07-20T23:41:21","guid":{"rendered":"https:\/\/jorgezanoni.com.br\/2019\/?p=31098"},"modified":"2020-07-20T23:51:32","modified_gmt":"2020-07-20T23:51:32","slug":"policia-civil-recupera-cinco-aparelhos-celulares-em-panorama","status":"publish","type":"post","link":"https:\/\/jorgezanoni.com.br\/2019\/policia-civil-recupera-cinco-aparelhos-celulares-em-panorama\/","title":{"rendered":"Pol\u00edcia Civil recupera cinco aparelhos celulares em Panorama"},"content":{"rendered":"<p style=\"text-align: justify;\">Os aparelhos haviam sido furtados de dois estabelecimentos comerciais na cidade de Panorama.<\/p>\n<p style=\"text-align: justify;\">A Pol\u00edcia Civil, por interm\u00e9dio da Delegacia de Pol\u00edcia de Panorama, recuperou nesta \u00faltima semana cinco aparelhos celulares, os quais haviam sido furtados de dois estabelecimentos situados na cidade de Panorama. Os furtos ocorreram nos dias 2 e 3 do presente m\u00eas, e em ambos os casos houve arrombamento de portas de blindex.<\/p>\n<p style=\"text-align: justify;\">Agentes do setor investiga\u00e7\u00e3o identificaram dois adolescentes como supostos autores dos furtos e com eles foram apreendidos os celulares furtados.<\/p>\n<p style=\"text-align: justify;\">Os menores foram ouvidos e liberados aos respons\u00e1veis. Os aparelhos celulares ap\u00f3s periciados ser\u00e3o entregues aos leg\u00edtimos propriet\u00e1rios.<\/p>\n<p style=\"text-align: justify;\">Fonte: Com. Social Pol\u00edcia Civil<\/p>\n","protected":false},"excerpt":{"rendered":"<p>Os aparelhos haviam sido furtados de dois estabelecimentos comerciais na cidade de Panorama. A Pol\u00edcia Civil, por interm\u00e9dio da Delegacia de Pol\u00edcia de Panorama, recuperou nesta \u00faltima semana cinco aparelhos celulares, os quais haviam sido furtados de dois estabelecimentos situados na cidade de Panorama. Os furtos ocorreram nos dias 2 e 3 do presente m\u00eas, [&hellip;]<\/p>\n","protected":false},"author":1,"featured_media":31099,"comment_status":"closed","ping_status":"open","sticky":false,"template":"","format":"standard","meta":{"footnotes":""},"categories":[110,2],"tags":[],"class_list":["post-31098","post","type-post","status-publish","format-standard","has-post-thumbnail","hentry","category-noticiasdestaque","category-policial"],"_links":{"self":[{"href":"https:\/\/jorgezanoni.com.br\/2019\/wp-json\/wp\/v2\/posts\/31098","targetHints":{"allow":["GET"]}}],"collection":[{"href":"https:\/\/jorgezanoni.com.br\/2019\/wp-json\/wp\/v2\/posts"}],"about":[{"href":"https:\/\/jorgezanoni.com.br\/2019\/wp-json\/wp\/v2\/types\/post"}],"author":[{"embeddable":true,"href":"https:\/\/jorgezanoni.com.br\/2019\/wp-json\/wp\/v2\/users\/1"}],"replies":[{"embeddable":true,"href":"https:\/\/jorgezanoni.com.br\/2019\/wp-json\/wp\/v2\/comments?post=31098"}],"version-history":[{"count":0,"href":"https:\/\/jorgezanoni.com.br\/2019\/wp-json\/wp\/v2\/posts\/31098\/revisions"}],"wp:featuredmedia":[{"embeddable":true,"href":"https:\/\/jorgezanoni.com.br\/2019\/wp-json\/wp\/v2\/media\/31099"}],"wp:attachment":[{"href":"https:\/\/jorgezanoni.com.br\/2019\/wp-json\/wp\/v2\/media?parent=31098"}],"wp:term":[{"taxonomy":"category","embeddable":true,"href":"https:\/\/jorgezanoni.com.br\/2019\/wp-json\/wp\/v2\/categories?post=31098"},{"taxonomy":"post_tag","embeddable":true,"href":"https:\/\/jorgezanoni.com.br\/2019\/wp-json\/wp\/v2\/tags?post=31098"}],"curies":[{"name":"wp","href":"https:\/\/api.w.org\/{rel}","templated":true}]}}