{"id":31095,"date":"2020-07-20T23:30:13","date_gmt":"2020-07-20T23:30:13","guid":{"rendered":"https:\/\/jorgezanoni.com.br\/2019\/?p=31095"},"modified":"2020-07-20T23:30:13","modified_gmt":"2020-07-20T23:30:13","slug":"cometa-neowise-podera-ser-visto-a-olho-nu-no-brasil-saiba-como-ve-lo","status":"publish","type":"post","link":"https:\/\/jorgezanoni.com.br\/2019\/cometa-neowise-podera-ser-visto-a-olho-nu-no-brasil-saiba-como-ve-lo\/","title":{"rendered":"Cometa Neowise poder\u00e1 ser visto a olho nu no Brasil; saiba como v\u00ea-lo"},"content":{"rendered":"<h2 class=\"subtitulo-post\" style=\"text-align: justify;\">O cometa tornou-se vis\u00edvel em 3 de julho, quando atingiu seu peri\u00e9lio ponto de sua \u00f3rbita mais pr\u00f3ximo do Sol.<\/h2>\n<p style=\"text-align: justify;\">Descoberto\u00a0<a href=\"https:\/\/www.nasa.gov\/press-release\/nasa-to-highlight-comet-neowise-with-public-broadcast-media-teleconference\/\" target=\"_blank\" rel=\"noopener noreferrer\" data-gtm-event-category=\"catraca-livre:conteudo\" data-gtm-event-action=\"clique:link:em-marco-pela-nasa\" data-gtm-event-label=\"https:\/\/www.nasa.gov\/press-release\/nasa-to-highlight-comet-neowise-with-public-broadcast-media-teleconference\/\">em mar\u00e7o pela Nasa,<\/a>\u00a0o cometa Neowise poder\u00e1 ser visto a olho nu pelos brasileiros a partir da pr\u00f3xima semana.<\/p>\n<p style=\"text-align: justify;\">Na segunda-feira, 20, ele ser\u00e1 vis\u00edvel apenas para os estados mais ao norte do pa\u00eds, como Roraima e Amap\u00e1, no in\u00edcio da noite.\u00a0Na quarta-feira, 22, os moradores de S\u00e3o Paulo, Rio e Esp\u00edrito Santo poder\u00e3o ver o cometa\u00a0Neowise com maior nitidez. J\u00e1 os habitantes do Sul do pa\u00eds, por volta do dia 26.<\/p>\n<p style=\"text-align: justify;\">De acordo com a Nasa, a aproxima\u00e7\u00e3o m\u00e1xima da Terra ser\u00e1 em 23 de julho, como o cometa estar\u00e1 a 103 milh\u00f5es de quil\u00f4metros.<\/p>\n<p style=\"text-align: justify;\">A pr\u00f3xima \u201cpassagem\u201d do Neowise pela Terra ser\u00e1 daqui a 6.800 anos.<\/p>\n<p style=\"text-align: justify;\">Fonte: https:\/\/catracalivre.com.br\/viagem-livre\/cometa-neowise-podera-ser-visto-a-olho-nu-no-brasil-saiba-como-ve-lo\/<\/p>\n","protected":false},"excerpt":{"rendered":"<p>O cometa tornou-se vis\u00edvel em 3 de julho, quando atingiu seu peri\u00e9lio ponto de sua \u00f3rbita mais pr\u00f3ximo do Sol. Descoberto\u00a0em mar\u00e7o pela Nasa,\u00a0o cometa Neowise poder\u00e1 ser visto a olho nu pelos brasileiros a partir da pr\u00f3xima semana. Na segunda-feira, 20, ele ser\u00e1 vis\u00edvel apenas para os estados mais ao norte do pa\u00eds, como [&hellip;]<\/p>\n","protected":false},"author":1,"featured_media":31096,"comment_status":"closed","ping_status":"open","sticky":false,"template":"","format":"standard","meta":{"footnotes":""},"categories":[114,110],"tags":[],"class_list":["post-31095","post","type-post","status-publish","format-standard","has-post-thumbnail","hentry","category-geralecomercio","category-noticiasdestaque"],"_links":{"self":[{"href":"https:\/\/jorgezanoni.com.br\/2019\/wp-json\/wp\/v2\/posts\/31095","targetHints":{"allow":["GET"]}}],"collection":[{"href":"https:\/\/jorgezanoni.com.br\/2019\/wp-json\/wp\/v2\/posts"}],"about":[{"href":"https:\/\/jorgezanoni.com.br\/2019\/wp-json\/wp\/v2\/types\/post"}],"author":[{"embeddable":true,"href":"https:\/\/jorgezanoni.com.br\/2019\/wp-json\/wp\/v2\/users\/1"}],"replies":[{"embeddable":true,"href":"https:\/\/jorgezanoni.com.br\/2019\/wp-json\/wp\/v2\/comments?post=31095"}],"version-history":[{"count":0,"href":"https:\/\/jorgezanoni.com.br\/2019\/wp-json\/wp\/v2\/posts\/31095\/revisions"}],"wp:featuredmedia":[{"embeddable":true,"href":"https:\/\/jorgezanoni.com.br\/2019\/wp-json\/wp\/v2\/media\/31096"}],"wp:attachment":[{"href":"https:\/\/jorgezanoni.com.br\/2019\/wp-json\/wp\/v2\/media?parent=31095"}],"wp:term":[{"taxonomy":"category","embeddable":true,"href":"https:\/\/jorgezanoni.com.br\/2019\/wp-json\/wp\/v2\/categories?post=31095"},{"taxonomy":"post_tag","embeddable":true,"href":"https:\/\/jorgezanoni.com.br\/2019\/wp-json\/wp\/v2\/tags?post=31095"}],"curies":[{"name":"wp","href":"https:\/\/api.w.org\/{rel}","templated":true}]}}