{"id":31063,"date":"2020-07-20T15:09:01","date_gmt":"2020-07-20T15:09:01","guid":{"rendered":"https:\/\/jorgezanoni.com.br\/2019\/?p=31063"},"modified":"2020-07-20T15:09:01","modified_gmt":"2020-07-20T15:09:01","slug":"carreta-carregada-com-moveis-tomba-em-alca-de-acesso-em-presidente-prudente","status":"publish","type":"post","link":"https:\/\/jorgezanoni.com.br\/2019\/carreta-carregada-com-moveis-tomba-em-alca-de-acesso-em-presidente-prudente\/","title":{"rendered":"Carreta carregada com m\u00f3veis tomba em al\u00e7a de acesso em Presidente Prudente"},"content":{"rendered":"<h2 class=\"content-head__subtitle\" style=\"text-align: justify;\"><strong>Tr\u00e2nsito no trecho segue no sistema pare e siga. Pol\u00edcia Rodovi\u00e1ria ressalta que motoristas devem redobrar a aten\u00e7\u00e3o ao passar pelo local.<\/strong><\/h2>\n<div class=\"mc-column content-text active-extra-styles \" data-block-type=\"unstyled\" data-block-weight=\"32\" data-block-id=\"2\">\n<p class=\"content-text__container \" style=\"text-align: justify;\" data-track-category=\"Link no Texto\" data-track-links=\"\">Uma carreta carregada de m\u00f3veis tombou na al\u00e7a de acesso que liga as rodovias Raposo Tavares (SP-270) e Assis Chateaubriand (SP-425), em\u00a0<a href=\"http:\/\/g1.globo.com\/sp\/presidente-prudente-regiao\/cidade\/presidente-prudente.html\">Presidente Prudente<\/a>. O acidente foi na manh\u00e3 desta segunda-feira (20).<\/p>\n<\/div>\n<div class=\"wall protected-content\">\n<div class=\"mc-column content-text active-extra-styles \" style=\"text-align: justify;\" data-block-type=\"unstyled\" data-block-weight=\"25\" data-block-id=\"3\">\n<p class=\"content-text__container \" data-track-category=\"Link no Texto\" data-track-links=\"\">De acordo com a Pol\u00edcia Rodovi\u00e1ria, a via ficou interditada por um tempo e agora est\u00e1 no sistema pare e siga, com uma pista interditada.<\/p>\n<\/div>\n<div class=\"mc-column content-text active-extra-styles \" style=\"text-align: justify;\" data-block-type=\"unstyled\" data-block-weight=\"13\" data-block-id=\"4\">\n<p class=\"content-text__container \" data-track-category=\"Link no Texto\" data-track-links=\"\">A Pol\u00edcia Rodovi\u00e1ria ressaltou que \u00e9 preciso ter aten\u00e7\u00e3o ao passar pela \u00e1rea.<\/p>\n<\/div>\n<div class=\"mc-column content-text active-extra-styles \" style=\"text-align: justify;\" data-block-type=\"unstyled\" data-block-weight=\"24\" data-block-id=\"5\">\n<p class=\"content-text__container \" data-track-category=\"Link no Texto\" data-track-links=\"\">O Corpo de Bombeiros foi acionado para socorrer o motorista, que sofreu ferimentos de natureza leve e foi levado para o Hospital Regional (HR).<\/p>\n<\/div>\n<div class=\"mc-column content-text active-extra-styles \" style=\"text-align: justify;\" data-block-type=\"unstyled\" data-block-weight=\"12\" data-block-id=\"6\">\n<p class=\"content-text__container \" data-track-category=\"Link no Texto\" data-track-links=\"\">Ainda n\u00e3o h\u00e1 previs\u00e3o de quando o caminh\u00e3o ser\u00e1 retirado do local.<\/p>\n<\/div>\n<div class=\"row medium-uncollapsed content-media content-photo\" style=\"text-align: justify;\" data-block-type=\"backstage-photo\" data-block-id=\"7\">\n<div class=\"mc-column content-media__container\">\n<figure><img decoding=\"async\" class=\"i-amphtml-fill-content i-amphtml-replaced-content\" src=\"https:\/\/s2.glbimg.com\/uvR0-8dl1PiW9ZDOlev9-kNqdcQ=\/0x0:1280x590\/984x0\/smart\/filters:strip_icc()\/i.s3.glbimg.com\/v1\/AUTH_59edd422c0c84a879bd37670ae4f538a\/internal_photos\/bs\/2020\/a\/l\/Xn7K86RlSLomsibVK8HQ\/whatsapp-image-2020-07-20-at-10.58.27.jpeg\" sizes=\"(max-width: 1242px) 648px, 100vw\" srcset=\"https:\/\/s2.glbimg.com\/kYrOzVcvYl2-LGMcWHNLqvdcnp4=\/0x0:1280x590\/1000x0\/smart\/filters:strip_icc()\/i.s3.glbimg.com\/v1\/AUTH_59edd422c0c84a879bd37670ae4f538a\/internal_photos\/bs\/2020\/a\/l\/Xn7K86RlSLomsibVK8HQ\/whatsapp-image-2020-07-20-at-10.58.27.jpeg 1000w, https:\/\/s2.glbimg.com\/uvR0-8dl1PiW9ZDOlev9-kNqdcQ=\/0x0:1280x590\/984x0\/smart\/filters:strip_icc()\/i.s3.glbimg.com\/v1\/AUTH_59edd422c0c84a879bd37670ae4f538a\/internal_photos\/bs\/2020\/a\/l\/Xn7K86RlSLomsibVK8HQ\/whatsapp-image-2020-07-20-at-10.58.27.jpeg 984w, https:\/\/s2.glbimg.com\/t5VCwqVfU_-c2MQxw0SwavxOZAE=\/0x0:1280x590\/640x0\/smart\/filters:strip_icc()\/i.s3.glbimg.com\/v1\/AUTH_59edd422c0c84a879bd37670ae4f538a\/internal_photos\/bs\/2020\/a\/l\/Xn7K86RlSLomsibVK8HQ\/whatsapp-image-2020-07-20-at-10.58.27.jpeg 640w, https:\/\/s2.glbimg.com\/wfrkzyrAbDYmU12gLbbE4yYQSyc=\/0x0:1280x590\/600x0\/smart\/filters:strip_icc()\/i.s3.glbimg.com\/v1\/AUTH_59edd422c0c84a879bd37670ae4f538a\/internal_photos\/bs\/2020\/a\/l\/Xn7K86RlSLomsibVK8HQ\/whatsapp-image-2020-07-20-at-10.58.27.jpeg 600w\" alt=\"Carreta carregada com m\u00f3veis tomba em Presidente Prudente \u2014 Foto: Paula Sieplin\/TV Fronteira \" \/><\/figure>\n<p class=\"content-media__description \">Carreta carregada com m\u00f3veis tomba em Presidente Prudente \u2014 Foto: Paula Sieplin\/TV Fronteira<\/p>\n<\/div>\n<\/div>\n<div class=\"content-ads content-ads--reveal\" style=\"text-align: justify;\" data-block-type=\"ads\" data-block-id=\"8\">\n<div id=\"banner_materia2\" class=\"tag-manager-publicidade-container mc-has-reveal mc-has-ad-lazyload tag-manager-publicidade-banner_materia2 tag-manager-publicidade-container--carregado tag-manager-publicidade-container--visivel\" data-id=\"banner_materia2\" data-google-query-id=\"CMu61N2N3OoCFQgTwwod3ZQKTQ\" data-cid=\"138317647144\" data-lid=\"5418674841\">\n<div id=\"google_ads_iframe_\/95377733\/tvg_G1\/Sua_Regiao&gt;Sudeste&gt;Sao_Paulo_(Pres_Prudente)_2__container__\" style=\"box-sizing: inherit; margin: auto; padding: 0px; border: 0pt none; font: inherit; vertical-align: baseline; width: 970px; max-width: 100%; text-align: center;\"><img decoding=\"async\" class=\"i-amphtml-fill-content i-amphtml-replaced-content\" src=\"https:\/\/s2.glbimg.com\/KEZCkC4qDHaspq0R_SX4FnAcjHk=\/0x0:1280x590\/984x0\/smart\/filters:strip_icc()\/i.s3.glbimg.com\/v1\/AUTH_59edd422c0c84a879bd37670ae4f538a\/internal_photos\/bs\/2020\/E\/3\/tuCKtxSHGFzQerxpTdOA\/whatsapp-image-2020-07-20-at-10.58.25-4-.jpeg\" sizes=\"(max-width: 1242px) 648px, 100vw\" srcset=\"https:\/\/s2.glbimg.com\/8lee9AuqadHAPW-rKr3WWHxh60g=\/0x0:1280x590\/1000x0\/smart\/filters:strip_icc()\/i.s3.glbimg.com\/v1\/AUTH_59edd422c0c84a879bd37670ae4f538a\/internal_photos\/bs\/2020\/E\/3\/tuCKtxSHGFzQerxpTdOA\/whatsapp-image-2020-07-20-at-10.58.25-4-.jpeg 1000w, https:\/\/s2.glbimg.com\/KEZCkC4qDHaspq0R_SX4FnAcjHk=\/0x0:1280x590\/984x0\/smart\/filters:strip_icc()\/i.s3.glbimg.com\/v1\/AUTH_59edd422c0c84a879bd37670ae4f538a\/internal_photos\/bs\/2020\/E\/3\/tuCKtxSHGFzQerxpTdOA\/whatsapp-image-2020-07-20-at-10.58.25-4-.jpeg 984w, https:\/\/s2.glbimg.com\/pPI4B9ABcGU1dETY9L1BMEW_DGA=\/0x0:1280x590\/640x0\/smart\/filters:strip_icc()\/i.s3.glbimg.com\/v1\/AUTH_59edd422c0c84a879bd37670ae4f538a\/internal_photos\/bs\/2020\/E\/3\/tuCKtxSHGFzQerxpTdOA\/whatsapp-image-2020-07-20-at-10.58.25-4-.jpeg 640w, https:\/\/s2.glbimg.com\/OQr5t42W777rQt8I0CL0aHFWCpA=\/0x0:1280x590\/600x0\/smart\/filters:strip_icc()\/i.s3.glbimg.com\/v1\/AUTH_59edd422c0c84a879bd37670ae4f538a\/internal_photos\/bs\/2020\/E\/3\/tuCKtxSHGFzQerxpTdOA\/whatsapp-image-2020-07-20-at-10.58.25-4-.jpeg 600w\" alt=\"Carreta carregada com m\u00f3veis tomba em Presidente Prudente \u2014 Foto: Paula Sieplin\/TV Fronteira \" \/><\/div>\n<\/div>\n<\/div>\n<div class=\"row medium-uncollapsed content-media content-photo\" style=\"text-align: justify;\" data-block-type=\"backstage-photo\" data-block-id=\"9\">\n<div class=\"mc-column content-media__container\">\n<p class=\"content-media__description \">Carreta carregada com m\u00f3veis tomba em Presidente Prudente \u2014 Foto: Paula Sieplin\/TV Fronteira<\/p>\n<\/div>\n<\/div>\n<div class=\"row medium-uncollapsed content-media content-photo\" style=\"text-align: justify;\" data-block-type=\"backstage-photo\" data-block-id=\"10\">\n<div class=\"mc-column content-media__container\">\n<figure><img decoding=\"async\" class=\"i-amphtml-fill-content i-amphtml-replaced-content\" src=\"https:\/\/s2.glbimg.com\/oiTAPrGJ90Jwk93t8x-2BfFjfU4=\/0x0:1280x531\/984x0\/smart\/filters:strip_icc()\/i.s3.glbimg.com\/v1\/AUTH_59edd422c0c84a879bd37670ae4f538a\/internal_photos\/bs\/2020\/Z\/h\/AuJ9aZTRA7EncJV0cY3g\/whatsapp-image-2020-07-20-at-10.58.25.jpeg\" sizes=\"(max-width: 1242px) 648px, 100vw\" srcset=\"https:\/\/s2.glbimg.com\/KLpBk_36RSbgdEC_9eCsNWYNdss=\/0x0:1280x531\/1000x0\/smart\/filters:strip_icc()\/i.s3.glbimg.com\/v1\/AUTH_59edd422c0c84a879bd37670ae4f538a\/internal_photos\/bs\/2020\/Z\/h\/AuJ9aZTRA7EncJV0cY3g\/whatsapp-image-2020-07-20-at-10.58.25.jpeg 1000w, https:\/\/s2.glbimg.com\/oiTAPrGJ90Jwk93t8x-2BfFjfU4=\/0x0:1280x531\/984x0\/smart\/filters:strip_icc()\/i.s3.glbimg.com\/v1\/AUTH_59edd422c0c84a879bd37670ae4f538a\/internal_photos\/bs\/2020\/Z\/h\/AuJ9aZTRA7EncJV0cY3g\/whatsapp-image-2020-07-20-at-10.58.25.jpeg 984w, https:\/\/s2.glbimg.com\/krFdkCLM-a3EDnW5sAX9nCUYSFc=\/0x0:1280x531\/640x0\/smart\/filters:strip_icc()\/i.s3.glbimg.com\/v1\/AUTH_59edd422c0c84a879bd37670ae4f538a\/internal_photos\/bs\/2020\/Z\/h\/AuJ9aZTRA7EncJV0cY3g\/whatsapp-image-2020-07-20-at-10.58.25.jpeg 640w, https:\/\/s2.glbimg.com\/qo458rBz-zDgZpoNRYCfVSWljEQ=\/0x0:1280x531\/600x0\/smart\/filters:strip_icc()\/i.s3.glbimg.com\/v1\/AUTH_59edd422c0c84a879bd37670ae4f538a\/internal_photos\/bs\/2020\/Z\/h\/AuJ9aZTRA7EncJV0cY3g\/whatsapp-image-2020-07-20-at-10.58.25.jpeg 600w\" alt=\"Acidente interferiu no tr\u00e2nsito no local \u2014 Foto: Paula Sieplin\/TV Fronteira\" \/><\/figure>\n<p class=\"content-media__description \">Acidente interferiu no tr\u00e2nsito no local \u2014 Foto: Paula Sieplin\/TV Fronteira<\/p>\n<\/div>\n<\/div>\n<div class=\"row medium-uncollapsed content-media content-photo\" data-block-type=\"backstage-photo\" data-block-id=\"11\">\n<div class=\"mc-column content-media__container\">\n<figure style=\"text-align: justify;\"><img decoding=\"async\" class=\"i-amphtml-fill-content i-amphtml-replaced-content\" src=\"https:\/\/s2.glbimg.com\/O30Uk4CkxFG2M_v0XQf_TIrzXLY=\/0x0:1280x720\/984x0\/smart\/filters:strip_icc()\/i.s3.glbimg.com\/v1\/AUTH_59edd422c0c84a879bd37670ae4f538a\/internal_photos\/bs\/2020\/w\/A\/lLnwj3Q4eFviquVzfBzA\/whatsapp-image-2020-07-20-at-11.01.37.jpeg\" sizes=\"(max-width: 1242px) 648px, 100vw\" srcset=\"https:\/\/s2.glbimg.com\/zAqeZVbT2EMRNnjQsQBsULpUWbg=\/0x0:1280x720\/1000x0\/smart\/filters:strip_icc()\/i.s3.glbimg.com\/v1\/AUTH_59edd422c0c84a879bd37670ae4f538a\/internal_photos\/bs\/2020\/w\/A\/lLnwj3Q4eFviquVzfBzA\/whatsapp-image-2020-07-20-at-11.01.37.jpeg 1000w, https:\/\/s2.glbimg.com\/O30Uk4CkxFG2M_v0XQf_TIrzXLY=\/0x0:1280x720\/984x0\/smart\/filters:strip_icc()\/i.s3.glbimg.com\/v1\/AUTH_59edd422c0c84a879bd37670ae4f538a\/internal_photos\/bs\/2020\/w\/A\/lLnwj3Q4eFviquVzfBzA\/whatsapp-image-2020-07-20-at-11.01.37.jpeg 984w, https:\/\/s2.glbimg.com\/TOfXnGh7Ej5o_8RD6rGY4jlpd4c=\/0x0:1280x720\/640x0\/smart\/filters:strip_icc()\/i.s3.glbimg.com\/v1\/AUTH_59edd422c0c84a879bd37670ae4f538a\/internal_photos\/bs\/2020\/w\/A\/lLnwj3Q4eFviquVzfBzA\/whatsapp-image-2020-07-20-at-11.01.37.jpeg 640w, https:\/\/s2.glbimg.com\/tzV5owjX409DTDHo8WBn96IoAWA=\/0x0:1280x720\/600x0\/smart\/filters:strip_icc()\/i.s3.glbimg.com\/v1\/AUTH_59edd422c0c84a879bd37670ae4f538a\/internal_photos\/bs\/2020\/w\/A\/lLnwj3Q4eFviquVzfBzA\/whatsapp-image-2020-07-20-at-11.01.37.jpeg 600w\" alt=\"Carreta carregada com m\u00f3veis tomba em Presidente Prudente  \u2014 Foto: Pol\u00edcia Rodovi\u00e1ria \" \/><\/figure>\n<p class=\"content-media__description \" style=\"text-align: justify;\">Carreta carregada com m\u00f3veis tomba em Presidente Prudente \u2014 Foto: Pol\u00edcia Rodovi\u00e1ria<\/p>\n<p class=\"content-media__description \" style=\"text-align: justify;\">Fonte: G1<\/p>\n<\/div>\n<\/div>\n<\/div>\n","protected":false},"excerpt":{"rendered":"<p>Tr\u00e2nsito no trecho segue no sistema pare e siga. Pol\u00edcia Rodovi\u00e1ria ressalta que motoristas devem redobrar a aten\u00e7\u00e3o ao passar pelo local. Uma carreta carregada de m\u00f3veis tombou na al\u00e7a de acesso que liga as rodovias Raposo Tavares (SP-270) e Assis Chateaubriand (SP-425), em\u00a0Presidente Prudente. O acidente foi na manh\u00e3 desta segunda-feira (20). De acordo [&hellip;]<\/p>\n","protected":false},"author":1,"featured_media":31064,"comment_status":"closed","ping_status":"open","sticky":false,"template":"","format":"standard","meta":{"footnotes":""},"categories":[170,110],"tags":[],"class_list":["post-31063","post","type-post","status-publish","format-standard","has-post-thumbnail","hentry","category-acidentes","category-noticiasdestaque"],"_links":{"self":[{"href":"https:\/\/jorgezanoni.com.br\/2019\/wp-json\/wp\/v2\/posts\/31063","targetHints":{"allow":["GET"]}}],"collection":[{"href":"https:\/\/jorgezanoni.com.br\/2019\/wp-json\/wp\/v2\/posts"}],"about":[{"href":"https:\/\/jorgezanoni.com.br\/2019\/wp-json\/wp\/v2\/types\/post"}],"author":[{"embeddable":true,"href":"https:\/\/jorgezanoni.com.br\/2019\/wp-json\/wp\/v2\/users\/1"}],"replies":[{"embeddable":true,"href":"https:\/\/jorgezanoni.com.br\/2019\/wp-json\/wp\/v2\/comments?post=31063"}],"version-history":[{"count":0,"href":"https:\/\/jorgezanoni.com.br\/2019\/wp-json\/wp\/v2\/posts\/31063\/revisions"}],"wp:featuredmedia":[{"embeddable":true,"href":"https:\/\/jorgezanoni.com.br\/2019\/wp-json\/wp\/v2\/media\/31064"}],"wp:attachment":[{"href":"https:\/\/jorgezanoni.com.br\/2019\/wp-json\/wp\/v2\/media?parent=31063"}],"wp:term":[{"taxonomy":"category","embeddable":true,"href":"https:\/\/jorgezanoni.com.br\/2019\/wp-json\/wp\/v2\/categories?post=31063"},{"taxonomy":"post_tag","embeddable":true,"href":"https:\/\/jorgezanoni.com.br\/2019\/wp-json\/wp\/v2\/tags?post=31063"}],"curies":[{"name":"wp","href":"https:\/\/api.w.org\/{rel}","templated":true}]}}